{"id":19269,"date":"2025-04-12T06:43:21","date_gmt":"2025-04-12T06:43:21","guid":{"rendered":"https:\/\/www.europesays.com\/fr\/19269\/"},"modified":"2025-04-12T06:43:21","modified_gmt":"2025-04-12T06:43:21","slug":"le-paris-basketball-en-barrages-contre-le-real-monaco-a-rendez-vous-avec-le-barca-en-play-offs","status":"publish","type":"post","link":"https:\/\/www.europesays.com\/fr\/19269\/","title":{"rendered":"le Paris Basketball en barrages contre le Real, Monaco a rendez-vous avec le Bar\u00e7a en play-offs"},"content":{"rendered":"<p>Apr\u00e8s les trois derniers matchs de saison r\u00e9guli\u00e8re, ce vendredi, on conna\u00eet toutes les affiches des play-offs et des barrages de l\u2019Euroligue. Avec deux duels franco-espagnols.<\/p>\n<p class=\"fig-paragraph\">Le verdict est tomb\u00e9. Apr\u00e8s\u00a0<a href=\"http:\/\/www.lefigaro.fr\/sports\/basket\/euroligue-facile-contre-l-alba-berlin-le-paris-basketball-fait-le-boulot-et-croise-les-doigts-20250410\" data-fig-type=\"NewsFlash\" data-gtm-custom-categorie=\"navigation\" data-gtm-custom-action=\"crossclick\" data-gtm-custom-label=\"Contextuel\" data-gtm-event=\"customEventSPE\" data-fig-domain=\"LEFIGARO\" target=\"_blank\" rel=\"noopener\">leur victoire sur l\u2019Alba Berlin<\/a>, vendredi, \u00e0 l\u2019Adidas Arena, lors de la derni\u00e8re journ\u00e9e de la saison r\u00e9guli\u00e8re d\u2019Euroligue, les joueurs du Paris Basketball \u00e9taient encore dans le flou. Suspense total. Ils pouvaient terminer de la sixi\u00e8me \u00e0 la dixi\u00e8me place. Un monde, sachant que la sixi\u00e8me position donnait droit \u00e0 un ticket pour les play-offs tandis que les quatre \u00e9quipes suivantes au classement filent en barrages. Apr\u00e8s les trois derniers matchs de cette longue saison r\u00e9guli\u00e8re, ce vendredi, les d\u00e9s sont jet\u00e9s. Finalement, les n\u00e9ophytes parisiens se classent huiti\u00e8mes.<\/p>\n<p class=\"fig-paragraph\">Afin de rallier les play-offs, ils devront en d\u00e9coudre avec le Real Madrid, l\u2019une des seules \u00e9quipes \u00e0 les avoir battus deux fois en saison r\u00e9guli\u00e8re. \u00abSix, ce serait mieux \u00e9videmment, mais si on doit jouer le play-in, on ne va pas choisir l\u2019adversaire, on croit en nous, on est une \u00e9quipe dangereuse\u00bb,\u00a0<a href=\"http:\/\/www.lefigaro.fr\/sports\/basket\/basket-on-est-une-equipe-dangereuse-martele-tiago-splitter-le-coach-du-paris-basketball-20250410\" data-fig-type=\"NewsFlash\" data-gtm-custom-categorie=\"navigation\" data-gtm-custom-action=\"crossclick\" data-gtm-custom-label=\"Contextuel\" data-gtm-event=\"customEventSPE\" data-fig-domain=\"LEFIGARO\" target=\"_blank\" rel=\"noopener\">martelait Tiago Splitter, le coach du PBB<\/a>, jeudi soir en conf\u00e9rence de presse. \u00abPeu importe l\u2019adversaire, on va jouer avec notre jeu, notre identit\u00e9, nos forces, gommer les petites faiblesses qu\u2019on a parfois pu montrer. Et advienne que pourra\u00bb, lan\u00e7ait pour sa part L\u00e9o Cavali\u00e8re, tandis que Nadir Hifi assurait que les Parisiens sont \u00abcapables de battre tout le monde\u00bb. Mauvaise nouvelle\u00a0? Pr\u00e9vu mardi soir, ce barrage se d\u00e9roulera sur le parquet du Real Madrid, qui s\u2019est impos\u00e9 au buzzer sur les planches du Partizan jeudi soir. Mission impossible\u00a0?<\/p>\n<p>Avantage du terrain pour l\u2019ASM<\/p>\n<p class=\"fig-paragraph\">Rappelons que le Top 4 \u00e9tait d\u2019ores et d\u00e9j\u00e0 fig\u00e9 d\u00e8s jeudi soir, avec l\u2019Olympiakos d\u2019Evan Fournier en t\u00eate devant Fenerbah\u00e7e, le Panathinaikos et l\u2019AS Monaco. C\u2019est avec l\u2019avantage du terrain que les Mon\u00e9gasques d\u00e9fieront le FC Barcelone en quarts de finale des play-offs. 15e au classement final, l\u2019Asvel de Tony Parker suivra tout cela derri\u00e8re le poste de t\u00e9l\u00e9vision.<\/p>\n<p class=\"fig-paragraph\">En cas de victoire \u00e0 Madrid, les joueurs du Paris Basketball s\u2019offriront un duel XXL face au Fener en play-offs. En cas de revers, ce ne serait pas encore termin\u00e9\u00a0: ils seraient oppos\u00e9s vendredi prochain au gagnant du deuxi\u00e8me barrage entre le Bayern (9e) et l\u2019Etoile Rouge (10e). Et l\u00e0, il faudrait se retrousser les manches pour affronter l\u2019armada de l\u2019Olympiakos dans une s\u00e9rie au meilleur des cinq manches. Une chose est s\u00fbre\u00a0: les Parisiens ont d\u2019ores et d\u00e9j\u00e0 r\u00e9ussi leur saison europ\u00e9enne, eux qui disputaient l\u2019Euroligue pour la premi\u00e8re fois apr\u00e8s avoir enlev\u00e9 l\u2019Eurocoupe la saison pass\u00e9e. Un club n\u00e9 en 2018 et promu en Betclic Elite en 2021. La derni\u00e8re affiche connue des play-offs verra s\u2019affronter le Pana et l\u2019Anadolu Efes Istanbul. Showtime.<\/p>\n","protected":false},"excerpt":{"rendered":"Apr\u00e8s les trois derniers matchs de saison r\u00e9guli\u00e8re, ce vendredi, on conna\u00eet toutes les affiches des play-offs et&hellip;\n","protected":false},"author":2,"featured_media":19270,"comment_status":"","ping_status":"","sticky":false,"template":"","format":"standard","meta":{"footnotes":""},"categories":[1888],"tags":[1111,1928,11,1927,7540,2190,1465,1464,2180,2192,814,64,1777,450,2183,674,1011,27,2191,2193,820,2181,2182,12,1926,626,2179,1925,2189,2186,2184,2185,25,1980,2188,2187],"class_list":{"0":"post-19269","1":"post","2":"type-post","3":"status-publish","4":"format-standard","5":"has-post-thumbnail","7":"category-paris","8":"tag-actu","9":"tag-actu-paris","10":"tag-actualites","11":"tag-actualites-paris","12":"tag-as-monaco-basket","13":"tag-asvel","14":"tag-basket","15":"tag-basketball","16":"tag-championnats-deurope","17":"tag-cholet","18":"tag-direct","19":"tag-equipe-de-france","20":"tag-eu","21":"tag-euro","22":"tag-euroligue","23":"tag-europe","24":"tag-fr","25":"tag-france","26":"tag-le-mans","27":"tag-limoges","28":"tag-live","29":"tag-mondial","30":"tag-nba","31":"tag-news","32":"tag-news-paris","33":"tag-paris","34":"tag-paris-basketball","35":"tag-paris-news","36":"tag-photos","37":"tag-play-offs","38":"tag-pro-a","39":"tag-pro-b","40":"tag-republique-francaise","41":"tag-resultats","42":"tag-statistiques","43":"tag-stats"},"share_on_mastodon":{"url":"https:\/\/pubeurope.com\/@fr\/114323640167157201","error":""},"_links":{"self":[{"href":"https:\/\/www.europesays.com\/fr\/wp-json\/wp\/v2\/posts\/19269","targetHints":{"allow":["GET"]}}],"collection":[{"href":"https:\/\/www.europesays.com\/fr\/wp-json\/wp\/v2\/posts"}],"about":[{"href":"https:\/\/www.europesays.com\/fr\/wp-json\/wp\/v2\/types\/post"}],"author":[{"embeddable":true,"href":"https:\/\/www.europesays.com\/fr\/wp-json\/wp\/v2\/users\/2"}],"replies":[{"embeddable":true,"href":"https:\/\/www.europesays.com\/fr\/wp-json\/wp\/v2\/comments?post=19269"}],"version-history":[{"count":0,"href":"https:\/\/www.europesays.com\/fr\/wp-json\/wp\/v2\/posts\/19269\/revisions"}],"wp:featuredmedia":[{"embeddable":true,"href":"https:\/\/www.europesays.com\/fr\/wp-json\/wp\/v2\/media\/19270"}],"wp:attachment":[{"href":"https:\/\/www.europesays.com\/fr\/wp-json\/wp\/v2\/media?parent=19269"}],"wp:term":[{"taxonomy":"category","embeddable":true,"href":"https:\/\/www.europesays.com\/fr\/wp-json\/wp\/v2\/categories?post=19269"},{"taxonomy":"post_tag","embeddable":true,"href":"https:\/\/www.europesays.com\/fr\/wp-json\/wp\/v2\/tags?post=19269"}],"curies":[{"name":"wp","href":"https:\/\/api.w.org\/{rel}","templated":true}]}}