{"id":192703,"date":"2025-06-21T05:27:11","date_gmt":"2025-06-21T05:27:11","guid":{"rendered":"https:\/\/www.europesays.com\/fr\/192703\/"},"modified":"2025-06-21T05:27:11","modified_gmt":"2025-06-21T05:27:11","slug":"le-graffeur-solice-ouvre-sa-premiere-boutique-dans-ce-centre-commercial-de-caen","status":"publish","type":"post","link":"https:\/\/www.europesays.com\/fr\/192703\/","title":{"rendered":"Le graffeur SoLiCe ouvre sa premi\u00e8re boutique dans ce centre commercial de Caen"},"content":{"rendered":"<p>            Par<br \/>\n        <strong><br \/>\n            <a href=\"https:\/\/actu.fr\/auteur\/journaliste-liberte\" title=\"Consulter tous les articles de R\u00e9daction Caen\" target=\"_blank\" rel=\"noopener\">R\u00e9daction Caen<\/a><br \/>\n        <\/strong><\/p>\n<p>        Publi\u00e9 le<\/p>\n<p>            20 juin 2025 \u00e0 6h05        <\/p>\n<p>Depuis qu\u2019il a <a href=\"https:\/\/actu.fr\/normandie\/caen_14118\/solice-a-allume-le-chaudron-olympique-a-caen-un-choix-qui-a-pu-surprendre_61138097.html\" target=\"_blank\" rel=\"noopener\">allum\u00e9 la vasque de la Flamme olympique<\/a> devant l\u2019H\u00f4tel de ville de <b>Caen<\/b> (Calvados) le 31 mai 2024, <b>SoLiCe<\/b> est sorti de l\u2019ombre. Graffeur depuis pr\u00e8s de 30 ans, il est l\u2019auteur de multiples fresques, de commande ou non, dans l\u2019agglo. R\u00e9cemment, il s\u2019est empar\u00e9 <a href=\"https:\/\/actu.fr\/normandie\/caen_14118\/le-graffeur-de-caen-solice-cree-une-fresque-geante-de-plus-de-100-metres-dans-le-tunnel-de-festyland_62499828.html\" target=\"_blank\" rel=\"noopener\">du tunnel d\u2019entr\u00e9e<\/a> du parc d\u2019attractions Festyland et <a href=\"https:\/\/actu.fr\/normandie\/caen_14118\/300-bombes-de-peinture-sont-necessaires-solice-decore-le-nouveau-bateau-de-la-brittany-ferries_62327462.html\" target=\"_blank\" rel=\"noopener\">du pont sup\u00e9rieur<\/a> du dernier navire de la Brittany Ferries.<\/p>\n<p>Proposer du street art \u00ab\u00a0ailleurs que dans la rue\u00a0\u00bb \u00e0 Caen<\/p>\n<p class=\" wall-content\">Pendant deux semaines, ses cr\u00e9ations seront accessibles dans la <b>boutique \u00e9ph\u00e9m\u00e8re<\/b> qu\u2019il ouvre ce vendredi 20 juin 2025 dans le centre commercial des <b>Rives de l\u2019Orne<\/b>.<\/p>\n<p class=\" wall-content\">\u00ab 80% de mes \u0153uvres sont en Normandie \u00bb, expose \u00c9tienne Carpentier alias SoLiCe.<\/p>\n<blockquote class=\"ac-article-quote wall-content\">\n<p>J\u2019aimerais amener les gens \u00e0 d\u00e9couvrir autre chose en se baladant dans mon univers avec des produits exclusifs.<\/p>\n<p>\u00c9tienne Carpentier alias SoLiCe<\/p><\/blockquote>\n<p class=\" wall-content\">C\u2019est la raison qui l\u2019a pouss\u00e9 \u00e0 ouvrir sa premi\u00e8re boutique comme seul exposant, pour que le public \u00ab soit au contact du <a href=\"https:\/\/actu.fr\/tag\/street-art\" target=\"_blank\" rel=\"noopener\">street art<\/a> <b>ailleurs que dans la rue<\/b>, dans un endroit o\u00f9 ils n\u2019ont pas l\u2019habitude de le voir \u00bb.<\/p>\n<p>Une exposition et des goodies\u00a0<\/p>\n<p class=\" wall-content\">La boutique, ouverte jusqu\u2019\u00e0 d\u00e9but juillet, contient <b>une exposition<\/b>, avec \u00e0 l\u2019int\u00e9rieur une mini-maison contenant elle-m\u00eame une exposition, un v\u00e9hicule inspir\u00e9 des voitures de police, des <b>ballons de sport<\/b> design\u00e9s pour l\u2019occasion devant des tableaux repr\u00e9sentant des paniers de basket-ball ou des cages de football, des <b>planches de skate<\/b>, un mur de tee-shirts, un corner shopping et des animations gratuites.<\/p>\n<p class=\" wall-content\">\u00ab On va aussi installer des photos en grands exemplaires du photographe avec qui je travaille, Simon Gosselin, et certaines parties seront pr\u00e9sent\u00e9es sur des socles cr\u00e9\u00e9s par le c\u00e9ramiste de l\u2019Atelier H \u00bb, compl\u00e8te <a href=\"https:\/\/www.solice.me\/\" target=\"_blank\" rel=\"noopener\">SoLiCe<\/a>.<\/p>\n<p>Une voiture \u00e0 tagger<\/p>\n<p class=\" wall-content\">Le graffeur veut faire de sa boutique \u00ab\u00a0quelque chose de participatif\u00a0\u00bb. Achet\u00e9e pour l\u2019occasion, la voiture portera l\u2019inscription Solice, graffiti for all. Chaque visiteur se verra proposer de la tagger avec des feutres chrom\u00e9s. \u00ab C\u2019est une fa\u00e7on de rendre l\u2019art encore un peu plus accessible \u00e0 tous.\u00bb<\/p>\n<p class=\" wall-content\">Les tee-shirts, eux, seront install\u00e9s sur un mur, et SoLiCe les taggera sur place.<\/p>\n<blockquote class=\"ac-article-quote wall-content\">\n<p>On ne sait pas trop comment tient un t-shirt graff\u00e9 dans le temps, mais c\u2019est tr\u00e8s repr\u00e9sentatif de l\u2019art, c\u2019est beau, \u00e9ph\u00e9m\u00e8re, inconstant.<\/p>\n<p>\u00c9tienne Carpentier alias SoLiCe<\/p><\/blockquote>\n<p class=\" wall-content\">D\u2019autres tee-shirts seront mis en vente, floqu\u00e9s sur place. Comme des tableaux photos, des goodies, des casquettes, des cadres, etc. Les prix courent de 7 \u00e0 3 800\u20ac. \u00ab Il y en a pour tous les go\u00fbts, mais aussi pour tous les budgets \u00bb, juge Solice.<\/p>\n<p>De notre correspondante Aude BOURDILLAT<\/p>\n<p class=\" wall-content\">Ce vendredi 20 juin, une soir\u00e9e de vernissage est pr\u00e9vue \u00e0 partir de 18h avec le DJ Phuncky Doyen et des animations.<\/p>\n<p>Pratique. Boutique \u00e9ph\u00e9m\u00e8re Solice, ouverte du vendredi 20 juin au dimanche 5 juillet 2025, du lundi au samedi, de 10h \u00e0 20h, aux Rives de l\u2019Orne \u00e0 Caen (Calvados). Contact : 07 66 86 71 53. Sur <a href=\"https:\/\/www.facebook.com\/SoliceOne\" target=\"_blank\" rel=\"noopener\">Facebook<\/a> et <a href=\"https:\/\/www.instagram.com\/solice\" target=\"_blank\" rel=\"noopener\">Instagram<\/a>.<\/p>\n<p class=\" wall-content\">Suivez toute l\u2019actualit\u00e9 de vos villes et m\u00e9dias favoris en vous inscrivant \u00e0 <a href=\"https:\/\/moncompte.actu.fr\" title=\"D\u00e9couvez Mon Actu\" rel=\"nofollow noopener\" data-trk=\"{&quot;cta&quot;:{&quot;action&quot;:&quot;https:\\\/\\\/moncompte.actu.fr&quot;,&quot;category&quot;:&quot;mon compte&quot;,&quot;from&quot;:&quot;article footer&quot;,&quot;name&quot;:&quot;Mon actu&quot;,&quot;type&quot;:&quot;cta&quot;}}\" target=\"_blank\">Mon Actu<\/a>.<\/p>\n<p>                    <script async src=\"\/\/www.instagram.com\/embed.js\"><\/script><\/p>\n","protected":false},"excerpt":{"rendered":"Par R\u00e9daction Caen Publi\u00e9 le 20 juin 2025 \u00e0 6h05 Depuis qu\u2019il a allum\u00e9 la vasque de la&hellip;\n","protected":false},"author":2,"featured_media":192704,"comment_status":"","ping_status":"","sticky":false,"template":"","format":"standard","meta":{"footnotes":""},"categories":[1358],"tags":[1348,1384,1385,5164,1386,58,59,1011,27,3147,104,7189],"class_list":{"0":"post-192703","1":"post","2":"type-post","3":"status-publish","4":"format-standard","5":"has-post-thumbnail","7":"category-arts-et-design","8":"tag-arts","9":"tag-arts-and-design","10":"tag-arts-et-design","11":"tag-calvados","12":"tag-design","13":"tag-divertissement","14":"tag-entertainment","15":"tag-fr","16":"tag-france","17":"tag-nouveaux-commerces","18":"tag-societe","19":"tag-street-art"},"share_on_mastodon":{"url":"https:\/\/pubeurope.com\/@fr\/114719702658277016","error":""},"_links":{"self":[{"href":"https:\/\/www.europesays.com\/fr\/wp-json\/wp\/v2\/posts\/192703","targetHints":{"allow":["GET"]}}],"collection":[{"href":"https:\/\/www.europesays.com\/fr\/wp-json\/wp\/v2\/posts"}],"about":[{"href":"https:\/\/www.europesays.com\/fr\/wp-json\/wp\/v2\/types\/post"}],"author":[{"embeddable":true,"href":"https:\/\/www.europesays.com\/fr\/wp-json\/wp\/v2\/users\/2"}],"replies":[{"embeddable":true,"href":"https:\/\/www.europesays.com\/fr\/wp-json\/wp\/v2\/comments?post=192703"}],"version-history":[{"count":0,"href":"https:\/\/www.europesays.com\/fr\/wp-json\/wp\/v2\/posts\/192703\/revisions"}],"wp:featuredmedia":[{"embeddable":true,"href":"https:\/\/www.europesays.com\/fr\/wp-json\/wp\/v2\/media\/192704"}],"wp:attachment":[{"href":"https:\/\/www.europesays.com\/fr\/wp-json\/wp\/v2\/media?parent=192703"}],"wp:term":[{"taxonomy":"category","embeddable":true,"href":"https:\/\/www.europesays.com\/fr\/wp-json\/wp\/v2\/categories?post=192703"},{"taxonomy":"post_tag","embeddable":true,"href":"https:\/\/www.europesays.com\/fr\/wp-json\/wp\/v2\/tags?post=192703"}],"curies":[{"name":"wp","href":"https:\/\/api.w.org\/{rel}","templated":true}]}}