{"id":192707,"date":"2025-06-21T05:29:25","date_gmt":"2025-06-21T05:29:25","guid":{"rendered":"https:\/\/www.europesays.com\/fr\/192707\/"},"modified":"2025-06-21T05:29:25","modified_gmt":"2025-06-21T05:29:25","slug":"pimprenelle-buzze-le-secret-dethan-et-devoile-tous-les-indices-evidents-qui-lui-ont-permis-de-le-trouver","status":"publish","type":"post","link":"https:\/\/www.europesays.com\/fr\/192707\/","title":{"rendered":"Pimprenelle buzze le secret d&rsquo;Ethan et d\u00e9voile tous les indices \u00e9vidents qui lui ont permis de le trouver !"},"content":{"rendered":"<p>Dans la quotidienne de Secret Story diffus\u00e9e ce vendredi 20 juin, Pimprenelle a d\u00e9clench\u00e9 l&rsquo;alarme des secrets. La candidate a trouv\u00e9 le secret d&rsquo;Ethan qui est le fr\u00e8re du footballeur Eden Hazard. <\/p>\n<p>Diffus\u00e9 ce jeudi 19 juin sur TFX, la premier prime de la saison 13 de Secret Story a \u00e9t\u00e9 riche en rebondissements. Th\u00e9o a \u00e9t\u00e9 \u00e9limin\u00e9 face \u00e0 Pimprenelle et \u00e0 Marianne, et a r\u00e9v\u00e9l\u00e9 son secret <a href=\"https:\/\/www.programme-tv.net\/news\/tele-realite\/381607-theo-secret-story-2025-revient-sur-ses-6-mois-passes-dans-sa-voiture-je-ne-souhaite-a-personne-de-vivre-ce-que-j-ai-vecu\/\" data-api-deeplink=\"teleloisirs:\/\/news\/381607\" rel=\"nofollow noopener\" target=\"_blank\">\u00ab\u00a0J&rsquo;ai v\u00e9cu six mois dans ma voiture\u00a0\u00bb<\/a>, tandis que <a href=\"https:\/\/www.programme-tv.net\/news\/tele-realite\/380805-je-ne-vois-pas-pourquoi-tu-t-enerves-la-nomination-de-drea-secret-story-seme-la-discorde-une-grosse-dispute-eclate-entre-romy-et-aimed\/\" data-api-deeplink=\"teleloisirs:\/\/news\/380805\" rel=\"nofollow noopener\" target=\"_blank\">Dr\u00e9a a \u00e9t\u00e9 nomin\u00e9e pour la semaine prochaine<\/a>. Sauv\u00e9e par le public, Pimprenelle, elle, n&rsquo;a pas perdu de temps pour relancer la chasse aux secrets \u00e0 son retour dans la maison. Depuis le d\u00e9but de l&rsquo;aventure, la jeune femme, <a href=\"https:\/\/www.programme-tv.net\/news\/tele-realite\/380806-le-secret-de-pimprenelle-secret-story-2025-deja-decouvert-la-moitie-de-son-visage-a-ete-reconstruite\/\" data-api-deeplink=\"teleloisirs:\/\/news\/380806\" rel=\"nofollow noopener\" target=\"_blank\">qui a subi une reconstruction du visage<\/a>, est persuad\u00e9e qu&rsquo;Ethan est le fr\u00e8re du footballeur <a href=\"https:\/\/www.programme-tv.net\/biographie\/260352-hazard-eden\/\" data-link-people=\"49f39128-4ceb-4d1f-9c2b-fc406db0bef4\" rel=\"nofollow noopener\" target=\"_blank\">Eden Hazard<\/a>. Un secret qu&rsquo;elle a fini par buzzer.<\/p>\n<p>Pimprenelle (Secret Story) d\u00e9masque Ethan et d\u00e9clenche l&rsquo;alarme des secrets<\/p>\n<p>Dans la quotidienne de ce vendredi 20 juin, Pimprenelle a buzz\u00e9 le secret d&rsquo;Ethan. \u00ab\u00a0<b>Je pense qu&rsquo;Ethan est issu d&rsquo;une fratrie de deux joueurs belges de football mondialement connus<\/b>\u00ab\u00a0, a-t-elle annonc\u00e9 \u00e0 La Voix, avant d&rsquo;\u00e9voquer les indices qui l&rsquo;ont conduite sur cette piste. \u00ab\u00a0Il y a beaucoup d&rsquo;indices qui ne trompent pas.<b> Ethan a les jambes l\u00e9g\u00e8rement arqu\u00e9es comme les footballeurs. Il a pas mal de traces sur les jambes et ce sont des traces de crampons.<\/b> Ensuite, il y a le symbole des Diables rouges qui est pr\u00e9sent dans l&rsquo;antichambre, c&rsquo;est l&rsquo;\u00e9quipe nationale de football belge\u00a0\u00bb, a-t-elle expliqu\u00e9. Et de conclure : \u00ab\u00a0Je pense qu&rsquo;Ethan a pour nom de famille Hazard comme ses fr\u00e8res Thorgan et <a href=\"https:\/\/www.programme-tv.net\/news\/sport\/317385-eden-hazard-qui-est-natacha-van-honacker-la-femme-de-lattaquant-de-la-belgique-photos\/\" data-api-deeplink=\"teleloisirs:\/\/news\/317385\" rel=\"nofollow noopener\" target=\"_blank\">Eden<\/a>. Je suis persuad\u00e9e de son secret et je serais tr\u00e8s fi\u00e8re pour lui s&rsquo;il fait effectivement partie de cette famille.\u00a0\u00bb<\/p>\n<p>                        Ethan (Secret Story) se confie sur la c\u00e9l\u00e9brit\u00e9 de son fr\u00e8re, le footballeur Eden Hazard<\/p>\n<p>Un peu plus d&rsquo;une semaine apr\u00e8s le d\u00e9but de l&rsquo;aventure, Pimprenelle a officiellement trouv\u00e9 le secret d&rsquo;Ethan. Lors du prime de cette semaine, le jeune homme a r\u00e9v\u00e9l\u00e9 son secret au public et s&rsquo;est confi\u00e9 sur <a href=\"https:\/\/www.programme-tv.net\/news\/tele-realite\/381549-les-gens-me-parlent-par-interet-ethan-secret-story-se-confie-sur-ses-difficultes-liees-a-la-celebrite-de-son-frere-le-footballeur-eden-hazard\/\" data-api-deeplink=\"teleloisirs:\/\/news\/381549\" rel=\"nofollow noopener\" target=\"_blank\">les difficult\u00e9s li\u00e9es \u00e0 la c\u00e9l\u00e9brit\u00e9 de son fr\u00e8re Eden Hazard<\/a>. \u00ab\u00a0Ce n&rsquo;est pas toujours facile, j&rsquo;ai l&rsquo;impression que les gens me parlent plus par int\u00e9r\u00eat. Souvent, j&rsquo;arrive \u00e0 cerner ces personnes et je ne parle pas trop avec eux\u00a0\u00bb, a-t-il d\u00e9clar\u00e9. Reste d\u00e9sormais \u00e0 savoir comment Ethan r\u00e9agira en apprenant que Pimprenelle a trouv\u00e9 son secret et s&rsquo;il parviendra \u00e0 la convaincre de retirer son buzz afin de pr\u00e9server sa cagnotte.<\/p>\n","protected":false},"excerpt":{"rendered":"Dans la quotidienne de Secret Story diffus\u00e9e ce vendredi 20 juin, Pimprenelle a d\u00e9clench\u00e9 l&rsquo;alarme des secrets. La&hellip;\n","protected":false},"author":2,"featured_media":192708,"comment_status":"","ping_status":"","sticky":false,"template":"","format":"standard","meta":{"footnotes":""},"categories":[1356],"tags":[244,58,59,33163,1011,27,32482,32483,32725,29901,32480,32481,252,30052,2175,1364],"class_list":{"0":"post-192707","1":"post","2":"type-post","3":"status-publish","4":"format-standard","5":"has-post-thumbnail","7":"category-television","8":"tag-commentaire","9":"tag-divertissement","10":"tag-entertainment","11":"tag-ethan-secret-story-13","12":"tag-fr","13":"tag-france","14":"tag-la-quotidienne-4262024-0705-pm-tfx","15":"tag-la-quotidienne-512024-0530-pm-tf1","16":"tag-pimprenelle-secret-story-13","17":"tag-secret-story","18":"tag-secret-story-4232024-1130-pm-tf1","19":"tag-secret-story-6182024-1130-pm-tf1","20":"tag-television","21":"tag-tfx","22":"tag-tl-story","23":"tag-tv"},"share_on_mastodon":{"url":"https:\/\/pubeurope.com\/@fr\/114719710472323421","error":""},"_links":{"self":[{"href":"https:\/\/www.europesays.com\/fr\/wp-json\/wp\/v2\/posts\/192707","targetHints":{"allow":["GET"]}}],"collection":[{"href":"https:\/\/www.europesays.com\/fr\/wp-json\/wp\/v2\/posts"}],"about":[{"href":"https:\/\/www.europesays.com\/fr\/wp-json\/wp\/v2\/types\/post"}],"author":[{"embeddable":true,"href":"https:\/\/www.europesays.com\/fr\/wp-json\/wp\/v2\/users\/2"}],"replies":[{"embeddable":true,"href":"https:\/\/www.europesays.com\/fr\/wp-json\/wp\/v2\/comments?post=192707"}],"version-history":[{"count":0,"href":"https:\/\/www.europesays.com\/fr\/wp-json\/wp\/v2\/posts\/192707\/revisions"}],"wp:featuredmedia":[{"embeddable":true,"href":"https:\/\/www.europesays.com\/fr\/wp-json\/wp\/v2\/media\/192708"}],"wp:attachment":[{"href":"https:\/\/www.europesays.com\/fr\/wp-json\/wp\/v2\/media?parent=192707"}],"wp:term":[{"taxonomy":"category","embeddable":true,"href":"https:\/\/www.europesays.com\/fr\/wp-json\/wp\/v2\/categories?post=192707"},{"taxonomy":"post_tag","embeddable":true,"href":"https:\/\/www.europesays.com\/fr\/wp-json\/wp\/v2\/tags?post=192707"}],"curies":[{"name":"wp","href":"https:\/\/api.w.org\/{rel}","templated":true}]}}