{"id":192720,"date":"2025-06-21T05:37:09","date_gmt":"2025-06-21T05:37:09","guid":{"rendered":"https:\/\/www.europesays.com\/fr\/192720\/"},"modified":"2025-06-21T05:37:09","modified_gmt":"2025-06-21T05:37:09","slug":"donald-trump-estime-que-le-seuil-de-5-du-pib-ne-devrait-pas-sappliquer-aux-etats-unis","status":"publish","type":"post","link":"https:\/\/www.europesays.com\/fr\/192720\/","title":{"rendered":"Donald Trump estime que le seuil de 5% du PIB ne devrait pas s\u2019appliquer aux \u00c9tats-Unis"},"content":{"rendered":"<p>Le pr\u00e9sident am\u00e9ricain a de nouveau enjoint les pays europ\u00e9ens \u00e0 augmenter leur budget de d\u00e9fense, \u00e0 quelques jours du sommet de l\u2019Otan \u00e0 La Haye.<\/p>\n<p class=\"fig-paragraph\">Donald Trump a estim\u00e9 vendredi que l&rsquo;exigence adress\u00e9e\u00a0<a href=\"http:\/\/www.lefigaro.fr\/international\/donald-trump-se-rendra-aux-pays-bas-fin-juin-au-sommet-de-l-otan-20250603\" data-fig-type=\"NewsFlash\" data-gtm-custom-categorie=\"navigation\" data-gtm-custom-action=\"crossclick\" data-gtm-custom-label=\"Contextuel\" data-gtm-event=\"customEventSPE\" data-fig-domain=\"LEFIGARO\" target=\"_blank\" rel=\"noopener\">aux pays membres<\/a>\u00a0de l&rsquo;Otan de d\u00e9penser l&rsquo;\u00e9quivalent de 5% de leur PIB dans le domaine de la d\u00e9fense ne devrait pas s&rsquo;appliquer aux \u00c9tats-Unis, affirmant que Washington avait d\u00e9j\u00e0 assez d\u00e9pens\u00e9 par le pass\u00e9.<\/p>\n<p class=\"fig-paragraph\">\u00abJe pense qu&rsquo;ils devraient le faire. Je ne pense pas que NOUS devrions le faire\u00bb, a d\u00e9clar\u00e9 le pr\u00e9sident am\u00e9ricain \u00e0 la presse devant l&rsquo;avion pr\u00e9sidentiel Air Force One, au lendemain des d\u00e9clarations du premier ministre espagnol Pedro Sanchez qui a jug\u00e9 ce seuil de 5% non seulement \u00abd\u00e9raisonnable, mais aussi contre-productif\u00bb.<\/p>\n","protected":false},"excerpt":{"rendered":"Le pr\u00e9sident am\u00e9ricain a de nouveau enjoint les pays europ\u00e9ens \u00e0 augmenter leur budget de d\u00e9fense, \u00e0 quelques&hellip;\n","protected":false},"author":2,"featured_media":192721,"comment_status":"","ping_status":"","sticky":false,"template":"","format":"standard","meta":{"footnotes":""},"categories":[5],"tags":[259,11,260,75,73,1011,27,14,261,12,136,262,28],"class_list":{"0":"post-192720","1":"post","2":"type-post","3":"status-publish","4":"format-standard","5":"has-post-thumbnail","7":"category-international","8":"tag-actualite-internationale","9":"tag-actualites","10":"tag-affaires-etrangeres","11":"tag-donald-trump","12":"tag-etats-unis","13":"tag-fr","14":"tag-france","15":"tag-international","16":"tag-ministere-des-affaires-etrangeres","17":"tag-news","18":"tag-otan","19":"tag-politique-etrangere","20":"tag-world"},"share_on_mastodon":{"url":"https:\/\/pubeurope.com\/@fr\/114719742000484482","error":""},"_links":{"self":[{"href":"https:\/\/www.europesays.com\/fr\/wp-json\/wp\/v2\/posts\/192720","targetHints":{"allow":["GET"]}}],"collection":[{"href":"https:\/\/www.europesays.com\/fr\/wp-json\/wp\/v2\/posts"}],"about":[{"href":"https:\/\/www.europesays.com\/fr\/wp-json\/wp\/v2\/types\/post"}],"author":[{"embeddable":true,"href":"https:\/\/www.europesays.com\/fr\/wp-json\/wp\/v2\/users\/2"}],"replies":[{"embeddable":true,"href":"https:\/\/www.europesays.com\/fr\/wp-json\/wp\/v2\/comments?post=192720"}],"version-history":[{"count":0,"href":"https:\/\/www.europesays.com\/fr\/wp-json\/wp\/v2\/posts\/192720\/revisions"}],"wp:featuredmedia":[{"embeddable":true,"href":"https:\/\/www.europesays.com\/fr\/wp-json\/wp\/v2\/media\/192721"}],"wp:attachment":[{"href":"https:\/\/www.europesays.com\/fr\/wp-json\/wp\/v2\/media?parent=192720"}],"wp:term":[{"taxonomy":"category","embeddable":true,"href":"https:\/\/www.europesays.com\/fr\/wp-json\/wp\/v2\/categories?post=192720"},{"taxonomy":"post_tag","embeddable":true,"href":"https:\/\/www.europesays.com\/fr\/wp-json\/wp\/v2\/tags?post=192720"}],"curies":[{"name":"wp","href":"https:\/\/api.w.org\/{rel}","templated":true}]}}