{"id":192747,"date":"2025-06-21T05:56:12","date_gmt":"2025-06-21T05:56:12","guid":{"rendered":"https:\/\/www.europesays.com\/fr\/192747\/"},"modified":"2025-06-21T05:56:12","modified_gmt":"2025-06-21T05:56:12","slug":"alsace-qualite-des-eaux-de-baignade-lars-epingle-reichstett","status":"publish","type":"post","link":"https:\/\/www.europesays.com\/fr\/192747\/","title":{"rendered":"Alsace. Qualit\u00e9 des eaux de baignade\u00a0: l\u2019ARS \u00e9pingle Reichstett"},"content":{"rendered":"<p>\u00c0 la veille de l\u2019ouverture de nombreux lieux de baignade en Alsace et, au-del\u00e0, dans le Grand Est, l\u2019Agence r\u00e9gionale de sant\u00e9 (ARS) a arros\u00e9 les r\u00e9dactions de communiqu\u00e9s valorisant son travail sur la qualit\u00e9 des eaux de baignade. L\u2019ARS publie en effet un classement des lieux r\u00e9glement\u00e9s, \u00e9tabli en fonction des r\u00e9sultats de pr\u00e9l\u00e8vement d\u2019eau effectu\u00e9s sur les derni\u00e8res ann\u00e9es. Il en ressort une liste de 73 lieux de baignade naturelle surveill\u00e9s, et non r\u00e9serv\u00e9s \u00e0 l\u2019usage exclusif de la client\u00e8le d\u2019\u00e9tablissements de tourisme, \u00e0 l\u2019\u00e9chelle de la r\u00e9gion Grand Est. L\u2019agence souligne que sur ces 73 sites, 61 sont class\u00e9s en excellente qualit\u00e9, 6 en bonne qualit\u00e9 (c\u2019est moins bien) et trois en qualit\u00e9 insuffisante (c\u2019est beaucoup moins bien).<\/p>\n<p>\u00c0 l\u2019\u00e9chelle de l\u2019Alsace, on compte 16 sites (*) : 14 dans le Bas-Rhin et 2 dans le Haut-Rhin. Au classement de 2024, 12 sur 14 dans le Bas-Rhin \u00e9taient class\u00e9s en \u00ab\u00a0excellente qualit\u00e9\u00a0\u00bb, le meilleur profil qui soit. Les deux sites haut-rhinois ont eux aussi des eaux \u00ab\u00a0d\u2019excellente qualit\u00e9\u00a0\u00bb. Un ton en dessous, appara\u00eet la baignade Unterrieth \u00e0 Gerstheim, dans le Bas-Rhin, avec ses eaux de \u00ab\u00a0bonne qualit\u00e9\u00a0\u00bb seulement. Mais la lanterne rouge, et de loin, semble \u00eatre le plan d\u2019eau de Reichstett, dont la \u00ab\u00a0qualit\u00e9 insuffisante\u00a0\u00bb est surlign\u00e9e en rouge, et ce pour les ann\u00e9es\u00a02023 et\u00a02024. Un coup dur, \u00e0 la veille de l\u2019ouverture au public, ce samedi. Le plan d\u2019eau de Reichstett \u00e9tait en effet soumis aux d\u00e9bordements de la rivi\u00e8re voisine, la Souffel, qui polluait r\u00e9guli\u00e8rement le site. L\u2019an dernier, des analyses ont r\u00e9v\u00e9l\u00e9, ponctuellement, un taux trop important d\u2019ent\u00e9rocoques, obligeant le maire \u00e0 fermer la baignade pendant deux jours.<\/p>\n<p>  Des buses pour r\u00e9g\u00e9n\u00e9rer l\u2019eau<\/p>\n<p>Alors, explique le premier \u00e9dile, Georges Schuler, la commune a pris les choses en main, en finan\u00e7ant cette ann\u00e9e d\u2019importants travaux, \u00e0 hauteur de 300\u00a0000\u00a0\u20ac. La plage a \u00e9t\u00e9 rehauss\u00e9e, 10\u00a0000 tonnes de sable blanc y ont \u00e9t\u00e9 apport\u00e9es. Et des buses \u00e0 oxyg\u00e8ne ont \u00e9t\u00e9 install\u00e9es pour r\u00e9g\u00e9n\u00e9rer l\u2019eau. Tout \u00e7a sur les recommandations d\u2019un bureau d\u2019\u00e9tudes \u2013 le m\u00eame qui avait \u0153uvr\u00e9 pour rendre la Seine baignable \u00e0 Paris lors des JO. \u00ab\u00a0Ces cinq buses, c\u2019est un peu le m\u00eame syst\u00e8me que dans les aquariums, explique Georges Schuler. Elles sont install\u00e9es tout le long de la ligne d\u2019eau, \u00e0 huit m\u00e8tres de profondeur et elles vont brasser l\u2019eau et la remonter.\u00a0\u00bb<\/p>\n<p>Un gros investissement qui doit faire mentir les r\u00e9sultats de\u00a02023 et\u00a02024 relay\u00e9s ce vendredi par l\u2019ARS. L\u2019espoir, donc, d\u2019atteindre la \u00ab\u00a0bonne\u00a0\u00bb ou \u00ab\u00a0excellente\u00a0\u00bb qualit\u00e9 des eaux de baignade pour 2025. Les quelque 2\u00a0000\u00a0\u00e0 3\u00a0000 baigneurs attendus sur la plage ce week-end en seront ravis.<\/p>\n<p class=\"note\">(*) Bas-Rhin\u00a0: \u00e9tang de la Chapelle \u00e0 Beinheim\u00a0; baignade municipale \u00e0 Benfeld\u00a0; baignade municipale de la Ballasti\u00e8re \u00e0 Bischheim\u00a0; baignade municipale de la Hardt \u00e0 Brumath\u00a0; camping le lac d\u2019Erstein\u00a0; zone de loisirs de Gambsheim\u00a0; baignade Unterrieth de Gerstheim\u00a0; baignade municipale Husacker de Huttenheim\u00a0; lac Achard et Baggersee \u00e0 Illkirch-Graffenstaden\u00a0; baignade municipale \u00ab\u00a0les Mouettes\u00a0\u00bb \u00e0 Lauterbourg\u00a0; baignade municipale Neubiltz \u00e0 Reichstett\u00a0; camping plage Staedly \u00e0 Roeschwoog\u00a0; centre de plein air du Salmengrund \u00e0 Seltz\u00a0; baignade municipale de Wittisheim. Haut-Rhin\u00a0: base nautique de Colmar-Houssen\u00a0; plan d\u2019eau de Reiningue.<\/p>\n","protected":false},"excerpt":{"rendered":"\u00c0 la veille de l\u2019ouverture de nombreux lieux de baignade en Alsace et, au-del\u00e0, dans le Grand Est,&hellip;\n","protected":false},"author":2,"featured_media":192748,"comment_status":"","ping_status":"","sticky":false,"template":"","format":"standard","meta":{"footnotes":""},"categories":[2820],"tags":[1111,11,2389,1687,436,1777,674,107,1011,27,775,12,1800,7092,25,104,640],"class_list":{"0":"post-192747","1":"post","2":"type-post","3":"status-publish","4":"format-standard","5":"has-post-thumbnail","7":"category-strasbourg","8":"tag-actu","9":"tag-actualites","10":"tag-alsace","11":"tag-culture-loisirs","12":"tag-environnement","13":"tag-eu","14":"tag-europe","15":"tag-fil-info","16":"tag-fr","17":"tag-france","18":"tag-grand-est","19":"tag-news","20":"tag-pollution","21":"tag-reichstett","22":"tag-republique-francaise","23":"tag-societe","24":"tag-strasbourg"},"share_on_mastodon":{"url":"https:\/\/pubeurope.com\/@fr\/114719816660662875","error":""},"_links":{"self":[{"href":"https:\/\/www.europesays.com\/fr\/wp-json\/wp\/v2\/posts\/192747","targetHints":{"allow":["GET"]}}],"collection":[{"href":"https:\/\/www.europesays.com\/fr\/wp-json\/wp\/v2\/posts"}],"about":[{"href":"https:\/\/www.europesays.com\/fr\/wp-json\/wp\/v2\/types\/post"}],"author":[{"embeddable":true,"href":"https:\/\/www.europesays.com\/fr\/wp-json\/wp\/v2\/users\/2"}],"replies":[{"embeddable":true,"href":"https:\/\/www.europesays.com\/fr\/wp-json\/wp\/v2\/comments?post=192747"}],"version-history":[{"count":0,"href":"https:\/\/www.europesays.com\/fr\/wp-json\/wp\/v2\/posts\/192747\/revisions"}],"wp:featuredmedia":[{"embeddable":true,"href":"https:\/\/www.europesays.com\/fr\/wp-json\/wp\/v2\/media\/192748"}],"wp:attachment":[{"href":"https:\/\/www.europesays.com\/fr\/wp-json\/wp\/v2\/media?parent=192747"}],"wp:term":[{"taxonomy":"category","embeddable":true,"href":"https:\/\/www.europesays.com\/fr\/wp-json\/wp\/v2\/categories?post=192747"},{"taxonomy":"post_tag","embeddable":true,"href":"https:\/\/www.europesays.com\/fr\/wp-json\/wp\/v2\/tags?post=192747"}],"curies":[{"name":"wp","href":"https:\/\/api.w.org\/{rel}","templated":true}]}}