{"id":192749,"date":"2025-06-21T05:57:11","date_gmt":"2025-06-21T05:57:11","guid":{"rendered":"https:\/\/www.europesays.com\/fr\/192749\/"},"modified":"2025-06-21T05:57:11","modified_gmt":"2025-06-21T05:57:11","slug":"voici-toutes-les-infos-pratiques-a-connaitre","status":"publish","type":"post","link":"https:\/\/www.europesays.com\/fr\/192749\/","title":{"rendered":"voici toutes les infos pratiques \u00e0 conna\u00eetre"},"content":{"rendered":"<p>            Par<br \/>\n        <strong><br \/>\n            <a href=\"https:\/\/actu.fr\/auteur\/ivan-capecchi\" title=\"Consulter tous les articles de Ivan CAPECCHI\" target=\"_blank\" rel=\"noopener\">Ivan CAPECCHI<\/a><br \/>\n        <\/strong><\/p>\n<p>        Publi\u00e9 le<\/p>\n<p>            21 juin 2025 \u00e0 7h02        <\/p>\n<p>La <a href=\"https:\/\/actu.fr\/tag\/fete-de-la-musique\" target=\"_blank\" rel=\"noopener\">F\u00eate de la musique<\/a> se tient ce <strong>samedi 21 juin<\/strong> dans le centre-ville de <strong>Strasbourg<\/strong>, avec des <a href=\"https:\/\/actu.fr\/concert\" target=\"_blank\" rel=\"noopener\">concerts<\/a> pr\u00e9vus jusqu\u2019\u00e0 <strong>minuit<\/strong>.<\/p>\n<p class=\" wall-content\">Pour assurer la s\u00e9curit\u00e9 des festivaliers, la Ville et la <a href=\"https:\/\/actu.fr\/tag\/compagnie-des-transports-strasbourgeois-cts\" target=\"_blank\" rel=\"noopener\">CTS<\/a> mettent en place un dispositif sp\u00e9cial.<\/p>\n<p>La Grande-\u00cele ferm\u00e9e \u00e0 la circulation automobile<\/p>\n<p class=\" wall-content\">D\u00e8s 17h, la Grande-\u00cele sera enti\u00e8rement ferm\u00e9e \u00e0 la <a href=\"https:\/\/actu.fr\/grand-est\/strasbourg_67482\/fete-de-la-musique-a-strasbourg-voici-les-restrictions-de-circulation-et-de-stationnement-prevues_62730376.html\" target=\"_blank\" rel=\"noopener\">circulation automobile, et le stationnement y sera interdit<\/a> d\u00e8s 6h du matin.<\/p>\n<p class=\" wall-content\">L\u2019acc\u00e8s se fera uniquement \u00e0 pied, via les ponts.<\/p>\n<p class=\" wall-content\">Les <strong>parkings Kl\u00e9ber, Broglie et Gutenberg<\/strong> seront \u00e9galement <strong>bloqu\u00e9s entre 17h et 4h<\/strong> du matin.<\/p>\n<p>Vid\u00e9os : en ce moment sur ActuLe dispositif CTS adapt\u00e9<\/p>\n<p class=\" wall-content\">C\u00f4t\u00e9 <strong>transports en commun<\/strong>, les<strong> lignes de tram seront perturb\u00e9es d\u00e8s 17h<\/strong> et certaines lignes de bus, d\u00e9vi\u00e9es.<\/p>\n<p class=\" wall-content\">Entre 17h et 19h, les rames ne marqueront pas l\u2019arr\u00eat aux <strong>stations Broglie, Homme de Fer, Alt Winm\u00e4rik et Langstross Grand\u2019Rue<\/strong>. \u00c0 partir de 19h, <strong>plus aucun tram ne circulera dans le centre-ville jusqu\u2019\u00e0 minuit<\/strong>.<\/p>\n<p>Pensez aux parkings-relais<\/p>\n<p class=\" wall-content\">Des <strong>bus de remplacement<\/strong> et des <strong>terminus d\u00e9port\u00e9s sont pr\u00e9vus<\/strong>, et <strong>la circulation reprendra \u00e0 minuit<\/strong>, avec des <strong>derniers d\u00e9parts jusqu\u2019\u00e0 1h du matin<\/strong>.\u00a0<\/p>\n<p class=\" wall-content\">Les <strong>parkings-relais restent ouverts 24h\/2<\/strong>4, avec un forfait unique \u00e0 4,20 \u20ac pour tous les passagers d\u2019un m\u00eame v\u00e9hicule.<\/p>\n<p>Des stands de pr\u00e9vention contre les violences sexistes<\/p>\n<p class=\" wall-content\">Enfin, des <strong>stands de pr\u00e9vention contre les violences sexistes<\/strong> seront install\u00e9s place d\u2019Austerlitz et place Saint-\u00c9tienne, cette derni\u00e8re accueillant \u00e9galement un espace s\u00e9curis\u00e9 en cas de besoin.<\/p>\n<p class=\" wall-content\">Des <a href=\"https:\/\/actu.fr\/grand-est\/strasbourg_67482\/la-ville-de-strasbourg-lance-un-dispositif-pour-lutter-contre-les-incivilites-du-quotidien_60911220.html\" target=\"_blank\" rel=\"noopener\">m\u00e9diateurs<\/a> et des postes de secours seront pr\u00e9sents sur plusieurs places du centre-ville.<\/p>\n<p class=\" wall-content\">Suivez toute l\u2019actualit\u00e9 de vos villes et m\u00e9dias favoris en vous inscrivant \u00e0 <a href=\"https:\/\/moncompte.actu.fr\" title=\"D\u00e9couvez Mon Actu\" rel=\"nofollow noopener\" data-trk=\"{&quot;cta&quot;:{&quot;action&quot;:&quot;https:\\\/\\\/moncompte.actu.fr&quot;,&quot;category&quot;:&quot;mon compte&quot;,&quot;from&quot;:&quot;article footer&quot;,&quot;name&quot;:&quot;Mon actu&quot;,&quot;type&quot;:&quot;cta&quot;}}\" target=\"_blank\">Mon Actu<\/a>.<\/p>\n<ul class=\"ac-article-tag wall-content\">\n<li><a href=\"https:\/\/actu.fr\/tag\/concert\" data-trk=\"{&quot;cta&quot;:{&quot;action&quot;:&quot;Concert&quot;,&quot;category&quot;:&quot;tag&quot;,&quot;from&quot;:&quot;article footer&quot;,&quot;name&quot;:&quot;Concert&quot;,&quot;type&quot;:&quot;cta&quot;}}\" target=\"_blank\" rel=\"noopener\">#Concert<\/a><\/li>\n<li><a href=\"https:\/\/actu.fr\/tag\/fete-de-la-musique\" data-trk=\"{&quot;cta&quot;:{&quot;action&quot;:&quot;F\\u00eate de la musique&quot;,&quot;category&quot;:&quot;tag&quot;,&quot;from&quot;:&quot;article footer&quot;,&quot;name&quot;:&quot;F\\u00eate de la musique&quot;,&quot;type&quot;:&quot;cta&quot;}}\" target=\"_blank\" rel=\"noopener\">#F\u00eate de la musique<\/a><\/li>\n<\/ul>\n","protected":false},"excerpt":{"rendered":"Par Ivan CAPECCHI Publi\u00e9 le 21 juin 2025 \u00e0 7h02 La F\u00eate de la musique se tient ce&hellip;\n","protected":false},"author":2,"featured_media":186543,"comment_status":"","ping_status":"","sticky":false,"template":"","format":"standard","meta":{"footnotes":""},"categories":[2820],"tags":[1111,11,1697,1777,674,25885,1011,27,775,12,25,104,640],"class_list":{"0":"post-192749","1":"post","2":"type-post","3":"status-publish","4":"format-standard","5":"has-post-thumbnail","7":"category-strasbourg","8":"tag-actu","9":"tag-actualites","10":"tag-concert","11":"tag-eu","12":"tag-europe","13":"tag-fete-de-la-musique","14":"tag-fr","15":"tag-france","16":"tag-grand-est","17":"tag-news","18":"tag-republique-francaise","19":"tag-societe","20":"tag-strasbourg"},"share_on_mastodon":{"url":"https:\/\/pubeurope.com\/@fr\/114719820536434996","error":""},"_links":{"self":[{"href":"https:\/\/www.europesays.com\/fr\/wp-json\/wp\/v2\/posts\/192749","targetHints":{"allow":["GET"]}}],"collection":[{"href":"https:\/\/www.europesays.com\/fr\/wp-json\/wp\/v2\/posts"}],"about":[{"href":"https:\/\/www.europesays.com\/fr\/wp-json\/wp\/v2\/types\/post"}],"author":[{"embeddable":true,"href":"https:\/\/www.europesays.com\/fr\/wp-json\/wp\/v2\/users\/2"}],"replies":[{"embeddable":true,"href":"https:\/\/www.europesays.com\/fr\/wp-json\/wp\/v2\/comments?post=192749"}],"version-history":[{"count":0,"href":"https:\/\/www.europesays.com\/fr\/wp-json\/wp\/v2\/posts\/192749\/revisions"}],"wp:featuredmedia":[{"embeddable":true,"href":"https:\/\/www.europesays.com\/fr\/wp-json\/wp\/v2\/media\/186543"}],"wp:attachment":[{"href":"https:\/\/www.europesays.com\/fr\/wp-json\/wp\/v2\/media?parent=192749"}],"wp:term":[{"taxonomy":"category","embeddable":true,"href":"https:\/\/www.europesays.com\/fr\/wp-json\/wp\/v2\/categories?post=192749"},{"taxonomy":"post_tag","embeddable":true,"href":"https:\/\/www.europesays.com\/fr\/wp-json\/wp\/v2\/tags?post=192749"}],"curies":[{"name":"wp","href":"https:\/\/api.w.org\/{rel}","templated":true}]}}