{"id":192750,"date":"2025-06-21T05:58:09","date_gmt":"2025-06-21T05:58:09","guid":{"rendered":"https:\/\/www.europesays.com\/fr\/192750\/"},"modified":"2025-06-21T05:58:09","modified_gmt":"2025-06-21T05:58:09","slug":"des-salaries-de-lenval-vont-se-rassembler-devant-lhopital-pediatrique-de-nice-enieme-mouvement-dans-une-guerre-avec-le-chu","status":"publish","type":"post","link":"https:\/\/www.europesays.com\/fr\/192750\/","title":{"rendered":"Des salari\u00e9s de Lenval vont se rassembler devant l\u2019h\u00f4pital p\u00e9diatrique de Nice: \u00e9ni\u00e8me mouvement dans une guerre avec le CHU"},"content":{"rendered":"<p>On prend les m\u00eames et on recommence. Un appel au rassemblement a \u00e9t\u00e9 \u00e9mis par les syndicats FO, CFE-CGC et CFTC \u00e0 destination du personnel de la Fondation Lenval. Les salari\u00e9s sont invit\u00e9s \u00e0 se r\u00e9unir devant l\u2019\u00e9tablissement, de 12 heures \u00e0 14 heures le mardi 24 juin 2025.<\/p>\n<p>Leurs revendications sont toujours les m\u00eames &#8211; puisqu\u2019il s\u2019agira du cinqui\u00e8me mouvement qui \u00ab\u00a0fait suite \u00e0 une s\u00e9rie de d\u00e9cisions de la direction prises sans dialogue r\u00e9el avec les repr\u00e9sentants du personnel, et \u00e0 une d\u00e9gradation persistante des conditions de travail, d\u00e9nonc\u00e9e depuis plusieurs mois par les \u00e9quipes, \u00e9voque le communiqu\u00e9 de presse publi\u00e9 le mercredi 18 juin. La souffrance des salari\u00e9s est r\u00e9elle, et elle impacte directement la prise en charge des enfants. Cette situation a \u00e9t\u00e9 signal\u00e9e \u00e0 de nombreuses reprises, sans que des r\u00e9ponses concr\u00e8tes ne soient apport\u00e9es.\u00a0\u00bb<\/p>\n<p>                                <strong>Sans la CFDT pourtant majoritaire<\/strong><\/p>\n<p>Le conflit est bien plus profond et se d\u00e9roule en partie par voie de presse, les uns et les autres s\u2019attaquant par communiqu\u00e9s de presse interpos\u00e9s.<\/p>\n<p>Les politiques s\u2019y mettent aussi puisque le d\u00e9put\u00e9 UDR Eric Ciotti se targuait d\u2019avoir alert\u00e9 le ministre de la Sant\u00e9 (qui a saisi l\u2019Inspection g\u00e9n\u00e9rale des Affaires sociales &#8211; Igas) quand une semaine plus tard Christian Estrosi disait que c\u2019\u00e9tait lui qui en \u00e9tait \u00e0 l\u2019origine.<\/p>\n<p>Ce dernier rappelait dans sa communication du 17 juin ses fonctions: \u00ab\u00a0maire de Nice, pr\u00e9sident de la M\u00e9tropole Nice C\u00f4te d\u2019Azur, pr\u00e9sident d\u00e9l\u00e9gu\u00e9 de la R\u00e9gion Provence-Alpes-C\u00f4te d\u2019Azur\u00a0\u00bb sans toutefois mentionner qu\u2019il est aussi pr\u00e9sident du conseil de surveillance du CHU de Nice.<\/p>\n<p>Du c\u00f4t\u00e9 des syndicats: m\u00eame confusion. La CFDT est majoritaire au sein de la Fondation mais s\u2019oppose \u00e0 ceux qui appellent au rassemblement depuis le d\u00e9but.<\/p>\n<p>Il est donc tr\u00e8s largement question de m\u00e9sententes, de d\u00e9saccords voire d\u2019incompr\u00e9hension entre les diff\u00e9rents acteurs du dossier: des directions aux syndicats en passant par les \u00e9lus, chacun cherchant \u00e0 faire valoir sa position. Mais une chose \u00ab\u00a0les unit\u00a0\u00bb: tous disent agir pour le bien du personnel et de la patient\u00e8le.<\/p>\n","protected":false},"excerpt":{"rendered":"On prend les m\u00eames et on recommence. Un appel au rassemblement a \u00e9t\u00e9 \u00e9mis par les syndicats FO,&hellip;\n","protected":false},"author":2,"featured_media":192751,"comment_status":"","ping_status":"","sticky":false,"template":"","format":"standard","meta":{"footnotes":""},"categories":[2819],"tags":[1111,11,1777,674,1011,27,802,12,2401,882,25,71],"class_list":{"0":"post-192750","1":"post","2":"type-post","3":"status-publish","4":"format-standard","5":"has-post-thumbnail","7":"category-nice","8":"tag-actu","9":"tag-actualites","10":"tag-eu","11":"tag-europe","12":"tag-fr","13":"tag-france","14":"tag-greves-et-mouvements-sociaux","15":"tag-news","16":"tag-nice","17":"tag-provence-alpes-cote-dazur","18":"tag-republique-francaise","19":"tag-sante"},"share_on_mastodon":{"url":"https:\/\/pubeurope.com\/@fr\/114719824530237666","error":""},"_links":{"self":[{"href":"https:\/\/www.europesays.com\/fr\/wp-json\/wp\/v2\/posts\/192750","targetHints":{"allow":["GET"]}}],"collection":[{"href":"https:\/\/www.europesays.com\/fr\/wp-json\/wp\/v2\/posts"}],"about":[{"href":"https:\/\/www.europesays.com\/fr\/wp-json\/wp\/v2\/types\/post"}],"author":[{"embeddable":true,"href":"https:\/\/www.europesays.com\/fr\/wp-json\/wp\/v2\/users\/2"}],"replies":[{"embeddable":true,"href":"https:\/\/www.europesays.com\/fr\/wp-json\/wp\/v2\/comments?post=192750"}],"version-history":[{"count":0,"href":"https:\/\/www.europesays.com\/fr\/wp-json\/wp\/v2\/posts\/192750\/revisions"}],"wp:featuredmedia":[{"embeddable":true,"href":"https:\/\/www.europesays.com\/fr\/wp-json\/wp\/v2\/media\/192751"}],"wp:attachment":[{"href":"https:\/\/www.europesays.com\/fr\/wp-json\/wp\/v2\/media?parent=192750"}],"wp:term":[{"taxonomy":"category","embeddable":true,"href":"https:\/\/www.europesays.com\/fr\/wp-json\/wp\/v2\/categories?post=192750"},{"taxonomy":"post_tag","embeddable":true,"href":"https:\/\/www.europesays.com\/fr\/wp-json\/wp\/v2\/tags?post=192750"}],"curies":[{"name":"wp","href":"https:\/\/api.w.org\/{rel}","templated":true}]}}