{"id":192754,"date":"2025-06-21T06:01:16","date_gmt":"2025-06-21T06:01:16","guid":{"rendered":"https:\/\/www.europesays.com\/fr\/192754\/"},"modified":"2025-06-21T06:01:16","modified_gmt":"2025-06-21T06:01:16","slug":"29-mm-en-une-heure-a-nantes-sous-un-orage-diluvien","status":"publish","type":"post","link":"https:\/\/www.europesays.com\/fr\/192754\/","title":{"rendered":"29 mm en une heure \u00e0 Nantes sous un orage diluvien"},"content":{"rendered":"<p>Jusqu&rsquo;\u00e0 ce soir la Chaine M\u00e9t\u00e9o suit de pr\u00e8s la forte d\u00e9gradation orageuse qui s&rsquo;amorce cet apr\u00e8s-midi par le nord-ouest. C&rsquo;est en soir\u00e9e que l&rsquo;on attend les orages les plus violents avec pluies intenses, gr\u00eale et violentes rafales de vent.<\/p>\n<p><a class=\"link\" href=\"https:\/\/actualite.lachainemeteo.com\/actualite-meteo\/2025-06-13\/suivi-des-orages-violents-29-mm-en-une-heure-a-nantes-sous-un-orage-diluvien-78944\" data-ylk=\"\" target=\"_blank\" rel=\"noopener\"><img decoding=\"async\" class=\"caas-img caas-lazy\" alt=\"video\" src=\"https:\/\/www.europesays.com\/fr\/wp-content\/uploads\/2025\/06\/fc8204241793b0a05e7397c875625b0a.jpeg\"\/><\/a><\/p>\n<p>\ud83c\udfac Vid\u00e9o &#8211; La Cha\u00eene M\u00e9t\u00e9o &#8211; Suivi des orages violents ce vendredi<\/p>\n<p><strong>A 15h30<\/strong>, des orages \u00e9clatent entre le sud de la Bretagne et les Pays de la Loire en donnant localement un peu de gr\u00eale et des pluies intenses. Le pays nantais a \u00e9t\u00e9 particuli\u00e8rement touch\u00e9 en d\u00e9but d&rsquo;apr\u00e8s-midi. Il est tomb\u00e9 29 mm en une heure \u00e0 la station de Nantes-Bouguenais. Les orages gagnent du terrain vers l&rsquo;Ille-et-Vilaine et la Mayenne. D&rsquo;autres orages arrivent par le golfe du Morbihan et vont remonter vers les c\u00f4tes d&rsquo;Armor.<\/p>\n<blockquote placeholder=\"\" data-theme=\"light\" class=\"twitter-tweet\">\n<p>????????Comme pr\u00e9vu, les <a href=\"https:\/\/twitter.com\/hashtag\/orages?src=hash&amp;ref_src=twsrc%5Etfw\" rel=\"nofollow noopener\" target=\"_blank\" data-ylk=\"slk:#orages;elm:context_link;itc:0;sec:content-canvas\" class=\"link \">#orages<\/a> \u00e9clatent depuis la mi-journ\u00e9e sur les Pays de la Loire et remontent vers la Bretagne. Ils gagneront le Maine et la Normandie en fin d&rsquo;apr\u00e8s-midi. Les pluies sont localement intenses comme sur l&rsquo;a\u00e9roport de <a href=\"https:\/\/twitter.com\/hashtag\/nantes?src=hash&amp;ref_src=twsrc%5Etfw\" rel=\"nofollow noopener\" target=\"_blank\" data-ylk=\"slk:#nantes;elm:context_link;itc:0;sec:content-canvas\" class=\"link \">#nantes<\/a> avec 29 mm en une heure. <a href=\"https:\/\/t.co\/siUmuDafIW\" rel=\"nofollow noopener\" target=\"_blank\" data-ylk=\"slk:pic.twitter.com\/siUmuDafIW;elm:context_link;itc:0;sec:content-canvas\" class=\"link \">pic.twitter.com\/siUmuDafIW<\/a><\/p>\n<p>\u2014 La Cha\u00eene M\u00e9t\u00e9o (@lachainemeteo) <a href=\"https:\/\/twitter.com\/lachainemeteo\/status\/1933517514765746399?ref_src=twsrc%5Etfw\" rel=\"nofollow noopener\" target=\"_blank\" data-ylk=\"slk:June 13, 2025;elm:context_link;itc:0;sec:content-canvas\" class=\"link \">June 13, 2025<\/a><\/p>\n<\/blockquote>\n<p><a href=\"https:\/\/actualite.lachainemeteo.com\/actualite-meteo\/2025-06-13\/suivi-des-orages-violents-29-mm-en-une-heure-a-nantes-sous-un-orage-diluvien-78944\" rel=\"nofollow noopener\" target=\"_blank\" data-ylk=\"slk:Article original publi\u00e9 sur La Cha\u00eene M\u00e9t\u00e9o;elm:context_link;itc:0;sec:content-canvas\" class=\"link \">Article original publi\u00e9 sur La Cha\u00eene M\u00e9t\u00e9o<\/a><\/p>\n<p><script async src=\"https:\/\/platform.twitter.com\/widgets.js\" charset=\"utf-8\"><\/script><\/p>\n","protected":false},"excerpt":{"rendered":"Jusqu&rsquo;\u00e0 ce soir la Chaine M\u00e9t\u00e9o suit de pr\u00e8s la forte d\u00e9gradation orageuse qui s&rsquo;amorce cet apr\u00e8s-midi par&hellip;\n","protected":false},"author":2,"featured_media":192755,"comment_status":"","ping_status":"","sticky":false,"template":"","format":"standard","meta":{"footnotes":""},"categories":[2818],"tags":[1111,11,1777,674,1011,27,15475,766,12,4594,2636,25],"class_list":{"0":"post-192754","1":"post","2":"type-post","3":"status-publish","4":"format-standard","5":"has-post-thumbnail","7":"category-nantes","8":"tag-actu","9":"tag-actualites","10":"tag-eu","11":"tag-europe","12":"tag-fr","13":"tag-france","14":"tag-la-chaine-meteo","15":"tag-nantes","16":"tag-news","17":"tag-orages","18":"tag-pays-de-la-loire","19":"tag-republique-francaise"},"share_on_mastodon":{"url":"https:\/\/pubeurope.com\/@fr\/114719836380804514","error":""},"_links":{"self":[{"href":"https:\/\/www.europesays.com\/fr\/wp-json\/wp\/v2\/posts\/192754","targetHints":{"allow":["GET"]}}],"collection":[{"href":"https:\/\/www.europesays.com\/fr\/wp-json\/wp\/v2\/posts"}],"about":[{"href":"https:\/\/www.europesays.com\/fr\/wp-json\/wp\/v2\/types\/post"}],"author":[{"embeddable":true,"href":"https:\/\/www.europesays.com\/fr\/wp-json\/wp\/v2\/users\/2"}],"replies":[{"embeddable":true,"href":"https:\/\/www.europesays.com\/fr\/wp-json\/wp\/v2\/comments?post=192754"}],"version-history":[{"count":0,"href":"https:\/\/www.europesays.com\/fr\/wp-json\/wp\/v2\/posts\/192754\/revisions"}],"wp:featuredmedia":[{"embeddable":true,"href":"https:\/\/www.europesays.com\/fr\/wp-json\/wp\/v2\/media\/192755"}],"wp:attachment":[{"href":"https:\/\/www.europesays.com\/fr\/wp-json\/wp\/v2\/media?parent=192754"}],"wp:term":[{"taxonomy":"category","embeddable":true,"href":"https:\/\/www.europesays.com\/fr\/wp-json\/wp\/v2\/categories?post=192754"},{"taxonomy":"post_tag","embeddable":true,"href":"https:\/\/www.europesays.com\/fr\/wp-json\/wp\/v2\/tags?post=192754"}],"curies":[{"name":"wp","href":"https:\/\/api.w.org\/{rel}","templated":true}]}}