{"id":192756,"date":"2025-06-21T06:02:11","date_gmt":"2025-06-21T06:02:11","guid":{"rendered":"https:\/\/www.europesays.com\/fr\/192756\/"},"modified":"2025-06-21T06:02:11","modified_gmt":"2025-06-21T06:02:11","slug":"le-passage-a-niveau-est-hors-service-apres-un-incendie","status":"publish","type":"post","link":"https:\/\/www.europesays.com\/fr\/192756\/","title":{"rendered":"le passage \u00e0 niveau est hors-service apr\u00e8s un incendie"},"content":{"rendered":"<p>            Par<br \/>\n        <strong><br \/>\n            <a href=\"https:\/\/actu.fr\/auteur\/thomas-bernard\" title=\"Consulter tous les articles de Thomas Bernard\" rel=\"nofollow noopener\" target=\"_blank\">Thomas Bernard<\/a><br \/>\n        <\/strong><\/p>\n<p>        Publi\u00e9 le<\/p>\n<p>            21 juin 2025 \u00e0 7h32        <\/p>\n<p>Ce jeudi 19 juin 2025, <strong>un incendie a touch\u00e9 transformateur du passage \u00e0 niveau Chabossi\u00e8re<\/strong> \u00e0 Cou\u00ebron, \u00e0 l\u2019ouest de Nantes. L\u2019incident impacte <a href=\"https:\/\/actu.fr\/pays-de-la-loire\/nantes_44109\/le-trafic-sncf-est-tres-perturbe-entre-nantes-et-savenay-apres-un-incendie_62799943.html\" rel=\"nofollow noopener\" target=\"_blank\">la circulation des trains sur la ligne Nantes-Savenay<\/a>.\u00a0<\/p>\n<p class=\" wall-content\">Le passage \u00e0 niveau, situ\u00e9 au sud de la rue du 1er mai \u00e0 <a href=\"https:\/\/actu.fr\/pays-de-la-loire\/coueron_44047\" rel=\"nofollow noopener\" target=\"_blank\">Cou\u00ebron<\/a>, est d\u00e9sormais hors-service. Des travaux sont men\u00e9s depuis le vendredi 20 juin.\u00a0<\/p>\n<p>    <a href=\"https:\/\/www.google.com\/maps\/embed?pb=!4v1750430077519!6m8!1m7!1srjv9A4hQKgfwem0WGYRhCw!2m2!1d47.2119204071092!2d-1.684040284949579!3f217.22507!4f0!5f0.7820865974627469\" title=\"Ouvrie le lien\" rel=\"nofollow noopener\" target=\"_blank\">Cliquez ici pour visualiser le contenu<\/a><\/p>\n<p>Des travaux pendant deux semaines<\/p>\n<p class=\" wall-content\">\u00ab\u00a0Le temps des r\u00e9parations, le passage \u00e0 niveau est hors-service. <strong>Le passage est donc impossible pour les v\u00e9hicules, les v\u00e9los et les pi\u00e9tons\u00a0\u00bb<\/strong>, a indiqu\u00e9, ce vendredi 20 juin, <a href=\"https:\/\/www.facebook.com\/photo?fbid=716185557772184&amp;set=a.234905975900147\" rel=\"nofollow noopener\" target=\"_blank\">la Ville de Cou\u00ebron sur ses r\u00e9seaux sociaux<\/a>.\u00a0<\/p>\n<p class=\" wall-content\">\u00c0 l\u2019heure actuelle,<strong> les travaux sont pr\u00e9vus jusqu\u2019au 4 juillet pour une r\u00e9ouverture le samedi 5 juillet<\/strong>.\u00a0<\/p>\n<p>Vid\u00e9os : en ce moment sur Actu<\/p>\n<p class=\" wall-content\">Suivez toute l\u2019actualit\u00e9 de vos villes et m\u00e9dias favoris en vous inscrivant \u00e0 <a href=\"https:\/\/moncompte.actu.fr\" title=\"D\u00e9couvez Mon Actu\" rel=\"nofollow noopener\" data-trk=\"{&quot;cta&quot;:{&quot;action&quot;:&quot;https:\\\/\\\/moncompte.actu.fr&quot;,&quot;category&quot;:&quot;mon compte&quot;,&quot;from&quot;:&quot;article footer&quot;,&quot;name&quot;:&quot;Mon actu&quot;,&quot;type&quot;:&quot;cta&quot;}}\" target=\"_blank\">Mon Actu<\/a>.<\/p>\n","protected":false},"excerpt":{"rendered":"Par Thomas Bernard Publi\u00e9 le 21 juin 2025 \u00e0 7h32 Ce jeudi 19 juin 2025, un incendie a&hellip;\n","protected":false},"author":2,"featured_media":192757,"comment_status":"","ping_status":"","sticky":false,"template":"","format":"standard","meta":{"footnotes":""},"categories":[2818],"tags":[1111,11,3542,1777,674,1011,27,766,12,2636,25,104,2086],"class_list":{"0":"post-192756","1":"post","2":"type-post","3":"status-publish","4":"format-standard","5":"has-post-thumbnail","7":"category-nantes","8":"tag-actu","9":"tag-actualites","10":"tag-circulation","11":"tag-eu","12":"tag-europe","13":"tag-fr","14":"tag-france","15":"tag-nantes","16":"tag-news","17":"tag-pays-de-la-loire","18":"tag-republique-francaise","19":"tag-societe","20":"tag-travaux"},"share_on_mastodon":{"url":"https:\/\/pubeurope.com\/@fr\/114719840264055991","error":""},"_links":{"self":[{"href":"https:\/\/www.europesays.com\/fr\/wp-json\/wp\/v2\/posts\/192756","targetHints":{"allow":["GET"]}}],"collection":[{"href":"https:\/\/www.europesays.com\/fr\/wp-json\/wp\/v2\/posts"}],"about":[{"href":"https:\/\/www.europesays.com\/fr\/wp-json\/wp\/v2\/types\/post"}],"author":[{"embeddable":true,"href":"https:\/\/www.europesays.com\/fr\/wp-json\/wp\/v2\/users\/2"}],"replies":[{"embeddable":true,"href":"https:\/\/www.europesays.com\/fr\/wp-json\/wp\/v2\/comments?post=192756"}],"version-history":[{"count":0,"href":"https:\/\/www.europesays.com\/fr\/wp-json\/wp\/v2\/posts\/192756\/revisions"}],"wp:featuredmedia":[{"embeddable":true,"href":"https:\/\/www.europesays.com\/fr\/wp-json\/wp\/v2\/media\/192757"}],"wp:attachment":[{"href":"https:\/\/www.europesays.com\/fr\/wp-json\/wp\/v2\/media?parent=192756"}],"wp:term":[{"taxonomy":"category","embeddable":true,"href":"https:\/\/www.europesays.com\/fr\/wp-json\/wp\/v2\/categories?post=192756"},{"taxonomy":"post_tag","embeddable":true,"href":"https:\/\/www.europesays.com\/fr\/wp-json\/wp\/v2\/tags?post=192756"}],"curies":[{"name":"wp","href":"https:\/\/api.w.org\/{rel}","templated":true}]}}