{"id":192760,"date":"2025-06-21T06:04:09","date_gmt":"2025-06-21T06:04:09","guid":{"rendered":"https:\/\/www.europesays.com\/fr\/192760\/"},"modified":"2025-06-21T06:04:09","modified_gmt":"2025-06-21T06:04:09","slug":"bordeaux-toulon-a-quelle-heure-et-sur-quelle-chaine-voir-la-demi-finale-du-top-14-en-direct","status":"publish","type":"post","link":"https:\/\/www.europesays.com\/fr\/192760\/","title":{"rendered":"Bordeaux \u2013 Toulon : \u00e0 quelle heure et sur quelle cha\u00eene voir la demi-finale du TOP 14 en direct ?"},"content":{"rendered":"<p class=\"paragraph text_align_left lp-f-body-02\">Ce samedi, tous les regards seront tourn\u00e9s vers Lyon pour conna\u00eetre le nom du deuxi\u00e8me finaliste. L\u2019Union Bordeaux-B\u00e8gles s\u2019est qualifi\u00e9e pour les demi-finales du TOP 14 \u00e0 l\u2019issue de la saison r\u00e9guli\u00e8re. Les Bordelais ont termin\u00e9 \u00e0 la seconde place du classement g\u00e9n\u00e9ral, ce qui leur a permis d\u2019\u00e9viter les barrages. Face \u00e0 Toulon, les Bordeaux et Blanc n\u2019ont pas d\u2019autre choix que de s\u2019imposer pour disputer la finale pr\u00e9vue le 28 juin au Stade de France. \u00c0 l\u2019heure actuelle, les Bordelais n\u2019ont encore jamais obtenu le bouclier de Brennus. De son c\u00f4t\u00e9, le Rugby Club de Toulon a \u00e9limin\u00e9 le Castres Olympique lors des barrages (52-23). Cette semaine, Toulon doit imp\u00e9rativement remporter la confrontation pour se rapprocher d\u2019un cinqui\u00e8me sacre. Pour m\u00e9moire, le dernier face-\u00e0-face entre Bordeaux et Toulon s\u2019est sold\u00e9 en faveur du Rugby Club (27-10). Dans ces lignes, on vous dit \u00e0 quelle heure et sur quelle cha\u00eene regarder <a href=\"https:\/\/bit.ly\/3DLlCN5\" target=\"_blank\" rel=\"sponsored nofollow noopener\">le choc Union Bordeaux-B\u00e8gles \u2013 RC Toulon<\/a>, en direct ce samedi soir.<\/p>\n<p><b>Diffusion Bordeaux \u2013 Toulon en direct : sur quelle cha\u00eene regarder le match ?<\/b><\/p>\n<p class=\"paragraph text_align_left lp-f-body-02\">Le match qui oppose l\u2019Union Bordeaux-B\u00e8gles et RC Toulon est diffus\u00e9 ce samedi 21 juin, <a href=\"https:\/\/bit.ly\/3DLlCN5\" target=\"_blank\" rel=\"sponsored nofollow noopener\">en direct sur la cha\u00eene CANAL+<\/a>. Le coup d\u2019envoi de la rencontre est pr\u00e9vu \u00e0 21 heures 05. Les experts vous donnent rendez-vous \u00e0 19 heures 50 pour l\u2019\u00e9mission CANAL Rugby Club. Les commentateurs prennent ensuite le relais pour vous plonger au c\u0153ur des tribunes du Parc OL, d\u00e9crypter les performances des joueurs, analyser les r\u00e9sultats et les temps forts de la demi-finale du TOP 14.<\/p>\n","protected":false},"excerpt":{"rendered":"Ce samedi, tous les regards seront tourn\u00e9s vers Lyon pour conna\u00eetre le nom du deuxi\u00e8me finaliste. L\u2019Union Bordeaux-B\u00e8gles&hellip;\n","protected":false},"author":2,"featured_media":192761,"comment_status":"","ping_status":"","sticky":false,"template":"","format":"standard","meta":{"footnotes":""},"categories":[2817],"tags":[1111,11,1997,1777,674,1011,27,749,12,2219,25,479,2310,6718],"class_list":{"0":"post-192760","1":"post","2":"type-post","3":"status-publish","4":"format-standard","5":"has-post-thumbnail","7":"category-bordeaux","8":"tag-actu","9":"tag-actualites","10":"tag-bordeaux","11":"tag-eu","12":"tag-europe","13":"tag-fr","14":"tag-france","15":"tag-guide-shopping","16":"tag-news","17":"tag-nouvelle-aquitaine","18":"tag-republique-francaise","19":"tag-rugby","20":"tag-toulon","21":"tag-tv-streaming"},"share_on_mastodon":{"url":"https:\/\/pubeurope.com\/@fr\/114719848133572036","error":""},"_links":{"self":[{"href":"https:\/\/www.europesays.com\/fr\/wp-json\/wp\/v2\/posts\/192760","targetHints":{"allow":["GET"]}}],"collection":[{"href":"https:\/\/www.europesays.com\/fr\/wp-json\/wp\/v2\/posts"}],"about":[{"href":"https:\/\/www.europesays.com\/fr\/wp-json\/wp\/v2\/types\/post"}],"author":[{"embeddable":true,"href":"https:\/\/www.europesays.com\/fr\/wp-json\/wp\/v2\/users\/2"}],"replies":[{"embeddable":true,"href":"https:\/\/www.europesays.com\/fr\/wp-json\/wp\/v2\/comments?post=192760"}],"version-history":[{"count":0,"href":"https:\/\/www.europesays.com\/fr\/wp-json\/wp\/v2\/posts\/192760\/revisions"}],"wp:featuredmedia":[{"embeddable":true,"href":"https:\/\/www.europesays.com\/fr\/wp-json\/wp\/v2\/media\/192761"}],"wp:attachment":[{"href":"https:\/\/www.europesays.com\/fr\/wp-json\/wp\/v2\/media?parent=192760"}],"wp:term":[{"taxonomy":"category","embeddable":true,"href":"https:\/\/www.europesays.com\/fr\/wp-json\/wp\/v2\/categories?post=192760"},{"taxonomy":"post_tag","embeddable":true,"href":"https:\/\/www.europesays.com\/fr\/wp-json\/wp\/v2\/tags?post=192760"}],"curies":[{"name":"wp","href":"https:\/\/api.w.org\/{rel}","templated":true}]}}