{"id":192762,"date":"2025-06-21T06:05:08","date_gmt":"2025-06-21T06:05:08","guid":{"rendered":"https:\/\/www.europesays.com\/fr\/192762\/"},"modified":"2025-06-21T06:05:08","modified_gmt":"2025-06-21T06:05:08","slug":"decouvrez-le-plus-petit-fleuve-de-france-a-toulouse-une-expo-et-des-visites-montrent-la-garonne-dans-tous-ses-etats","status":"publish","type":"post","link":"https:\/\/www.europesays.com\/fr\/192762\/","title":{"rendered":"D\u00e9couvrez le plus petit fleuve de France\u00a0: \u00e0 Toulouse, une expo et des visites montrent la Garonne dans tous ses \u00e9tats"},"content":{"rendered":"<p class=\"paragraph text_align_left lp-f-body-02\">Des Pyr\u00e9n\u00e9es \u00e0 l\u2019Atlantique, la Garonne, plus petit fleuve fran\u00e7ais, s\u2019\u00e9tire sur 525 km mais la conna\u00eet-on vraiment ? C\u2019est la question que s\u2019est pos\u00e9e le Conseil d\u2019architecture, d\u2019urbanisme et de l\u2019environnement (CAUE) de la Haute-Garonne.<\/p>\n<p class=\"paragraph text_align_left lp-f-body-02\">Entre 2018 et 2024, l\u2019organisme d\u00e9partemental et son \u00e9quipe de paysagistes, d\u2019architectes et de g\u00e9ographes, a arpent\u00e9 le cours d\u2019eau dans sa partie haut-garonnaise pour d\u00e9couvrir et illustrer toutes ses facettes. Ce travail a donn\u00e9 lieu \u00e0 <a href=\"https:\/\/www.les-caue-occitanie.fr\/haute-garonne\/autres-garonnes-les-paysages-racontent-le-fleuve\" target=\"_self\" rel=\"noopener\">des carnets de voyage et \u00e0 une exposition photo et vid\u00e9o<\/a> pr\u00e9sent\u00e9e jusqu\u2019au 12 juillet dans la Galerie 24 du CAUE.<\/p>\n<p>De nombreux visages et usages<\/p>\n<p class=\"paragraph text_align_left lp-f-body-02\">Le parcours commence par de tr\u00e8s grands tirages qui r\u00e9v\u00e8lent la Garonne dans son quotidien, au fil de sa travers\u00e9e des six entit\u00e9s paysag\u00e8res du d\u00e9partement mais aussi <a href=\"https:\/\/www.leparisien.fr\/haute-garonne-31\/secheresse-et-si-on-realimentait-la-garonne-via-les-nappes-phreatiques-24-03-2023-GIVYWE7IJ5GUPBZBGHBXAQQBY4.php\" target=\"_self\" rel=\"noopener\">des usages que les hommes ont du fleuve.<\/a><\/p>\n<p class=\"paragraph text_align_left lp-f-body-02\">Torrent de montagne \u00e0 sa source dans les Pyr\u00e9n\u00e9es, industriel avec ses centrales hydro\u00e9lectriques du Comminges, lacustre avec ses lacs de barrage et ses gravi\u00e8res du Volvestre, prot\u00e9g\u00e9 dans une partie du Muretain au niveau de sa confluence avec la rivi\u00e8re Ari\u00e8ge, familier et patrimonial \u00e0 Toulouse, plus agricole dans les plaines du nord de la Ville rose\u2026 le cours d\u2019eau se r\u00e9v\u00e8le dans tous ses \u00e9tats.<\/p>\n<p class=\"paragraph text_align_left lp-f-body-02\">\u00ab Pendant cinq ans, on a long\u00e9 la Garonne et on s\u2019en est \u00e9loign\u00e9 notamment en suivant la Via Garona, le chemin de grande randonn\u00e9e qui va jusqu\u2019au Val d\u2019Aran, en Espagne et qui permet d\u2019avoir une bonne vision de ce qu\u2019est ce fleuve. On se rend compte par exemple que la travers\u00e9e de Toulouse est assez paradoxale avec une Garonne tr\u00e8s urbanis\u00e9e, de grandes digues mais aussi des espaces extr\u00eamement verts et sauvages en plein centre-ville, surtout au niveau de l\u2019\u00eele du Ramier \u00bb, explique Nicolas Delbert, g\u00e9ographe-urbaniste et directeur du CAUE 31.<\/p>\n<p>Paysages pass\u00e9s et actuels<\/p>\n<p class=\"paragraph text_align_left lp-f-body-02\">Apr\u00e8s cette immersion sensible au fil des ambiances du fleuve, l\u2019exposition \u00ab Autres Garonnes \u00bb se poursuit par une immense carte, \u00e0 la fois didactique et ludique, qui r\u00e9v\u00e8le \u00e0 l\u2019aide de photos et de blocs-diagrammes &#8211; repr\u00e9sentations graphiques en perspective et en coupe d\u2019une portion d\u2019espace -, l\u2019\u00e9volution d\u2019une vingtaine de sites autour de la Garonne. Paysages pass\u00e9s et actuels illustrent l\u2019\u00e9talement urbain, le recul du couvert v\u00e9g\u00e9tal et le changement qui s\u2019est op\u00e9r\u00e9 dans les activit\u00e9s humaines, autrefois tourn\u00e9es vers le fleuve, aujourd\u2019hui vers les infrastructures routi\u00e8res.<\/p>\n<p class=\"paragraph text_align_left lp-f-body-02\">Pour prolonger l\u2019exposition, l\u2019\u00e9quipe du CAUE a aussi imagin\u00e9 des promenades paysag\u00e8res gratuites, au plus pr\u00e8s du cours d\u2019eau. La premi\u00e8re visite guid\u00e9e aura lieu ce samedi 21 juin \u00e0 Caz\u00e8res. Elle partira de la Maison Garonne, ancien hangar \u00e0 bateaux et aujourd\u2019hui lieu de sensibilisation aux enjeux actuels li\u00e9s au fleuve. Le 27 juin, une balade \u00e0 Miramont-de-Comminges donnera une nouvelle occasion d\u2019explorer les rapports que les hommes entretiennent avec lui aujourd\u2019hui. La Garonne, dans sa travers\u00e9e toulousaine, fera aussi l\u2019objet d\u2019une promenade paysag\u00e8re mais \u00e0 v\u00e9lo cette fois, le 24 juin au d\u00e9part du Pont-Neuf jusqu\u2019\u00e0 l\u2019\u00eele du Ramier et \u00e0 la Croix de pierre et le 1er juillet, jusqu\u2019au pont de Blagnac.<\/p>\n<p class=\"paragraph text_align_left lp-f-body-02\">Renseignements : Exposition \u00ab Autres Garonnes \u00bb, Galerie 24, 24, rue Croix-Baragnon \u00e0 Toulouse. Entr\u00e9e libre et gratuite du mercredi au samedi de 13 heures \u00e0 19 heures. <\/p>\n","protected":false},"excerpt":{"rendered":"Des Pyr\u00e9n\u00e9es \u00e0 l\u2019Atlantique, la Garonne, plus petit fleuve fran\u00e7ais, s\u2019\u00e9tire sur 525 km mais la conna\u00eet-on vraiment&hellip;\n","protected":false},"author":2,"featured_media":192763,"comment_status":"","ping_status":"","sticky":false,"template":"","format":"standard","meta":{"footnotes":""},"categories":[2816],"tags":[1111,917,11,459,1777,674,1011,27,4623,12,2680,25,2312],"class_list":{"0":"post-192762","1":"post","2":"type-post","3":"status-publish","4":"format-standard","5":"has-post-thumbnail","7":"category-toulouse","8":"tag-actu","9":"tag-actu-locale","10":"tag-actualites","11":"tag-departements-horsidfo","12":"tag-eu","13":"tag-europe","14":"tag-fr","15":"tag-france","16":"tag-haute-garonne-31","17":"tag-news","18":"tag-occitanie","19":"tag-republique-francaise","20":"tag-toulouse"},"share_on_mastodon":{"url":"https:\/\/pubeurope.com\/@fr\/114719852093388450","error":""},"_links":{"self":[{"href":"https:\/\/www.europesays.com\/fr\/wp-json\/wp\/v2\/posts\/192762","targetHints":{"allow":["GET"]}}],"collection":[{"href":"https:\/\/www.europesays.com\/fr\/wp-json\/wp\/v2\/posts"}],"about":[{"href":"https:\/\/www.europesays.com\/fr\/wp-json\/wp\/v2\/types\/post"}],"author":[{"embeddable":true,"href":"https:\/\/www.europesays.com\/fr\/wp-json\/wp\/v2\/users\/2"}],"replies":[{"embeddable":true,"href":"https:\/\/www.europesays.com\/fr\/wp-json\/wp\/v2\/comments?post=192762"}],"version-history":[{"count":0,"href":"https:\/\/www.europesays.com\/fr\/wp-json\/wp\/v2\/posts\/192762\/revisions"}],"wp:featuredmedia":[{"embeddable":true,"href":"https:\/\/www.europesays.com\/fr\/wp-json\/wp\/v2\/media\/192763"}],"wp:attachment":[{"href":"https:\/\/www.europesays.com\/fr\/wp-json\/wp\/v2\/media?parent=192762"}],"wp:term":[{"taxonomy":"category","embeddable":true,"href":"https:\/\/www.europesays.com\/fr\/wp-json\/wp\/v2\/categories?post=192762"},{"taxonomy":"post_tag","embeddable":true,"href":"https:\/\/www.europesays.com\/fr\/wp-json\/wp\/v2\/tags?post=192762"}],"curies":[{"name":"wp","href":"https:\/\/api.w.org\/{rel}","templated":true}]}}