{"id":192764,"date":"2025-06-21T06:06:08","date_gmt":"2025-06-21T06:06:08","guid":{"rendered":"https:\/\/www.europesays.com\/fr\/192764\/"},"modified":"2025-06-21T06:06:08","modified_gmt":"2025-06-21T06:06:08","slug":"cette-plage-en-bord-de-lac-rouvre","status":"publish","type":"post","link":"https:\/\/www.europesays.com\/fr\/192764\/","title":{"rendered":"cette plage en bord de lac rouvre"},"content":{"rendered":"<p>            Par<br \/>\n        <strong><br \/>\n            <a href=\"https:\/\/actu.fr\/auteur\/lea-afonso\" title=\"Consulter tous les articles de L\u00e9a Afonso\" rel=\"nofollow noopener\" target=\"_blank\">L\u00e9a Afonso<\/a><br \/>\n        <\/strong><\/p>\n<p>        Publi\u00e9 le<\/p>\n<p>            21 juin 2025 \u00e0 8h02        <\/p>\n<p>L\u2019\u00e9t\u00e9 est bel et bien de retour. Alors que <a href=\"https:\/\/actu.fr\/toulouse\/\" rel=\"nofollow noopener\" target=\"_blank\">Toulouse<\/a> et ses environs attendent<a href=\"https:\/\/actu.fr\/occitanie\/toulouse_31555\/meteo-toulouse-va-suffoquer-d-ici-la-fin-de-semaine-on-risque-de-froler-les-seuils-de-la-canicule_62779019.html\" rel=\"nofollow noopener\" target=\"_blank\"> un week-end avec des temp\u00e9ratures quasi caniculaires ces 21 et 22\u00a0juin<\/a> \u2014 on est en vigilance jaune \u2014 les endroits de fra\u00eecheur seront pris\u00e9s. Et pour l\u2019occasion la commune de<strong><a href=\"https:\/\/actu.fr\/occitanie\/muret_31395\" rel=\"nofollow noopener\" target=\"_blank\"> Muret<\/a> rouvre sa plage\u2009!<\/strong><\/p>\n<p>Baignade, activit\u00e9s et pique-nique<\/p>\n<p class=\" wall-content\">C\u2019est reparti pour une nouvelle saison. La plage de sable fin de Muret, au bord du lac Des Bonnets rouvre ce week-end de<strong>s 21 et 22\u00a0juin, celui des 28 et 29\u00a0juin<\/strong>, puis <strong>tous les jours \u00e0 compter du 5\u00a0juillet.<\/strong><\/p>\n<p class=\" wall-content\">Pour une journ\u00e9e en famille ou entre amis, personne ne sera d\u00e9\u00e7u\u2009: large zone de baignade surveill\u00e9e, toboggan g\u00e9ant, terrains de sports et loisirs avec pr\u00eat de mat\u00e9riel (volley, tennis de table\u2026), aire de pique-nique\u2026<\/p>\n<p class=\" wall-content\">En prime, une <strong>guinguette<\/strong> avec une terrasse sur le sable attend les visiteurs, avec sa terrasse.<\/p>\n<p>Voici les tarifs\u2009:<\/p>\n<ul class=\" wall-content\">\n<li>Muretains\u2009: 3\u00a0\u20ac (Se munir d\u2019un justificatif de domicile)<\/li>\n<li>Ext\u00e9rieurs\u2009: 4\u00a0\u20ac<\/li>\n<li>Tarif Groupe (&gt;10\u00a0personnes) : 3\u00a0\u20ac\/personne<\/li>\n<li>Enfant 0\/4\u00a0ans\u2009: gratuit<\/li>\n<li>Toboggan g\u00e9ant gonflable (compris dans le tarif d\u2019entr\u00e9e)\u2009: \u00e0 partir de 6\u00a0ans<\/li>\n<li>Waterpark (\u00e0 partir de 6\u00a0ans \u2013 les enfants de moins de 12\u00a0ans doivent \u00eatre accompagn\u00e9s d\u2019un adulte)\u2009: individuel\u2009: 6\u00a0\u20ac\u2009; tarif groupe (&gt;10\u00a0personnes) : 5\u00a0\u20ac\/personne<\/li>\n<li>Cano\u00eb et paddle\u2009: 7\u00a0\u20ac\/heure<\/li>\n<li>P\u00e9dalo\u2009: 10\u00a0\u20ac\/heure<\/li>\n<\/ul>\n<p>Vid\u00e9os : en ce moment sur ActuLa grande nouveaut\u00e9<\/p>\n<p class=\" wall-content\">Cette ann\u00e9e, une nouveaut\u00e9 est \u00e0 d\u00e9couvrir. La base de loisir mise un peu plus sur le sport et propose d\u00e9sormais des <strong>cours d\u2019aquagym<\/strong>, directement dans le lac, et compris dans le prix d\u2019entr\u00e9e.<\/p>\n<p class=\" wall-content\">\u00c0 d\u00e9couvrir les lundis, mercredis et vendredis, de 11\u2009h\u200915 \u00e0 12\u2009h.<\/p>\n<p>Infos pratiques\u2009:<br \/>Ouvert de 11\u2009h \u00e0 19\u2009h\u2009: les 21, 22, 28 et 29\u00a0juin et du 5\u00a0juillet au 31\u00a0ao\u00fbt<br \/>Guinguette\u2009: ouverture durant les horaires de Muret plage, puis, du jeudi au samedi, en acc\u00e8s libre \u00e0 partir de 19\u2009h et pour toute la soir\u00e9e<br \/>Soir\u00e9es musicales programm\u00e9es.<br \/>Adresse\u2009: zone de loisir Des Bonnets, Rue Louison Bobet, 31\u2009600 Muret<br \/>Tenues de bain obligatoires\u2009: maillot de bain femme 1 ou 2\u00a0pi\u00e8ces, slip de bain, boxer ou short au-dessus des genoux, tee-shirt en lycra anti UV au-dessus des coudes.<\/p>\n<p class=\" wall-content\">Suivez toute l\u2019actualit\u00e9 de vos villes et m\u00e9dias favoris en vous inscrivant \u00e0 <a href=\"https:\/\/moncompte.actu.fr\" title=\"D\u00e9couvez Mon Actu\" rel=\"nofollow noopener\" data-trk=\"{&quot;cta&quot;:{&quot;action&quot;:&quot;https:\\\/\\\/moncompte.actu.fr&quot;,&quot;category&quot;:&quot;mon compte&quot;,&quot;from&quot;:&quot;article footer&quot;,&quot;name&quot;:&quot;Mon actu&quot;,&quot;type&quot;:&quot;cta&quot;}}\" target=\"_blank\">Mon Actu<\/a>.<\/p>\n","protected":false},"excerpt":{"rendered":"Par L\u00e9a Afonso Publi\u00e9 le 21 juin 2025 \u00e0 8h02 L\u2019\u00e9t\u00e9 est bel et bien de retour. Alors&hellip;\n","protected":false},"author":2,"featured_media":192765,"comment_status":"","ping_status":"","sticky":false,"template":"","format":"standard","meta":{"footnotes":""},"categories":[2816],"tags":[1111,11,1777,674,1011,27,1652,12,2680,25,1341,2312],"class_list":{"0":"post-192764","1":"post","2":"type-post","3":"status-publish","4":"format-standard","5":"has-post-thumbnail","7":"category-toulouse","8":"tag-actu","9":"tag-actualites","10":"tag-eu","11":"tag-europe","12":"tag-fr","13":"tag-france","14":"tag-loisirs-culture","15":"tag-news","16":"tag-occitanie","17":"tag-republique-francaise","18":"tag-sortir-a-toulouse","19":"tag-toulouse"},"share_on_mastodon":{"url":"https:\/\/pubeurope.com\/@fr\/114719855993034400","error":""},"_links":{"self":[{"href":"https:\/\/www.europesays.com\/fr\/wp-json\/wp\/v2\/posts\/192764","targetHints":{"allow":["GET"]}}],"collection":[{"href":"https:\/\/www.europesays.com\/fr\/wp-json\/wp\/v2\/posts"}],"about":[{"href":"https:\/\/www.europesays.com\/fr\/wp-json\/wp\/v2\/types\/post"}],"author":[{"embeddable":true,"href":"https:\/\/www.europesays.com\/fr\/wp-json\/wp\/v2\/users\/2"}],"replies":[{"embeddable":true,"href":"https:\/\/www.europesays.com\/fr\/wp-json\/wp\/v2\/comments?post=192764"}],"version-history":[{"count":0,"href":"https:\/\/www.europesays.com\/fr\/wp-json\/wp\/v2\/posts\/192764\/revisions"}],"wp:featuredmedia":[{"embeddable":true,"href":"https:\/\/www.europesays.com\/fr\/wp-json\/wp\/v2\/media\/192765"}],"wp:attachment":[{"href":"https:\/\/www.europesays.com\/fr\/wp-json\/wp\/v2\/media?parent=192764"}],"wp:term":[{"taxonomy":"category","embeddable":true,"href":"https:\/\/www.europesays.com\/fr\/wp-json\/wp\/v2\/categories?post=192764"},{"taxonomy":"post_tag","embeddable":true,"href":"https:\/\/www.europesays.com\/fr\/wp-json\/wp\/v2\/tags?post=192764"}],"curies":[{"name":"wp","href":"https:\/\/api.w.org\/{rel}","templated":true}]}}