{"id":192766,"date":"2025-06-21T06:07:09","date_gmt":"2025-06-21T06:07:09","guid":{"rendered":"https:\/\/www.europesays.com\/fr\/192766\/"},"modified":"2025-06-21T06:07:09","modified_gmt":"2025-06-21T06:07:09","slug":"casting-de-nombreux-figurants-recherches-a-lille-pour-jouer-dans-hpi-voici-comment-postuler","status":"publish","type":"post","link":"https:\/\/www.europesays.com\/fr\/192766\/","title":{"rendered":"Casting. De nombreux figurants recherch\u00e9s \u00e0 Lille pour jouer dans HPI : voici comment postuler"},"content":{"rendered":"<p>            Par<br \/>\n        <strong><br \/>\n            <a href=\"https:\/\/actu.fr\/auteur\/nicolas-demollien\" title=\"Consulter tous les articles de Nicolas Demollien\" target=\"_blank\" rel=\"noopener\">Nicolas Demollien<\/a><br \/>\n        <\/strong><\/p>\n<p>        Publi\u00e9 le<\/p>\n<p>            21 juin 2025 \u00e0 7h30        <\/p>\n<p>Envie de passer sur le petit \u00e9cran dans une <a href=\"https:\/\/actu.fr\/tag\/series\" target=\"_blank\" rel=\"noopener\">s\u00e9rie<\/a> \u00e0 succ\u00e8s ? A <a href=\"https:\/\/actu.fr\/hauts-de-france\/lille_59350\" target=\"_blank\" rel=\"noopener\">Lille<\/a> (Nord), un<\/p>\n<p class=\" wall-content\">grand casting vient d\u2019\u00eatre lanc\u00e9 pour <b>HPI<\/b> : de <b>nombreux figurants sont recherch\u00e9s<\/b>. Et si c\u2019est une grande premi\u00e8re pour vous, vous avez toutes vos chances de joueur avec <a href=\"https:\/\/actu.fr\/tag\/audrey-fleurot\" target=\"_blank\" rel=\"noopener\">Audrey Fleurot<\/a> !<\/p>\n<p>Un casting \u00e0 Lille pour jouer les figurants dans HPI<\/p>\n<p class=\" wall-content\">En effet, le principal crit\u00e8re des producteurs est de <b>trouver des personnes qui n\u2019ont jamais jou\u00e9 dans HPI, toutes saisons confondues<\/b>. Pour le reste, le champ de recherche est tr\u00e8s large : \u00ab\u00a0des <b>hommes et des femmes, \u00e0 partir de 16 ans, de tous profils et tous styles<\/b>\u00ab\u00a0. De quoi vous laisser esp\u00e9rer de retenir l\u2019attention des responsables du casting.<\/p>\n<p class=\" wall-content\">Pour y participer, il vous suffit d\u2019envoyer un mail \u00e0 castinghpi@gmail avec en objet HPI. Vous devez y joindre :\u00a0<\/p>\n<ul class=\" wall-content\">\n<li>Des photos r\u00e9centes naturelles, sans accessoire et sans filtre, en portrait et en pied,<\/li>\n<li>Vos nom, pr\u00e9nom, \u00e2ge et coordonn\u00e9es compl\u00e8tes (adresse postale, t\u00e9l\u00e9phone et mail),<\/li>\n<li>Vos disponibilit\u00e9s entre fin juin et mi-juillet 2025, ainsi que des pr\u00e9cisions sur votre m\u00e9tier et vos passions.\u00a0<\/li>\n<\/ul>\n<p>Vid\u00e9os : en ce moment sur Actu<br \/>\n    <a href=\"https:\/\/www.facebook.com\/plugins\/post.php?href=https%3A%2F%2Fwww.facebook.com%2Ftotemhdf%2Fposts%2Fpfbid0SdAfuEq2xRyjnfDuzNLKy3esPJWWgk1dsHhjjhiCpZfo1joiykuhirTi32s5SuHgl&amp;show_text=true&amp;width=350\" title=\"Ouvrie le lien\" target=\"_blank\" rel=\"noopener\">Cliquez ici pour visualiser le contenu<\/a><\/p>\n<p class=\" wall-content\">Le tout doit \u00eatre fait envoy\u00e9 avec le 25 juin 2025. A vous de jouer !<\/p>\n<p class=\" wall-content\">Suivez toute l\u2019actualit\u00e9 de vos villes et m\u00e9dias favoris en vous inscrivant \u00e0 <a href=\"https:\/\/moncompte.actu.fr\" title=\"D\u00e9couvez Mon Actu\" rel=\"nofollow noopener\" data-trk=\"{&quot;cta&quot;:{&quot;action&quot;:&quot;https:\\\/\\\/moncompte.actu.fr&quot;,&quot;category&quot;:&quot;mon compte&quot;,&quot;from&quot;:&quot;article footer&quot;,&quot;name&quot;:&quot;Mon actu&quot;,&quot;type&quot;:&quot;cta&quot;}}\" target=\"_blank\">Mon Actu<\/a>.<\/p>\n","protected":false},"excerpt":{"rendered":"Par Nicolas Demollien Publi\u00e9 le 21 juin 2025 \u00e0 7h30 Envie de passer sur le petit \u00e9cran dans&hellip;\n","protected":false},"author":2,"featured_media":192767,"comment_status":"","ping_status":"","sticky":false,"template":"","format":"standard","meta":{"footnotes":""},"categories":[2815],"tags":[1111,11,21259,11668,1777,674,1011,27,811,1307,12,25,1314,104],"class_list":{"0":"post-192766","1":"post","2":"type-post","3":"status-publish","4":"format-standard","5":"has-post-thumbnail","7":"category-lille","8":"tag-actu","9":"tag-actualites","10":"tag-audrey-fleurot","11":"tag-casting","12":"tag-eu","13":"tag-europe","14":"tag-fr","15":"tag-france","16":"tag-hauts-de-france","17":"tag-lille","18":"tag-news","19":"tag-republique-francaise","20":"tag-series","21":"tag-societe"},"share_on_mastodon":{"url":"https:\/\/pubeurope.com\/@fr\/114719859908820443","error":""},"_links":{"self":[{"href":"https:\/\/www.europesays.com\/fr\/wp-json\/wp\/v2\/posts\/192766","targetHints":{"allow":["GET"]}}],"collection":[{"href":"https:\/\/www.europesays.com\/fr\/wp-json\/wp\/v2\/posts"}],"about":[{"href":"https:\/\/www.europesays.com\/fr\/wp-json\/wp\/v2\/types\/post"}],"author":[{"embeddable":true,"href":"https:\/\/www.europesays.com\/fr\/wp-json\/wp\/v2\/users\/2"}],"replies":[{"embeddable":true,"href":"https:\/\/www.europesays.com\/fr\/wp-json\/wp\/v2\/comments?post=192766"}],"version-history":[{"count":0,"href":"https:\/\/www.europesays.com\/fr\/wp-json\/wp\/v2\/posts\/192766\/revisions"}],"wp:featuredmedia":[{"embeddable":true,"href":"https:\/\/www.europesays.com\/fr\/wp-json\/wp\/v2\/media\/192767"}],"wp:attachment":[{"href":"https:\/\/www.europesays.com\/fr\/wp-json\/wp\/v2\/media?parent=192766"}],"wp:term":[{"taxonomy":"category","embeddable":true,"href":"https:\/\/www.europesays.com\/fr\/wp-json\/wp\/v2\/categories?post=192766"},{"taxonomy":"post_tag","embeddable":true,"href":"https:\/\/www.europesays.com\/fr\/wp-json\/wp\/v2\/tags?post=192766"}],"curies":[{"name":"wp","href":"https:\/\/api.w.org\/{rel}","templated":true}]}}