{"id":192770,"date":"2025-06-21T06:09:09","date_gmt":"2025-06-21T06:09:09","guid":{"rendered":"https:\/\/www.europesays.com\/fr\/192770\/"},"modified":"2025-06-21T06:09:09","modified_gmt":"2025-06-21T06:09:09","slug":"cette-ville-pres-de-marseille-est-la-plus-chere-hors-ile-de-france","status":"publish","type":"post","link":"https:\/\/www.europesays.com\/fr\/192770\/","title":{"rendered":"cette ville pr\u00e8s de Marseille est la plus ch\u00e8re, hors \u00cele-de-France"},"content":{"rendered":"<p>            Par<br \/>\n        <strong><br \/>\n            <a href=\"https:\/\/actu.fr\/auteur\/thibault-nadal-actu-fr\" title=\"Consulter tous les articles de Thibault Nadal\" target=\"_blank\" rel=\"noopener\">Thibault Nadal<\/a><br \/>\n        <\/strong><\/p>\n<p>        Publi\u00e9 le<\/p>\n<p>            21 juin 2025 \u00e0 7h20        <\/p>\n<p>Apr\u00e8s une premi\u00e8re phase d\u2019angoisse li\u00e9e \u00e0 Parcoursup, les \u00e9tudiants s\u2019appr\u00eatent \u00e0 vivre un nouveau moment de stress\u2009: <a href=\"https:\/\/actu.fr\/tag\/immobilier\" target=\"_blank\" rel=\"noopener\">la recherche d\u2019un appartement<\/a>. D\u2019autant plus que cette p\u00e9riode est la plus pris\u00e9e pour les recherches d\u2019emploi\u2009: <strong>+\u00a050\u2009% en juin et juillet<\/strong>, selon la derni\u00e8re \u00e9tude de Lodgis, transmise \u00e0 actu Marseille.<\/p>\n<p class=\" wall-content\">Dans certaines villes, cette t\u00e2che peut s\u2019av\u00e9rer vraiment p\u00e9rilleuse. C\u2019est notamment le cas \u00e0 <a href=\"https:\/\/actu.fr\/provence-alpes-cote-d-azur\/aix-en-provence_13001\" target=\"_blank\" rel=\"noopener\">Aix-en-Provence<\/a>, puisque la deuxi\u00e8me ville des <a href=\"https:\/\/actu.fr\/provence-alpes-cote-d-azur\/bouches-du-rhone_13\" target=\"_blank\" rel=\"noopener\">Bouches-du-Rh\u00f4ne<\/a> est <strong>la plus ch\u00e8re de province pour la location d\u2019un studio meubl\u00e9<\/strong>.<\/p>\n<p>800\u00a0euros pour un studio<\/p>\n<p class=\" wall-content\">\u00c0 Aix-en-Provence, louer un studio n\u2019est pas \u00e0 la port\u00e9e de tous, car selon Logdis, le prix moyen pour une surface de 24\u00a0m2 est de\u2026 800\u00a0euros. \u00ab\u2009Ce co\u00fbt s\u2019explique en grande partie par <strong>la pr\u00e9dominance des studios et des petites superficies<\/strong> (moyenne de 19,5\u00a0m2 d\u00e9but 2025) alors que la surface moyenne recherch\u00e9e dans d\u2019autres villes se situe plut\u00f4t entre 30 et 40\u00a0m2\u2009\u00bb, explique le sp\u00e9cialiste de la location meubl\u00e9e.<\/p>\n<p class=\" wall-content\">Dans la commune, <strong>deux tiers des studios<\/strong> sont lou\u00e9s par des \u00e9tudiants.<\/p>\n<p>Et dans les autres villes fran\u00e7aises\u2009?<\/p>\n<p class=\" wall-content\">Se loger \u00e0 Aix-en-Provence se r\u00e9v\u00e8le donc difficile, surtout pour des jeunes n\u2019ayant pas la surface financi\u00e8re n\u00e9cessaire.<\/p>\n<p>Vid\u00e9os : en ce moment sur Actu<\/p>\n<p class=\" wall-content\">\u00c0 titre de comparaison, les \u00e9tudiants peuvent avoir pour 800\u00a0euros, un 35\u00a0m2 \u00e0 Bordeaux, un\u2026 50\u00a0m2 \u00e0 Montpellier, un 27\u00a0m2 \u00e0 Lyon. En \u00cele-de-France, pour ce prix, seul un studio de 17\u00a0m2 rentre dans le budget.<\/p>\n<p class=\" wall-content\">Suivez toute l\u2019actualit\u00e9 de vos villes et m\u00e9dias favoris en vous inscrivant \u00e0 <a href=\"https:\/\/moncompte.actu.fr\" title=\"D\u00e9couvez Mon Actu\" rel=\"nofollow noopener\" data-trk=\"{&quot;cta&quot;:{&quot;action&quot;:&quot;https:\\\/\\\/moncompte.actu.fr&quot;,&quot;category&quot;:&quot;mon compte&quot;,&quot;from&quot;:&quot;article footer&quot;,&quot;name&quot;:&quot;Mon actu&quot;,&quot;type&quot;:&quot;cta&quot;}}\" target=\"_blank\">Mon Actu<\/a>.<\/p>\n<ul class=\"ac-article-tag wall-content\">\n<li><a href=\"https:\/\/actu.fr\/tag\/immobilier\" data-trk=\"{&quot;cta&quot;:{&quot;action&quot;:&quot;Immobilier&quot;,&quot;category&quot;:&quot;tag&quot;,&quot;from&quot;:&quot;article footer&quot;,&quot;name&quot;:&quot;Immobilier&quot;,&quot;type&quot;:&quot;cta&quot;}}\" target=\"_blank\" rel=\"noopener\">#Immobilier<\/a><\/li>\n<li><a href=\"https:\/\/actu.fr\/tag\/precarite-etudiante\" data-trk=\"{&quot;cta&quot;:{&quot;action&quot;:&quot;Pr\\u00e9carit\\u00e9 \\u00e9tudiante&quot;,&quot;category&quot;:&quot;tag&quot;,&quot;from&quot;:&quot;article footer&quot;,&quot;name&quot;:&quot;Pr\\u00e9carit\\u00e9 \\u00e9tudiante&quot;,&quot;type&quot;:&quot;cta&quot;}}\" target=\"_blank\" rel=\"noopener\">#Pr\u00e9carit\u00e9 \u00e9tudiante<\/a><\/li>\n<\/ul>\n","protected":false},"excerpt":{"rendered":"Par Thibault Nadal Publi\u00e9 le 21 juin 2025 \u00e0 7h20 Apr\u00e8s une premi\u00e8re phase d\u2019angoisse li\u00e9e \u00e0 Parcoursup,&hellip;\n","protected":false},"author":2,"featured_media":192771,"comment_status":"","ping_status":"","sticky":false,"template":"","format":"standard","meta":{"footnotes":""},"categories":[2814],"tags":[1111,11,1777,674,1011,27,1116,884,12,11090,882,25,104],"class_list":{"0":"post-192770","1":"post","2":"type-post","3":"status-publish","4":"format-standard","5":"has-post-thumbnail","7":"category-marseille","8":"tag-actu","9":"tag-actualites","10":"tag-eu","11":"tag-europe","12":"tag-fr","13":"tag-france","14":"tag-immobilier","15":"tag-marseille","16":"tag-news","17":"tag-precarite-etudiante","18":"tag-provence-alpes-cote-dazur","19":"tag-republique-francaise","20":"tag-societe"},"share_on_mastodon":{"url":"https:\/\/pubeurope.com\/@fr\/114719867861896476","error":""},"_links":{"self":[{"href":"https:\/\/www.europesays.com\/fr\/wp-json\/wp\/v2\/posts\/192770","targetHints":{"allow":["GET"]}}],"collection":[{"href":"https:\/\/www.europesays.com\/fr\/wp-json\/wp\/v2\/posts"}],"about":[{"href":"https:\/\/www.europesays.com\/fr\/wp-json\/wp\/v2\/types\/post"}],"author":[{"embeddable":true,"href":"https:\/\/www.europesays.com\/fr\/wp-json\/wp\/v2\/users\/2"}],"replies":[{"embeddable":true,"href":"https:\/\/www.europesays.com\/fr\/wp-json\/wp\/v2\/comments?post=192770"}],"version-history":[{"count":0,"href":"https:\/\/www.europesays.com\/fr\/wp-json\/wp\/v2\/posts\/192770\/revisions"}],"wp:featuredmedia":[{"embeddable":true,"href":"https:\/\/www.europesays.com\/fr\/wp-json\/wp\/v2\/media\/192771"}],"wp:attachment":[{"href":"https:\/\/www.europesays.com\/fr\/wp-json\/wp\/v2\/media?parent=192770"}],"wp:term":[{"taxonomy":"category","embeddable":true,"href":"https:\/\/www.europesays.com\/fr\/wp-json\/wp\/v2\/categories?post=192770"},{"taxonomy":"post_tag","embeddable":true,"href":"https:\/\/www.europesays.com\/fr\/wp-json\/wp\/v2\/tags?post=192770"}],"curies":[{"name":"wp","href":"https:\/\/api.w.org\/{rel}","templated":true}]}}