{"id":192772,"date":"2025-06-21T06:10:09","date_gmt":"2025-06-21T06:10:09","guid":{"rendered":"https:\/\/www.europesays.com\/fr\/192772\/"},"modified":"2025-06-21T06:10:09","modified_gmt":"2025-06-21T06:10:09","slug":"trace-calendrier-recours-quelle-issue-pour-le-boulevard-urbain-sud-a-marseille","status":"publish","type":"post","link":"https:\/\/www.europesays.com\/fr\/192772\/","title":{"rendered":"Trac\u00e9, calendrier, recours\u2026 quelle issue pour le Boulevard urbain sud \u00e0 Marseille ?"},"content":{"rendered":"<p>Pour le troisi\u00e8me samedi en un mois, les opposants au Boulevard urbain sud se donneront rendez-vous ce samedi 21\u00a0juin pour manifester leur refus de voir prolonger le trac\u00e9 de cette rocade partie de l\u2019\u00e9changeur Florian (10e). Apr\u00e8s <a href=\"https:\/\/www.laprovence.com\/article\/ecoplanete\/4779568252136114\/marseille-au-roy-despagne-a-lombre-de-la-pinede-menacee-ils-disent-non-au-boulevard-urbain-vert\" target=\"_blank\" rel=\"noopener\">la pin\u00e8de du Roy d\u2019Espagne le 17\u00a0mai<\/a> et les jardins familiaux Joseph-Aiguier, qui c\u00e9l\u00e9braient leurs 120\u00a0ans le 25\u00a0mai, c\u2019est \u00e0 l\u2019ob\u00e9lisque de Mazargues que le Collectif anti-nuisances du Boulevard urbain sud (Canbus) sera rejoint par une vingtaine d\u2019autres associations pour une manifestation en musique jusqu\u2019au parc de la Mathilde.<\/p>\n<p>Quel trac\u00e9\u00a0?<\/p>\n<p>Prolongement de la L2 de l\u2019est vers le sud de la ville,<a href=\"https:\/\/laprovence.com\/article\/societe\/5924675\/marseille-le-futur-boulevard-urbain-sud-mobilise-contre-lui.html\" target=\"_blank\" rel=\"noopener\"> le Boulevard urbain sud devait initialement relier l\u2019\u00e9changeur Florian (10e) \u00e0 la Pointe-Rouge (8e)<\/a>. La premi\u00e8re phase du projet a \u00e9t\u00e9 mise en service en juillet\u00a02020 de Florian \u00e0 la Gaye (9e). La d\u00e9claration d\u2019utilit\u00e9 publique (DUP) sur laquelle s\u2019appuie la M\u00e9tropole pour r\u00e9aliser la deuxi\u00e8me phase du Boulevard urbain sud a \u00e9t\u00e9 sign\u00e9e par le pr\u00e9fet en septembre\u00a02016 et prorog\u00e9e de cinq ans le 20\u00a0juillet\u00a02021. Sans travaux lanc\u00e9s avant le 8\u00a0septembre\u00a02026, cette DUP sera caduque.<\/p>\n","protected":false},"excerpt":{"rendered":"Pour le troisi\u00e8me samedi en un mois, les opposants au Boulevard urbain sud se donneront rendez-vous ce samedi&hellip;\n","protected":false},"author":2,"featured_media":192773,"comment_status":"","ping_status":"","sticky":false,"template":"","format":"standard","meta":{"footnotes":""},"categories":[2814],"tags":[17,1111,11,5731,525,1777,674,1011,27,33165,884,12,471,882,3837,9140,16,25,13460],"class_list":{"0":"post-192772","1":"post","2":"type-post","3":"status-publish","4":"format-standard","5":"has-post-thumbnail","7":"category-marseille","8":"tag-17","9":"tag-actu","10":"tag-actualites","11":"tag-boulevard","12":"tag-calendrier","13":"tag-eu","14":"tag-europe","15":"tag-fr","16":"tag-france","17":"tag-issue","18":"tag-marseille","19":"tag-news","20":"tag-pour","21":"tag-provence-alpes-cote-dazur","22":"tag-quelle","23":"tag-recours","24":"tag-region","25":"tag-republique-francaise","26":"tag-trace"},"share_on_mastodon":{"url":"https:\/\/pubeurope.com\/@fr\/114719871750023266","error":""},"_links":{"self":[{"href":"https:\/\/www.europesays.com\/fr\/wp-json\/wp\/v2\/posts\/192772","targetHints":{"allow":["GET"]}}],"collection":[{"href":"https:\/\/www.europesays.com\/fr\/wp-json\/wp\/v2\/posts"}],"about":[{"href":"https:\/\/www.europesays.com\/fr\/wp-json\/wp\/v2\/types\/post"}],"author":[{"embeddable":true,"href":"https:\/\/www.europesays.com\/fr\/wp-json\/wp\/v2\/users\/2"}],"replies":[{"embeddable":true,"href":"https:\/\/www.europesays.com\/fr\/wp-json\/wp\/v2\/comments?post=192772"}],"version-history":[{"count":0,"href":"https:\/\/www.europesays.com\/fr\/wp-json\/wp\/v2\/posts\/192772\/revisions"}],"wp:featuredmedia":[{"embeddable":true,"href":"https:\/\/www.europesays.com\/fr\/wp-json\/wp\/v2\/media\/192773"}],"wp:attachment":[{"href":"https:\/\/www.europesays.com\/fr\/wp-json\/wp\/v2\/media?parent=192772"}],"wp:term":[{"taxonomy":"category","embeddable":true,"href":"https:\/\/www.europesays.com\/fr\/wp-json\/wp\/v2\/categories?post=192772"},{"taxonomy":"post_tag","embeddable":true,"href":"https:\/\/www.europesays.com\/fr\/wp-json\/wp\/v2\/tags?post=192772"}],"curies":[{"name":"wp","href":"https:\/\/api.w.org\/{rel}","templated":true}]}}