{"id":192780,"date":"2025-06-21T06:14:08","date_gmt":"2025-06-21T06:14:08","guid":{"rendered":"https:\/\/www.europesays.com\/fr\/192780\/"},"modified":"2025-06-21T06:14:08","modified_gmt":"2025-06-21T06:14:08","slug":"une-escapade-le-long-de-la-seine-entre-lessonne-et-paris","status":"publish","type":"post","link":"https:\/\/www.europesays.com\/fr\/192780\/","title":{"rendered":"une escapade le long de la Seine entre l&rsquo;Essonne et Paris"},"content":{"rendered":"<p>            Par<br \/>\n        <strong><br \/>\n            <a href=\"https:\/\/actu.fr\/auteur\/coline-bonvalot-actu-fr\" title=\"Consulter tous les articles de Coline Bonvalot\" target=\"_blank\" rel=\"noopener\">Coline Bonvalot<\/a><br \/>\n        <\/strong><\/p>\n<p>        Publi\u00e9 le<\/p>\n<p>            21 juin 2025 \u00e0 7h04        <\/p>\n<p>Envie de d\u00e9couvrir <a href=\"https:\/\/actu.fr\/tag\/la-seine\" target=\"_blank\" rel=\"noopener\">les bords de Seine<\/a> et les joyaux naturels du <a href=\"https:\/\/actu.fr\/essonne\/\" target=\"_blank\" rel=\"noopener\">d\u00e9partement de l\u2019Essonne<\/a> jusqu\u2019au c\u0153ur de <a href=\"https:\/\/actu.fr\/paris\/\" target=\"_blank\" rel=\"noopener\">Paris<\/a>\u2009? Cette <a href=\"https:\/\/actu.fr\/tag\/velo\" target=\"_blank\" rel=\"noopener\">balade \u00e0 v\u00e9lo<\/a> n\u2019attend que vous. Les 22 et 29\u00a0juin, ainsi que le 6\u00a0juillet 2025, l\u2019Office de tourisme du<a href=\"https:\/\/actu.fr\/ile-de-france\/val-de-marne_94\" target=\"_blank\" rel=\"noopener\"> Val-de-Marne<\/a> organise <strong>une randonn\u00e9e \u00e0 v\u00e9lo de 30 kilom\u00e8tres<\/strong> au d\u00e9part de <a href=\"https:\/\/actu.fr\/tag\/rer-d\" target=\"_blank\" rel=\"noopener\">la gare RER D<\/a> d\u2019<a href=\"https:\/\/actu.fr\/ile-de-france\/evry-courcouronnes_91228\" target=\"_blank\" rel=\"noopener\">\u00c9vry-Courcouronnes<\/a> jusqu\u2019\u00e0 la capitale.<\/p>\n<p>Une balade entre nature pr\u00e9serv\u00e9e et patrimoine industriel<\/p>\n<p class=\" wall-content\">Lors de ce parcours d\u2019environ 3\u00a0heures, les participants pourront (re) d\u00e9couvrir la Seine ainsi que ses paysages vari\u00e9s, entre nature pr\u00e9serv\u00e9e et patrimoine industriel. L\u2019occasion id\u00e9ale pour se laisser charmer par <a href=\"https:\/\/actu.fr\/ile-de-france\/draveil_91201\/essonne-draveil-port-cerises-saffiche-comme-une-valeur-sure-face-canicule_26020962.html\" target=\"_blank\" rel=\"noopener\">le Port aux Cerises<\/a>, situ\u00e9e \u00e0 cheval sur les communes de Draveil et de Vigneux-sur-Seine, par l\u2019\u00e9cluse d\u2019Ablon-sur-Seine (Val-de-Marne) ou encore par les berges am\u00e9nag\u00e9es au c\u0153ur de Paris.<\/p>\n<p class=\" wall-content\">Cette balade sera anim\u00e9e par \u00c9milie. \u00ab\u2009Avec plus de 10\u00a0ans d\u2019exp\u00e9rience en cyclotourisme en \u00cele-de-France et des voyages \u00e0 v\u00e9lo \u00e0 travers l\u2019Europe, \u00c9milie partagera sa passion et ses conseils pour rendre cette balade accessible \u00e0 tous, que vous soyez d\u00e9butant ou cycliste aguerri\u2009\u00bb, pr\u00e9cisent les organisateurs.<\/p>\n<p class=\" wall-content\">Pour participer \u00e0 cet \u00e9v\u00e9nement, il faut au pr\u00e9alable <a href=\"https:\/\/exploreparis.com\/fr\/8726-les-bords-de-seine-a-velo-entre-evry-et-paris.html#\/\" target=\"_blank\" rel=\"noopener\">s\u2019inscrire en ligne<\/a>. Le prix est de 20\u00a0\u20ac. Le jour-j, les participants devront se pr\u00e9senter munis <strong>d\u2019un pique-nique<\/strong>.<\/p>\n<p>Vid\u00e9os : en ce moment sur Actu<\/p>\n<p class=\" wall-content\">\u00ab\u2009Ce parcours comporte peu de d\u00e9nivel\u00e9s, juste quelques ponts sont \u00e0 franchir. L\u2019allure de promenade sera mod\u00e9r\u00e9e. Le point d\u2019arriv\u00e9e est diff\u00e9rent du point de d\u00e9part, mais reste accessible en RER\u2009\u00bb, pr\u00e9vient l\u2019office de tourisme.<\/p>\n<p>Infos pratiques\u2009: \u00ab\u2009Les bords de Seine \u00e0 v\u00e9lo entre \u00c9vry et Paris\u2009\u00bb, les 22, 29\u00a0juin et le 6\u00a0juillet 2025. D\u00e9part 10\u2009h\u200930 de la gare RER d\u2019\u00c9vry-Courcouronnes. Prix\u2009: 10\u00a0\u20ac. Inscription obligatoire.<\/p>\n<p class=\" wall-content\">Suivez toute l\u2019actualit\u00e9 de vos villes et m\u00e9dias favoris en vous inscrivant \u00e0 <a href=\"https:\/\/moncompte.actu.fr\" title=\"D\u00e9couvez Mon Actu\" rel=\"nofollow noopener\" data-trk=\"{&quot;cta&quot;:{&quot;action&quot;:&quot;https:\\\/\\\/moncompte.actu.fr&quot;,&quot;category&quot;:&quot;mon compte&quot;,&quot;from&quot;:&quot;article footer&quot;,&quot;name&quot;:&quot;Mon actu&quot;,&quot;type&quot;:&quot;cta&quot;}}\" target=\"_blank\">Mon Actu<\/a>.<\/p>\n","protected":false},"excerpt":{"rendered":"Par Coline Bonvalot Publi\u00e9 le 21 juin 2025 \u00e0 7h04 Envie de d\u00e9couvrir les bords de Seine et&hellip;\n","protected":false},"author":2,"featured_media":192781,"comment_status":"","ping_status":"","sticky":false,"template":"","format":"standard","meta":{"footnotes":""},"categories":[1592],"tags":[1111,11,1777,674,1011,27,662,5353,1652,12,626,25,7759,208],"class_list":{"0":"post-192780","1":"post","2":"type-post","3":"status-publish","4":"format-standard","5":"has-post-thumbnail","7":"category-ile-de-france","8":"tag-actu","9":"tag-actualites","10":"tag-eu","11":"tag-europe","12":"tag-fr","13":"tag-france","14":"tag-ile-de-france","15":"tag-la-seine","16":"tag-loisirs-culture","17":"tag-news","18":"tag-paris","19":"tag-republique-francaise","20":"tag-rer-d","21":"tag-velo"},"share_on_mastodon":{"url":"https:\/\/pubeurope.com\/@fr\/114719887526077844","error":""},"_links":{"self":[{"href":"https:\/\/www.europesays.com\/fr\/wp-json\/wp\/v2\/posts\/192780","targetHints":{"allow":["GET"]}}],"collection":[{"href":"https:\/\/www.europesays.com\/fr\/wp-json\/wp\/v2\/posts"}],"about":[{"href":"https:\/\/www.europesays.com\/fr\/wp-json\/wp\/v2\/types\/post"}],"author":[{"embeddable":true,"href":"https:\/\/www.europesays.com\/fr\/wp-json\/wp\/v2\/users\/2"}],"replies":[{"embeddable":true,"href":"https:\/\/www.europesays.com\/fr\/wp-json\/wp\/v2\/comments?post=192780"}],"version-history":[{"count":0,"href":"https:\/\/www.europesays.com\/fr\/wp-json\/wp\/v2\/posts\/192780\/revisions"}],"wp:featuredmedia":[{"embeddable":true,"href":"https:\/\/www.europesays.com\/fr\/wp-json\/wp\/v2\/media\/192781"}],"wp:attachment":[{"href":"https:\/\/www.europesays.com\/fr\/wp-json\/wp\/v2\/media?parent=192780"}],"wp:term":[{"taxonomy":"category","embeddable":true,"href":"https:\/\/www.europesays.com\/fr\/wp-json\/wp\/v2\/categories?post=192780"},{"taxonomy":"post_tag","embeddable":true,"href":"https:\/\/www.europesays.com\/fr\/wp-json\/wp\/v2\/tags?post=192780"}],"curies":[{"name":"wp","href":"https:\/\/api.w.org\/{rel}","templated":true}]}}