{"id":192782,"date":"2025-06-21T06:15:16","date_gmt":"2025-06-21T06:15:16","guid":{"rendered":"https:\/\/www.europesays.com\/fr\/192782\/"},"modified":"2025-06-21T06:15:16","modified_gmt":"2025-06-21T06:15:16","slug":"paris-ultime-desaveu-en-justice-pour-anne-hidalgo-qui-a-refuse-de-communiquer-la-carte-des-salles-de-shoot","status":"publish","type":"post","link":"https:\/\/www.europesays.com\/fr\/192782\/","title":{"rendered":"Paris. Ultime d\u00e9saveu en justice pour Anne Hidalgo, qui a refus\u00e9 de communiquer la carte des salles de shoot"},"content":{"rendered":"<p>            Par<br \/>\n        <strong><br \/>\n            <a href=\"https:\/\/actu.fr\/auteur\/redaction-paris\" title=\"Consulter tous les articles de R\u00e9daction Paris\" target=\"_blank\" rel=\"noopener\">R\u00e9daction Paris<\/a><br \/>\n        <\/strong><\/p>\n<p>        Publi\u00e9 le<\/p>\n<p>            21 juin 2025 \u00e0 7h46        <\/p>\n<p>\u00c0 l\u2019\u00e9t\u00e9 2021, 35 sites avaient \u00e9t\u00e9 \u00ab\u2009identifi\u00e9s\u2009\u00bb par les services de la maire de<a href=\"https:\/\/actu.fr\/paris\/dernieres-actus\" target=\"_blank\" rel=\"noopener\"> Paris<\/a> (PS), <a href=\"https:\/\/actu.fr\/tag\/anne-hidalgo\" target=\"_blank\" rel=\"noopener\">Anne Hidalgo<\/a>, pour accueillir des \u00ab\u2009espaces int\u00e9gr\u00e9s de prise en charge des usagers de crack\u2009\u00bb, les fameuses <a href=\"https:\/\/actu.fr\/ile-de-france\/paris_75056\/heroine-et-crack-vers-la-creation-de-nouvelles-salles-de-consommation-de-drogues-a-paris_41638291.html\" target=\"_blank\" rel=\"noopener\">salles de shoot<\/a>. L\u2019une d\u2019elles se trouvait sur le \u00ab\u2009site des anciennes latrines\u2009\u00bb situ\u00e9 devant l\u2019immeuble de la copropri\u00e9t\u00e9 du 28, boulevard de Bonne-Nouvelle (10e).<br \/>Le syndicat des copropri\u00e9taires avait alors saisi le <a href=\"https:\/\/actu.fr\/tag\/tribunal-administratif-de-paris\" target=\"_blank\" rel=\"noopener\">tribunal administratif de Paris<\/a> pour faire annuler la d\u00e9cision, mais aussi obtenir la communication de la cartographie des salles de shoot et \u00ab\u2009l\u2019expertise\u2009\u00bb faite par les agents municipaux sur chacune d\u2019elles.<\/p>\n<p>Les administrations sont tenues de publier les documents demand\u00e9s<\/p>\n<p class=\" wall-content\">Sur le premier point le syndicat avait \u00e9t\u00e9 d\u00e9savou\u00e9, mais pas sur le second\u2009: la Commission d\u2019acc\u00e8s aux documents administratifs (Cada) avait \u00e9mis un \u00ab\u2009avis favorable\u2009\u00bb \u00e0 sa demande.<\/p>\n<p class=\" wall-content\">Le 15\u00a0juin 2023 la juridiction avait donc donn\u00e9 <a href=\"https:\/\/actu.fr\/ile-de-france\/paris_75056\/salles-de-shoot-a-paris-la-ville-devra-communiquer-la-liste-des-lieux-envisages_59881775.html\" target=\"_blank\" rel=\"noopener\">un mois \u00e0 la Ville de Paris pour communiquer ces documents<\/a>. Mais l\u2019\u00e9quipe d\u2019Anne Hidalgo s\u2019\u00e9tait tourn\u00e9e vers le <a href=\"https:\/\/actu.fr\/tag\/conseil-d-etat\" target=\"_blank\" rel=\"noopener\">Conseil d\u2019\u00c9tat<\/a>\u2009: cette carte n\u2019\u00e9tait qu\u2019un simple \u00ab\u2009document pr\u00e9paratoire\u2009\u00bb et en aucun cas une quelconque \u00ab\u2009d\u00e9cision administrative\u2009\u00bb.<\/p>\n<p class=\" wall-content\">Reste que la loi pr\u00e9voit que \u00ab\u2009les administrations [\u2026] sont tenues de publier en ligne ou de communiquer les documents administratifs qu\u2019elles d\u00e9tiennent aux personnes qui en font la demande\u2009\u00bb. \u00ab\u2009Le droit \u00e0 communication ne s\u2019applique qu\u2019\u00e0 des documents achev\u00e9s\u2009\u00bb et \u00ab\u2009ne concerne pas les documents pr\u00e9paratoires \u00e0 une d\u00e9cision administrative [\u2026] en cours d\u2019\u00e9laboration\u2009\u00bb, pr\u00e9cise un second article de loi.<\/p>\n<p>Des indemnit\u00e9s aux copropri\u00e9taires\u00a0<\/p>\n<p class=\" wall-content\">Dans cette affaire, rappelle le Conseil d\u2019\u00c9tat dans <a href=\"https:\/\/www.conseil-etat.fr\/fr\/arianeweb\/CE\/decision\/2025-04-10\/482531\" target=\"_blank\" rel=\"noopener\">un arr\u00eat<\/a> qui vient d\u2019\u00eatre rendu public, \u00ab\u2009le processus de localisation de ces sites et l\u2019expertise de chacun d\u2019eux \u00e9taient achev\u00e9s\u2009\u00bb au moment de la demande, consid\u00e8re le Conseil d\u2019\u00c9tat. \u00ab\u2009Par une lettre du 20\u00a0ao\u00fbt 2021 dont la teneur a \u00e9t\u00e9 rendue publique le m\u00eame jour, la maire de Paris a inform\u00e9 le Premier ministre qu\u2019apr\u00e8s avoir expertis\u00e9 pr\u00e8s de 35 lieux, la Ville avait identifi\u00e9 quatre sites adapt\u00e9s [\u2026], dont deux dans le quartier des Grands-Boulevards, en limite du 10e arrondissement. L\u2019un d\u2019entre eux\u2009devait \u00eatre op\u00e9rationnel avant la fin de l\u2019ann\u00e9e.\u00a0\u00bb<\/p>\n<p class=\" wall-content\">Cette \u00ab\u2009cartographie\u2009\u00bb ne pr\u00e9sentait donc pas \u00ab\u2009un caract\u00e8re pr\u00e9paratoire\u2009\u00bb, comme le soutenait Anne Hidalgo. La Ville devra dans ces conditions verser 3\u2009000\u00a0euros aux copropri\u00e9taires de l\u2019immeuble pour leurs frais de justice, somme qui s\u2019ajoute aux 1\u2009500\u00a0euros octroy\u00e9s par le tribunal administratif de Paris en juin\u00a02023.<\/p>\n<p class=\" wall-content\"><strong>\/MJ (PressPepper)<\/strong><\/p>\n<p class=\" wall-content\">Suivez toute l\u2019actualit\u00e9 de vos villes et m\u00e9dias favoris en vous inscrivant \u00e0 <a href=\"https:\/\/moncompte.actu.fr\" title=\"D\u00e9couvez Mon Actu\" rel=\"nofollow noopener\" data-trk=\"{&quot;cta&quot;:{&quot;action&quot;:&quot;https:\\\/\\\/moncompte.actu.fr&quot;,&quot;category&quot;:&quot;mon compte&quot;,&quot;from&quot;:&quot;article footer&quot;,&quot;name&quot;:&quot;Mon actu&quot;,&quot;type&quot;:&quot;cta&quot;}}\" target=\"_blank\">Mon Actu<\/a>.<\/p>\n","protected":false},"excerpt":{"rendered":"Par R\u00e9daction Paris Publi\u00e9 le 21 juin 2025 \u00e0 7h46 \u00c0 l\u2019\u00e9t\u00e9 2021, 35 sites avaient \u00e9t\u00e9 \u00ab\u2009identifi\u00e9s\u2009\u00bb&hellip;\n","protected":false},"author":2,"featured_media":192783,"comment_status":"","ping_status":"","sticky":false,"template":"","format":"standard","meta":{"footnotes":""},"categories":[1888],"tags":[1111,1928,11,1927,2618,1052,1777,674,118,1011,27,303,12,1926,626,1925,25],"class_list":{"0":"post-192782","1":"post","2":"type-post","3":"status-publish","4":"format-standard","5":"has-post-thumbnail","7":"category-paris","8":"tag-actu","9":"tag-actu-paris","10":"tag-actualites","11":"tag-actualites-paris","12":"tag-anne-hidalgo","13":"tag-drogue","14":"tag-eu","15":"tag-europe","16":"tag-faits-divers","17":"tag-fr","18":"tag-france","19":"tag-justice","20":"tag-news","21":"tag-news-paris","22":"tag-paris","23":"tag-paris-news","24":"tag-republique-francaise"},"share_on_mastodon":{"url":"https:\/\/pubeurope.com\/@fr\/114719891387552140","error":""},"_links":{"self":[{"href":"https:\/\/www.europesays.com\/fr\/wp-json\/wp\/v2\/posts\/192782","targetHints":{"allow":["GET"]}}],"collection":[{"href":"https:\/\/www.europesays.com\/fr\/wp-json\/wp\/v2\/posts"}],"about":[{"href":"https:\/\/www.europesays.com\/fr\/wp-json\/wp\/v2\/types\/post"}],"author":[{"embeddable":true,"href":"https:\/\/www.europesays.com\/fr\/wp-json\/wp\/v2\/users\/2"}],"replies":[{"embeddable":true,"href":"https:\/\/www.europesays.com\/fr\/wp-json\/wp\/v2\/comments?post=192782"}],"version-history":[{"count":0,"href":"https:\/\/www.europesays.com\/fr\/wp-json\/wp\/v2\/posts\/192782\/revisions"}],"wp:featuredmedia":[{"embeddable":true,"href":"https:\/\/www.europesays.com\/fr\/wp-json\/wp\/v2\/media\/192783"}],"wp:attachment":[{"href":"https:\/\/www.europesays.com\/fr\/wp-json\/wp\/v2\/media?parent=192782"}],"wp:term":[{"taxonomy":"category","embeddable":true,"href":"https:\/\/www.europesays.com\/fr\/wp-json\/wp\/v2\/categories?post=192782"},{"taxonomy":"post_tag","embeddable":true,"href":"https:\/\/www.europesays.com\/fr\/wp-json\/wp\/v2\/tags?post=192782"}],"curies":[{"name":"wp","href":"https:\/\/api.w.org\/{rel}","templated":true}]}}