{"id":192784,"date":"2025-06-21T06:16:14","date_gmt":"2025-06-21T06:16:14","guid":{"rendered":"https:\/\/www.europesays.com\/fr\/192784\/"},"modified":"2025-06-21T06:16:14","modified_gmt":"2025-06-21T06:16:14","slug":"horaires-acces-points-de-vue-tout-savoir-sur-le-retour-de-la-vasque-olympique-a-paris","status":"publish","type":"post","link":"https:\/\/www.europesays.com\/fr\/192784\/","title":{"rendered":"Horaires, acc\u00e8s, points de vue\u2026 Tout savoir sur le retour de la vasque olympique \u00e0 Paris"},"content":{"rendered":"<p>AFP<\/p>\n<p><a class=\"Td(n) C($inherit) LineClamp(2,45px) D(f) rapidnofollow\" data-uuid=\"4b8d8329-43ee-3481-99bf-8be10637d168\" href=\"https:\/\/fr.news.yahoo.com\/vasque-olympique-retour-dispositif-technique-130019599.html\" data-ylk=\"elm:hdln;itc:0;pos:1;sec:strm;subsec:moreforyou;cpos:22;ct:story;g:4b8d8329-43ee-3481-99bf-8be10637d168\" data-hosted-type=\"HOSTED\" target=\"_blank\" rel=\"noopener\">La vasque olympique de retour avec un dispositif technique renforc\u00e9<\/a><\/p>\n<p class=\"M(0) C($summaryColor) Fz(14px) Lh(1.43em) LineClamp(3,60px)\">La vasque olympique est de retour aux Tuileries, o\u00f9 elle s&rsquo;\u00e9l\u00e8vera \u00e0 nouveau dans le ciel de Paris samedi soir, avec un dispositif technique renforc\u00e9 pour lui permettre de \u00ab\u00a0voler\u00a0\u00bb trois \u00e9t\u00e9s cons\u00e9cutifs, ont expliqu\u00e9 ses concepteurs \u00e0 la presse jeudi.Donc lorsque la d\u00e9cision a \u00e9t\u00e9 prise par la pr\u00e9sidence de la R\u00e9publique de la faire revenir, il a fallu revoir toute la partie technique\u00a0\u00bb, ajoute celui qui a aussi imagin\u00e9 les torches olympiques de Paris-2024.<\/p>\n","protected":false},"excerpt":{"rendered":"AFP La vasque olympique de retour avec un dispositif technique renforc\u00e9 La vasque olympique est de retour aux&hellip;\n","protected":false},"author":2,"featured_media":192785,"comment_status":"","ping_status":"","sticky":false,"template":"","format":"standard","meta":{"footnotes":""},"categories":[1888],"tags":[1111,1928,11,1927,1777,674,1011,27,21406,33166,12,1926,626,1925,25,33168,23046,33167],"class_list":{"0":"post-192784","1":"post","2":"type-post","3":"status-publish","4":"format-standard","5":"has-post-thumbnail","7":"category-paris","8":"tag-actu","9":"tag-actu-paris","10":"tag-actualites","11":"tag-actualites-paris","12":"tag-eu","13":"tag-europe","14":"tag-fr","15":"tag-france","16":"tag-jardin-des-tuileries","17":"tag-marie-jose-perec","18":"tag-news","19":"tag-news-paris","20":"tag-paris","21":"tag-paris-news","22":"tag-republique-francaise","23":"tag-symbole-des-jeux","24":"tag-teddy-riner","25":"tag-torche-olympique"},"share_on_mastodon":{"url":"https:\/\/pubeurope.com\/@fr\/114719895315855584","error":""},"_links":{"self":[{"href":"https:\/\/www.europesays.com\/fr\/wp-json\/wp\/v2\/posts\/192784","targetHints":{"allow":["GET"]}}],"collection":[{"href":"https:\/\/www.europesays.com\/fr\/wp-json\/wp\/v2\/posts"}],"about":[{"href":"https:\/\/www.europesays.com\/fr\/wp-json\/wp\/v2\/types\/post"}],"author":[{"embeddable":true,"href":"https:\/\/www.europesays.com\/fr\/wp-json\/wp\/v2\/users\/2"}],"replies":[{"embeddable":true,"href":"https:\/\/www.europesays.com\/fr\/wp-json\/wp\/v2\/comments?post=192784"}],"version-history":[{"count":0,"href":"https:\/\/www.europesays.com\/fr\/wp-json\/wp\/v2\/posts\/192784\/revisions"}],"wp:featuredmedia":[{"embeddable":true,"href":"https:\/\/www.europesays.com\/fr\/wp-json\/wp\/v2\/media\/192785"}],"wp:attachment":[{"href":"https:\/\/www.europesays.com\/fr\/wp-json\/wp\/v2\/media?parent=192784"}],"wp:term":[{"taxonomy":"category","embeddable":true,"href":"https:\/\/www.europesays.com\/fr\/wp-json\/wp\/v2\/categories?post=192784"},{"taxonomy":"post_tag","embeddable":true,"href":"https:\/\/www.europesays.com\/fr\/wp-json\/wp\/v2\/tags?post=192784"}],"curies":[{"name":"wp","href":"https:\/\/api.w.org\/{rel}","templated":true}]}}