{"id":192786,"date":"2025-06-21T06:17:16","date_gmt":"2025-06-21T06:17:16","guid":{"rendered":"https:\/\/www.europesays.com\/fr\/192786\/"},"modified":"2025-06-21T06:17:16","modified_gmt":"2025-06-21T06:17:16","slug":"pic-de-canicule-ce-samedi-vers-un-premier-jour-dete-suffocant","status":"publish","type":"post","link":"https:\/\/www.europesays.com\/fr\/192786\/","title":{"rendered":"Pic de canicule ce samedi : vers un premier jour d\u2019\u00e9t\u00e9 suffocant"},"content":{"rendered":"<p class=\"paragraph text_align_left lp-f-body-02\">Vous avez eu trop chaud ces derniers jours ? Le \u00ab pire \u00bb est \u00e0 venir. Ce samedi sera, en effet, le jour le plus intense de <a href=\"https:\/\/www.leparisien.fr\/meteo\/vague-de-chaleur-en-france-ou-va-t-il-faire-le-plus-chaud-en-fin-de-semaine-18-06-2025-SCFC5UXAHJGMXHE5ABZTHNB3EU.php\" target=\"_blank\" rel=\"noreferrer noopener\">cet \u00e9pisode pr\u00e9coce de fortes chaleurs<\/a> \u00e0 l\u2019\u00e9chelle du pays entier. 16 d\u00e9partements ont \u00e9t\u00e9 plac\u00e9s, d\u00e8s vendredi, en vigilance orange.<\/p>\n<p class=\"paragraph text_align_left lp-f-body-02\">Si certains \u2014 comme les marchands de glace \u2014 y trouvent leur compte, beaucoup d\u2019autres craignent de suffoquer voire s\u2019alarment des cons\u00e9quences du r\u00e9chauffement climatique \u2014 qui <a href=\"https:\/\/www.leparisien.fr\/environnement\/climat\/rechauffement-climatique-lobjectif-des-15-c-declare-inatteignable-et-alors-19-06-2025-U2TFBRP67VALHF552IKJGY3W54.php\" target=\"_blank\" rel=\"noreferrer noopener\">ne pourra plus \u00eatre contenu \u00e0 + 1,5 \u00b0C \u00e0 l\u2019\u00e9chelle mondiale<\/a>, d\u2019apr\u00e8s une \u00e9tude parue ce jeudi. Voici ce qu\u2019il faut en savoir.<\/p>\n<p>\u00c0 quoi s\u2019attendre ce samedi ?<\/p>\n<p class=\"paragraph text_align_left lp-f-body-02\">D\u00e9j\u00e0 en hausse constante ces derniers jours, les temp\u00e9ratures vont encore monter d\u2019un cran ce samedi. Le thermom\u00e8tre devrait atteindre, au plus haut de la journ\u00e9e, plus de 35 \u00b0C et jusqu\u2019\u00e0 40 \u00b0C localement sur une large partie du Centre-Ouest ainsi qu\u2019au sud-est du pays.<\/p>\n<p class=\"paragraph text_align_left lp-f-body-02\">\u00ab Ces fortes chaleurs vont s\u2019\u00e9tendre jusqu\u2019\u00e0 la r\u00e9gion parisienne et la Provence \u00bb, d\u00e9crit J\u00e9r\u00f4me Lecou, pr\u00e9visionniste \u00e0 M\u00e9t\u00e9o France. On attend notamment, au plus chaud de la journ\u00e9e, 38 \u00b0C \u00e0 Poitiers, 37 \u00b0C \u00e0 Nantes ou encore 36 \u00b0C \u00e0 Paris. Des records mensuels pourraient \u00eatre battus dans ces r\u00e9gions. Il faudra habiter \u00e0 l\u2019extr\u00e9mit\u00e9 de la Bretagne ou du Pays basque pour rester sous les 30 \u00b0C.<\/p>\n<p><img decoding=\"async\" class=\"image \" loading=\"lazy\" src=\"https:\/\/www.europesays.com\/fr\/wp-content\/uploads\/2025\/06\/UVXVEOWRPJFDZNKJJI5QWMOH3M.jpg\" alt=\"\" align=\"\" data-rubrique-principale=\"\" data-article-type=\"\" fetchpriority=\"auto\"\/><\/p>\n<p class=\"paragraph text_align_left lp-f-body-02\">La nuit, le thermom\u00e8tre ne descendra pas sous le seuil de 20 \u00b0C sur une bonne partie du pays, y compris \u00e0 Paris. On parle alors de <a href=\"https:\/\/www.leparisien.fr\/societe\/sante\/canicule-nos-conseils-pour-bien-dormir-quand-il-fait-chaud-la-nuit-19-06-2025-ZV3HWXO7HVAFVPAM3RWLZ7Y2LM.php\" target=\"_self\" rel=\"noopener\">nuit \u00ab tropicale \u00bb<\/a>, durant laquelle l\u2019organisme peine \u00e0 r\u00e9cup\u00e9rer efficacement. Cet \u00e9pisode tr\u00e8s chaud va aussi accentuer la <a href=\"https:\/\/www.leparisien.fr\/meteo\/secheresse\/\" target=\"_self\" rel=\"noopener\">s\u00e9cheresse<\/a> des sols, d\u00e9j\u00e0 tr\u00e8s peu humides dans la moiti\u00e9 nord du pays \u00e0 cause d\u2019un d\u00e9ficit de pluie ces derniers mois.<\/p>\n<p class=\"paragraph text_align_left lp-f-body-02\">Pour autant, on ne pourra pas parler de \u00ab <a href=\"https:\/\/www.leparisien.fr\/meteo\/canicule\/\" target=\"_self\" rel=\"noopener\">canicule<\/a> \u00bb partout. \u00c0 Paris, par exemple, les seuils requis de temp\u00e9ratures maximales et minimales sur trois jours d\u2019affil\u00e9e <a href=\"https:\/\/www.leparisien.fr\/meteo\/canicule-pourquoi-paris-y-echappe-officiellement-20-06-2025-C2T3NOPXA5E6ZLOZIQG4JPNBFM.php\" target=\"_blank\" rel=\"noreferrer noopener\">ne seront sans doute pas remplis<\/a>. Mais les valeurs atteintes ce samedi apr\u00e8s-midi y seront bel et bien caniculaires.<\/p>\n<p>Cet \u00e9pisode est-il exceptionnel, voire in\u00e9dit ?<\/p>\n<p class=\"paragraph text_align_left lp-f-body-02\">Exceptionnel, oui. Les temp\u00e9ratures maximales vont souvent d\u00e9passer de 10 \u00e0 12 degr\u00e9s les valeurs \u00ab normales \u00bb de saison, c\u2019est-\u00e0-dire la moyenne sur trente ans pour cette p\u00e9riode de l\u2019ann\u00e9e. Un tel \u00e9cart est rendu de moins en moins rare par le changement climatique, qui \u00ab booste \u00bb le thermom\u00e8tre.<\/p>\n<p class=\"paragraph text_align_left lp-f-body-02\">Mais in\u00e9dit, non. Il y a d\u00e9j\u00e0 eu des vagues de chaleur tr\u00e8s intenses en juin, par exemple mi-2022 puis \u00e0 la toute fin du mois en 2019. Le record absolu de chaleur en France date d\u2019ailleurs de cette p\u00e9riode : <a href=\"https:\/\/www.leparisien.fr\/societe\/le-record-absolu-de-temperature-du-28-juin-reevalue-a-46-c-19-07-2019-8120094.php\" target=\"_self\" rel=\"noopener\">46 \u00b0C \u00e0 V\u00e9rargues (H\u00e9rault), le 28 juin 2019<\/a>.<\/p>\n<p class=\"paragraph text_align_left lp-f-body-02\">Reste que l\u2019actuelle vague de chaleur pourrait se classer dans le top 3 mensuel. \u00ab On ne devrait pas atteindre un pic d\u2019intensit\u00e9 aussi marqu\u00e9 qu\u2019en juin 2019 ou 2022, m\u00eame si cela reste \u00e0 confirmer \u00bb, pointe Lauriane Batt\u00e9, climatologue \u00e0 M\u00e9t\u00e9o France.<\/p>\n<p class=\"paragraph text_align_left lp-f-body-02\">Par ailleurs, un tel \u00e9pisode a de plus en plus de chances de survenir au fil des ann\u00e9es, une cons\u00e9quence \u2014 l\u00e0 aussi \u2014 du changement climatique. Parmi les 50 vagues de chaleur recens\u00e9es en France depuis 1945 \u00e0 partir de seuils tr\u00e8s pr\u00e9cis, la moiti\u00e9 datent de l\u2019apr\u00e8s-2010.<\/p>\n<p>Et \u00e0 partir de dimanche, c\u2019est fini ?<\/p>\n<p class=\"paragraph text_align_left lp-f-body-02\">Bonne nouvelle : cet \u00e9pisode caniculaire sera aussi intense que bref. En effet, pour dimanche et encore davantage lundi, de l\u2019air plus frais en provenance de la fa\u00e7ade Atlantique fera sensiblement diminuer les temp\u00e9ratures sur les r\u00e9gions concern\u00e9es. \u00ab On aura d\u00e8s samedi soir un premier l\u00e9ger rafra\u00eechissement, qui va s\u2019amplifier ensuite \u00bb, anticipe le pr\u00e9visionniste J\u00e9r\u00f4me Lecou.<\/p>\n<p class=\"paragraph text_align_left lp-f-body-02\">\u00c0 Nantes, par exemple, il devrait faire \u2014 au plus chaud de la journ\u00e9e \u2014 27 \u00b0C dimanche puis 25 \u00b0C lundi, soit 10 \u00e0 12 degr\u00e9s de moins que ce samedi. Il sera largement possible de respirer la nuit, avec un mercure descendant jusqu\u2019\u00e0 16 \u00b0C au petit matin. En revanche, la journ\u00e9e de dimanche restera tr\u00e8s chaude dans l\u2019est du pays, o\u00f9 il fera jusqu\u2019\u00e0 37 \u00b0C localement (soit davantage que samedi).<\/p>\n<p class=\"paragraph text_align_left lp-f-body-02\">Pour les jours d\u2019apr\u00e8s, les temp\u00e9ratures devraient de nouveau grimper sur le Centre-Ouest pour atteindre autour de 30 \u00e0 32 \u00b0C. \u00ab Le temps chaud va perdurer, mais \u00e0 un niveau nettement moindre que ces jours-ci \u00bb, r\u00e9sume J\u00e9r\u00f4me Lecou. Mais nous ne serons pas encore rentr\u00e9s dans les deux mois traditionnellement les plus chauds de l\u2019ann\u00e9e\u2026<\/p>\n","protected":false},"excerpt":{"rendered":"Vous avez eu trop chaud ces derniers jours ? Le \u00ab pire \u00bb est \u00e0 venir. Ce samedi&hellip;\n","protected":false},"author":2,"featured_media":192787,"comment_status":"","ping_status":"","sticky":false,"template":"","format":"standard","meta":{"footnotes":""},"categories":[1888],"tags":[11,1777,674,1011,27,3746,2487,12,626,25],"class_list":{"0":"post-192786","1":"post","2":"type-post","3":"status-publish","4":"format-standard","5":"has-post-thumbnail","7":"category-paris","8":"tag-actualites","9":"tag-eu","10":"tag-europe","11":"tag-fr","12":"tag-france","13":"tag-futurs","14":"tag-meteo","15":"tag-news","16":"tag-paris","17":"tag-republique-francaise"},"share_on_mastodon":{"url":"https:\/\/pubeurope.com\/@fr\/114719899336759082","error":""},"_links":{"self":[{"href":"https:\/\/www.europesays.com\/fr\/wp-json\/wp\/v2\/posts\/192786","targetHints":{"allow":["GET"]}}],"collection":[{"href":"https:\/\/www.europesays.com\/fr\/wp-json\/wp\/v2\/posts"}],"about":[{"href":"https:\/\/www.europesays.com\/fr\/wp-json\/wp\/v2\/types\/post"}],"author":[{"embeddable":true,"href":"https:\/\/www.europesays.com\/fr\/wp-json\/wp\/v2\/users\/2"}],"replies":[{"embeddable":true,"href":"https:\/\/www.europesays.com\/fr\/wp-json\/wp\/v2\/comments?post=192786"}],"version-history":[{"count":0,"href":"https:\/\/www.europesays.com\/fr\/wp-json\/wp\/v2\/posts\/192786\/revisions"}],"wp:featuredmedia":[{"embeddable":true,"href":"https:\/\/www.europesays.com\/fr\/wp-json\/wp\/v2\/media\/192787"}],"wp:attachment":[{"href":"https:\/\/www.europesays.com\/fr\/wp-json\/wp\/v2\/media?parent=192786"}],"wp:term":[{"taxonomy":"category","embeddable":true,"href":"https:\/\/www.europesays.com\/fr\/wp-json\/wp\/v2\/categories?post=192786"},{"taxonomy":"post_tag","embeddable":true,"href":"https:\/\/www.europesays.com\/fr\/wp-json\/wp\/v2\/tags?post=192786"}],"curies":[{"name":"wp","href":"https:\/\/api.w.org\/{rel}","templated":true}]}}