{"id":192788,"date":"2025-06-21T06:18:10","date_gmt":"2025-06-21T06:18:10","guid":{"rendered":"https:\/\/www.europesays.com\/fr\/192788\/"},"modified":"2025-06-21T06:18:10","modified_gmt":"2025-06-21T06:18:10","slug":"le-ballon-soulevant-la-vasque-olympique-retrouve-le-ciel-de-paris-21-06-2025-a-0806","status":"publish","type":"post","link":"https:\/\/www.europesays.com\/fr\/192788\/","title":{"rendered":"Le ballon soulevant la vasque olympique retrouve le ciel de Paris &#8211; 21\/06\/2025 \u00e0 08:06"},"content":{"rendered":"<p>        <img fetchpriority=\"high\" decoding=\"async\" src=\"https:\/\/www.europesays.com\/fr\/wp-content\/uploads\/2025\/06\/5675ce03d1b36fec34843122c4b1cfda-760x533.jpg\" alt=\"Jeux olympiques de Paris 2024 - C\u00e9r\u00e9monie d'ouverture\" loading=\"eager\" width=\"760\" height=\"533\" style=\"max-width: 100%!important; height: auto;\"\/><\/p>\n<p class=\"c-image-news__legend\">Jeux olympiques de Paris 2024 &#8211; C\u00e9r\u00e9monie d&rsquo;ouverture<\/p>\n<p>\n C&rsquo;est l&rsquo;une des images les plus embl\u00e9matiques des Jeux olympiques et paralympiques de 2024 \u00e0 Paris : l&rsquo;envol au coeur de la capitale, chaque soir au coucher du soleil, d&rsquo;un ballon g\u00e9ant portant la vasque o\u00f9 brille le \u00ab\u00a0feu\u00a0\u00bb de l&rsquo;Olympe.\n<\/p>\n<p>\n Devant le succ\u00e8s public, les autorit\u00e9s fran\u00e7aises ont d\u00e9cid\u00e9 de renouveler l&rsquo;exp\u00e9rience chaque soir de l&rsquo;\u00e9t\u00e9, \u00e0 partir de ce samedi, qui co\u00efncide avec la F\u00eate de la musique, jusqu&rsquo;aux Jeux olympiques de 2028 \u00e0 Los Angeles.\n<\/p>\n<p>\n \u00ab\u00a0Rendez-vous le 21 juin, jusqu&rsquo;au 14 septembre, dans les trois ann\u00e9es \u00e0 venir, on va revivre \u00e7a\u00a0\u00bb, a d\u00e9clar\u00e9 le pr\u00e9sident Emmanuel Macron sur les r\u00e9seaux sociaux en d\u00e9but de semaine, lors de la visite du chantier dans les jardins des Tuileries.\n<\/p>\n<p>\n Le 14 septembre correspond \u00e0 la F\u00eate nationale du Sport, instaur\u00e9e par le chef de l&rsquo;Etat dans le sillage de l&rsquo;olympiade parisienne.\n<\/p>\n<p>\n Durant les Jeux de Paris, de fin juillet \u00e0 mi-septembre 2024, l&rsquo;envol de la vasque a connu un grand succ\u00e8s au point d&rsquo;attirer chaque soir des milliers de personnes dans les jardins qui jouxtent le Palais du Louvre.\n<\/p>\n<p>\n Beaucoup de Parisiens, qui ont fui en masse la capitale au moment des Jeux, vont pouvoir profiter du spectacle cet \u00e9t\u00e9.\n<\/p>\n<p>\n \u00ab\u00a0Je pense que c&rsquo;est une bonne id\u00e9e\u00a0\u00bb, a d\u00e9clar\u00e9 \u00e0 Reuters une passante professeure de profession, Claire Besinet. \u00ab\u00a0Toute cette organisation c&rsquo;est beaucoup d&rsquo;argent, c&rsquo;est important que les gens puissent profiter de ce qui a \u00e9t\u00e9 install\u00e9 le plus longtemps possible.\u00a0\u00bb\n<\/p>\n<p>\n Pour Mathieu Lehanneur, concepteur de la vasque olympique de sept m\u00e8tres de diam\u00e8tre d\u00e9voil\u00e9e \u00e0 l&rsquo;issue de la c\u00e9r\u00e9monie d&rsquo;ouverture des JO le 26 juillet 2024, il \u00e9tait important que sa cr\u00e9ation soit remise en service et non simplement expos\u00e9e comme un objet dans un mus\u00e9e.\n<\/p>\n<p>\n \u00ab\u00a0S&rsquo;il y a un message, ce serait celui d&rsquo;une sorte de puissance et de fragilit\u00e9 \u00e0 la fois (&#8230;) de quelque chose qui perdure, qui s&rsquo;installe et qui reste fort\u00a0\u00bb, a-t-il dit \u00e0 Reuters.\n<\/p>\n<p>\n \u00ab\u00a0Cela raconte aussi une histoire car c&rsquo;est en France que les ballons ont \u00e9t\u00e9 cr\u00e9\u00e9s, que pour la premi\u00e8re fois des humains se sont envol\u00e9s\u00a0\u00bb, a expliqu\u00e9 dans les locaux de la \u00ab\u00a0Factory\u00a0\u00bb, son atelier d&rsquo;Ivry-sur-Seine (Val-de-Marne) le designer qui con\u00e7oit des meubles et des objets alliant innovation et po\u00e9sie.\n<\/p>\n<p>\n \u00ab\u00a0Ce projet ne parle pas juste de nostalgie, il admet ce pass\u00e9-l\u00e0, d&rsquo;une innovation incroyable, et il le poursuit\u00a0\u00bb, a-t-il ajout\u00e9.\n<\/p>\n<p>\n Con\u00e7u par les fr\u00e8res Montgolfier, le premier ballon \u00e0 hydrog\u00e8ne a d\u00e9coll\u00e9 du jardin des Tuileries le 1er d\u00e9cembre 1783 devant quelque 400.000 personnes.\n<\/p>\n<p>\n Plus de deux si\u00e8cles plus tard, l&rsquo;envol de la vasque \u00e0 plus de 60 m\u00e8tres du sol est pr\u00e9vu chaque soir au coucher du soleil, s&rsquo;il n&rsquo;y a pas trop de vent, jusqu&rsquo;\u00e0 deux heures du matin environ.\n<\/p>\n<p>\n (Reportage Elizabeth Pineau avec Lauren Bacqui\u00e9, \u00e9dit\u00e9 par Blandine H\u00e9nault)<\/p>\n","protected":false},"excerpt":{"rendered":"Jeux olympiques de Paris 2024 &#8211; C\u00e9r\u00e9monie d&rsquo;ouverture C&rsquo;est l&rsquo;une des images les plus embl\u00e9matiques des Jeux olympiques&hellip;\n","protected":false},"author":2,"featured_media":192789,"comment_status":"","ping_status":"","sticky":false,"template":"","format":"standard","meta":{"footnotes":""},"categories":[1888],"tags":[400,11,398,408,405,1777,674,1011,27,403,402,399,404,12,626,25,401,406,407],"class_list":{"0":"post-192788","1":"post","2":"type-post","3":"status-publish","4":"format-standard","5":"has-post-thumbnail","7":"category-paris","8":"tag-action-cac-40","9":"tag-actualites","10":"tag-bourse-de-paris","11":"tag-boursorama","12":"tag-cotations","13":"tag-eu","14":"tag-europe","15":"tag-fr","16":"tag-france","17":"tag-indices-devises","18":"tag-investir","19":"tag-investissement","20":"tag-marche-boursier","21":"tag-news","22":"tag-paris","23":"tag-republique-francaise","24":"tag-sicav","25":"tag-trackers","26":"tag-warrants"},"share_on_mastodon":{"url":"https:\/\/pubeurope.com\/@fr\/114719903174297975","error":""},"_links":{"self":[{"href":"https:\/\/www.europesays.com\/fr\/wp-json\/wp\/v2\/posts\/192788","targetHints":{"allow":["GET"]}}],"collection":[{"href":"https:\/\/www.europesays.com\/fr\/wp-json\/wp\/v2\/posts"}],"about":[{"href":"https:\/\/www.europesays.com\/fr\/wp-json\/wp\/v2\/types\/post"}],"author":[{"embeddable":true,"href":"https:\/\/www.europesays.com\/fr\/wp-json\/wp\/v2\/users\/2"}],"replies":[{"embeddable":true,"href":"https:\/\/www.europesays.com\/fr\/wp-json\/wp\/v2\/comments?post=192788"}],"version-history":[{"count":0,"href":"https:\/\/www.europesays.com\/fr\/wp-json\/wp\/v2\/posts\/192788\/revisions"}],"wp:featuredmedia":[{"embeddable":true,"href":"https:\/\/www.europesays.com\/fr\/wp-json\/wp\/v2\/media\/192789"}],"wp:attachment":[{"href":"https:\/\/www.europesays.com\/fr\/wp-json\/wp\/v2\/media?parent=192788"}],"wp:term":[{"taxonomy":"category","embeddable":true,"href":"https:\/\/www.europesays.com\/fr\/wp-json\/wp\/v2\/categories?post=192788"},{"taxonomy":"post_tag","embeddable":true,"href":"https:\/\/www.europesays.com\/fr\/wp-json\/wp\/v2\/tags?post=192788"}],"curies":[{"name":"wp","href":"https:\/\/api.w.org\/{rel}","templated":true}]}}