{"id":192798,"date":"2025-06-21T06:23:11","date_gmt":"2025-06-21T06:23:11","guid":{"rendered":"https:\/\/www.europesays.com\/fr\/192798\/"},"modified":"2025-06-21T06:23:11","modified_gmt":"2025-06-21T06:23:11","slug":"bad-homburg-belinda-bencic-retrouve-la-competition-en-allemagne","status":"publish","type":"post","link":"https:\/\/www.europesays.com\/fr\/192798\/","title":{"rendered":"Bad Homburg: Belinda Bencic retrouve la comp\u00e9tition en Allemagne"},"content":{"rendered":"<p class=\"a-paragraph a-paragraph--lead\" data-t-name=\"Paragraph\">Forfait sur blessure pour Roland-Garros, Belinda Bencic (WTA 35) effectuera son retour \u00e0 la comp\u00e9tition sur le gazon de Bad Homburg. La St-Galloise affrontera Ekaterina Alexandrova (WTA 18) au 1er tour d&rsquo;un WTA 500 qui d\u00e9bute d\u00e8s dimanche.<\/p>\n<p>  <img decoding=\"async\" class=\"m-image-and-caption__image lazyload\" src=\"https:\/\/www.europesays.com\/fr\/wp-content\/uploads\/2025\/06\/20196c6e-26ee-4e2d-bc7b-dffa8b10f418.jpeg\"  data- alt=\"Belinda Bencic est de retour aux affaires.\"\/><\/p>\n<p>      Belinda Bencic est de retour aux affaires.<\/p>\n<p>        ATS\n      <\/p>\n<p class=\"a-paragraph\" data-t-name=\"Paragraph\">La championne olympique de Tokyo 2021 s&rsquo;est d\u00e9j\u00e0 mesur\u00e9e \u00e0 sept reprises \u00e0 la Russe, t\u00eate de s\u00e9rie no 8 du tableau en Allemagne. Elle s&rsquo;est impos\u00e9e quatre fois, dont une sur le gazon de Berlin en quart de finale d&rsquo;une \u00e9dition 2021 dans laquelle elle avait atteint la finale.<\/p>\n<p class=\"a-paragraph\" data-t-name=\"Paragraph\">Bless\u00e9e \u00e0 un bras, Belinda Bencic n&rsquo;a plus jou\u00e9 depuis son abandon au 1er tour \u00e0 Rome le 7 mai. Quant \u00e0 Ekaterina Alexandrova, elle reste sur un \u00e9chec mortifiant une semaine plus t\u00f4t sur l&rsquo;herbe de Bois-le-Duc: elle a en effet manqu\u00e9 pas moins de 11 balles de match dans sa demi-finale perdue face \u00e0 Elise Mertens.<\/p>\n","protected":false},"excerpt":{"rendered":"Forfait sur blessure pour Roland-Garros, Belinda Bencic (WTA 35) effectuera son retour \u00e0 la comp\u00e9tition sur le gazon&hellip;\n","protected":false},"author":2,"featured_media":192799,"comment_status":"","ping_status":"","sticky":false,"template":"","format":"standard","meta":{"footnotes":""},"categories":[1587],"tags":[11,672,1804,1805,1803,1777,674,1801,12,1802],"class_list":{"0":"post-192798","1":"post","2":"type-post","3":"status-publish","4":"format-standard","5":"has-post-thumbnail","7":"category-allemagne","8":"tag-actualites","9":"tag-allemagne","10":"tag-bundesrepublik-deutschland","11":"tag-de","12":"tag-deutschland","13":"tag-eu","14":"tag-europe","15":"tag-germany","16":"tag-news","17":"tag-republique-federale-dallemagne"},"share_on_mastodon":{"url":"https:\/\/pubeurope.com\/@fr\/114719922855266103","error":""},"_links":{"self":[{"href":"https:\/\/www.europesays.com\/fr\/wp-json\/wp\/v2\/posts\/192798","targetHints":{"allow":["GET"]}}],"collection":[{"href":"https:\/\/www.europesays.com\/fr\/wp-json\/wp\/v2\/posts"}],"about":[{"href":"https:\/\/www.europesays.com\/fr\/wp-json\/wp\/v2\/types\/post"}],"author":[{"embeddable":true,"href":"https:\/\/www.europesays.com\/fr\/wp-json\/wp\/v2\/users\/2"}],"replies":[{"embeddable":true,"href":"https:\/\/www.europesays.com\/fr\/wp-json\/wp\/v2\/comments?post=192798"}],"version-history":[{"count":0,"href":"https:\/\/www.europesays.com\/fr\/wp-json\/wp\/v2\/posts\/192798\/revisions"}],"wp:featuredmedia":[{"embeddable":true,"href":"https:\/\/www.europesays.com\/fr\/wp-json\/wp\/v2\/media\/192799"}],"wp:attachment":[{"href":"https:\/\/www.europesays.com\/fr\/wp-json\/wp\/v2\/media?parent=192798"}],"wp:term":[{"taxonomy":"category","embeddable":true,"href":"https:\/\/www.europesays.com\/fr\/wp-json\/wp\/v2\/categories?post=192798"},{"taxonomy":"post_tag","embeddable":true,"href":"https:\/\/www.europesays.com\/fr\/wp-json\/wp\/v2\/tags?post=192798"}],"curies":[{"name":"wp","href":"https:\/\/api.w.org\/{rel}","templated":true}]}}