{"id":192808,"date":"2025-06-21T06:28:12","date_gmt":"2025-06-21T06:28:12","guid":{"rendered":"https:\/\/www.europesays.com\/fr\/192808\/"},"modified":"2025-06-21T06:28:12","modified_gmt":"2025-06-21T06:28:12","slug":"coupe-de-france-la-finale-passe-par-un-exploit-a-troyes-pour-carpentras","status":"publish","type":"post","link":"https:\/\/www.europesays.com\/fr\/192808\/","title":{"rendered":"coupe de France : la finale passe par un exploit \u00e0 Troyes pour Carpentras"},"content":{"rendered":"<p>Apr\u00e8s sa mauvaise op\u00e9ration du match aller face au <a href=\"https:\/\/www.laprovence.com\/article\/sports\/4838162330731414\/motoball-coupe-de-france-carpentras-fait-la-mauvaise-operation-face-a-troyes\" target=\"_blank\" rel=\"noopener\">SUMA de Troyes<\/a> (1-2), le <a href=\"https:\/\/www.laprovence.com\/article\/sports\/1014153800463114\/motoball-carpentras-veut-rester-en-haut-de-laffiche-en-elite-1\" target=\"_blank\" rel=\"noopener\">MBC Carpentras<\/a> retrouve l&rsquo;escouade auboise ce samedi soir avec un enjeu de taille\u00a0: r\u00e9aliser un improbable exploit pour ainsi se qualifier pour la finale de la coupe de France qui se jouera dans le Sud cette ann\u00e9e.<\/p>\n<p>Pour cela, les hommes de <a href=\"https:\/\/www.laprovence.com\/actu\/en-direct\/6187736\/motoball.html\" target=\"_blank\" rel=\"noopener\">Michel Samitier<\/a> devront retrouver une efficacit\u00e9 collective qui a \u00e9norm\u00e9ment p\u00e9ch\u00e9 lors du match aller o\u00f9 ils ont d\u00fb attendre quarante minutes avant de se r\u00e9veiller. Sauf que face \u00e0 une telle \u00e9quipe, ce handicap est trop important \u00e0 rattraper.<\/p>\n<p>\u00ab\u00a0On a loup\u00e9 notre rencontre. Pendant les deux premiers quart-temps, on \u00e9tait \u00e0 c\u00f4t\u00e9 et il a fallu les prouesses de notre gardien Bastien Ollivier pour ne pas voir le score s&rsquo;alourdir\u00a0\u00bb, reconnaissait l&rsquo;entra\u00eeneur carpentrassien \u00e0 la fin des d\u00e9bats. \u00ab\u00a0On n&rsquo;a pas fait le match qu&rsquo;il fallait\u00a0\u00bb, rajoute m\u00eame le capitaine <a href=\"https:\/\/www.motoball.fr\/player\/nuzzo-jason-2\" target=\"_blank\" rel=\"noopener\">Jason Nuzzo<\/a>.<\/p>\n<p>\u00ab\u00a0On y va sans pression\u00a0\u00bb<\/p>\n<p>Il est \u00e9vident que la coupure de trois semaines a \u00e9t\u00e9 des plus n\u00e9gatives, d&rsquo;autant plus que le MBC Carpentras restait sur une p\u00e9riode prolifique avec, notamment, un succ\u00e8s probant en championnat du c\u00f4t\u00e9 de <a href=\"https:\/\/www.laprovence.com\/article\/sports\/5657436241387714\/motoball-elite-1-carpentras-a-ete-intraitable-a-camaret\" target=\"_blank\" rel=\"noopener\">Camaret<\/a> le 17 mai 2025 (1-4) et un second une semaine plus tard \u00e0 domicile contre <a href=\"https:\/\/www.laprovence.com\/article\/sports\/6464003846602114\/motoball-elite-1-carpentras-impitoyable-contre-houlgate\" target=\"_blank\" rel=\"noopener\">Houlgate<\/a> (13-1). Mais le <a href=\"https:\/\/www.laprovence.com\/article\/sports\/1288569876084515\/motoball-coupe-de-france-figoni-et-carpentras-au-defi-du-suma-de-troyes\" target=\"_blank\" rel=\"noopener\">SUMA de Troyes<\/a> a \u00e9t\u00e9 dans une strat\u00e9gie d\u00e9fensive mod\u00e8le \u00ab\u00a0toile d&rsquo;araign\u00e9e\u00a0\u00bb bien tiss\u00e9e, tout en s&rsquo;appuyant sur des contres tr\u00e8s soutenus et efficaces qui ont fait mal aux co\u00e9quipiers de Jason Nuzzo. Avec un but de retard, la mobilisation doit \u00eatre extr\u00eame pour le MB Carpentras qui devra \u00eatre en capacit\u00e9 de colmater la moindre br\u00e8che face \u00e0 des Troyens orchestr\u00e9s d&rsquo;une main de ma\u00eetre par le meilleur buteur Roman Detsina et le gardien international fran\u00e7ais Jean-Marc Landr\u00e9alle.<\/p>\n<p>\u00ab\u00a0Il ne faut pas avoir 200 de fi\u00e8vre (sic), indique Jason Nuzzo. On sait que le score est \u00e0 notre d\u00e9savantage, autant y aller sans pression et tout donner pour ne pas avoir de regrets\u00a0\u00bb.<\/p>\n<p>\u00ab\u00a0On a envie de rego\u00fbter \u00e0 une finale\u00a0\u00bb<\/p>\n<p>En se d\u00e9pla\u00e7ant \u00e0 Troyes ce samedi, le groupe comtadin doit montrer une autre approche au stade Gaston-Arbouin s&rsquo;il compte toujours ramener une finale de coupe de France sur le Vaucluse comme \u00e7a a \u00e9t\u00e9 le cas lors des trois ann\u00e9es victorieuses (2018, 2021 et 2023).<\/p>\n<p>\u00ab\u00a0On a envie de rego\u00fbter \u00e7a, et on a conscience ce qu&rsquo;une finale peut apporter en termes de finances pour le club quand elle se joue \u00e0 la maison\u00a0\u00bb, corrobore Jason Nuzzo qui devra se passer des services de David Ferri\u00e8re et Anthony Guerra (bless\u00e9s).<\/p>\n","protected":false},"excerpt":{"rendered":"Apr\u00e8s sa mauvaise op\u00e9ration du match aller face au SUMA de Troyes (1-2), le MBC Carpentras retrouve l&rsquo;escouade&hellip;\n","protected":false},"author":2,"featured_media":192809,"comment_status":"","ping_status":"","sticky":false,"template":"","format":"standard","meta":{"footnotes":""},"categories":[4],"tags":[17,11,615,33180,2396,1011,27,31054,12,5912,5242,25,60],"class_list":{"0":"post-192808","1":"post","2":"type-post","3":"status-publish","4":"format-standard","5":"has-post-thumbnail","7":"category-france","8":"tag-17","9":"tag-actualites","10":"tag-coupe","11":"tag-exploit","12":"tag-finale","13":"tag-fr","14":"tag-france","15":"tag-motoball","16":"tag-news","17":"tag-par","18":"tag-passe","19":"tag-republique-francaise","20":"tag-sports"},"share_on_mastodon":{"url":"https:\/\/pubeurope.com\/@fr\/114719942851420828","error":""},"_links":{"self":[{"href":"https:\/\/www.europesays.com\/fr\/wp-json\/wp\/v2\/posts\/192808","targetHints":{"allow":["GET"]}}],"collection":[{"href":"https:\/\/www.europesays.com\/fr\/wp-json\/wp\/v2\/posts"}],"about":[{"href":"https:\/\/www.europesays.com\/fr\/wp-json\/wp\/v2\/types\/post"}],"author":[{"embeddable":true,"href":"https:\/\/www.europesays.com\/fr\/wp-json\/wp\/v2\/users\/2"}],"replies":[{"embeddable":true,"href":"https:\/\/www.europesays.com\/fr\/wp-json\/wp\/v2\/comments?post=192808"}],"version-history":[{"count":0,"href":"https:\/\/www.europesays.com\/fr\/wp-json\/wp\/v2\/posts\/192808\/revisions"}],"wp:featuredmedia":[{"embeddable":true,"href":"https:\/\/www.europesays.com\/fr\/wp-json\/wp\/v2\/media\/192809"}],"wp:attachment":[{"href":"https:\/\/www.europesays.com\/fr\/wp-json\/wp\/v2\/media?parent=192808"}],"wp:term":[{"taxonomy":"category","embeddable":true,"href":"https:\/\/www.europesays.com\/fr\/wp-json\/wp\/v2\/categories?post=192808"},{"taxonomy":"post_tag","embeddable":true,"href":"https:\/\/www.europesays.com\/fr\/wp-json\/wp\/v2\/tags?post=192808"}],"curies":[{"name":"wp","href":"https:\/\/api.w.org\/{rel}","templated":true}]}}