{"id":192823,"date":"2025-06-21T06:38:10","date_gmt":"2025-06-21T06:38:10","guid":{"rendered":"https:\/\/www.europesays.com\/fr\/192823\/"},"modified":"2025-06-21T06:38:10","modified_gmt":"2025-06-21T06:38:10","slug":"bertrand-chameroy-ironise-sur-les-menaces-de-rachida-dati-contre-patrick-cohen","status":"publish","type":"post","link":"https:\/\/www.europesays.com\/fr\/192823\/","title":{"rendered":"Bertrand Chameroy ironise sur les menaces de Rachida Dati contre Patrick Cohen"},"content":{"rendered":"<p>Apr\u00e8s la tornade qui s&rsquo;est abattue sur le plateau de C \u00e0 vous mercredi 18\u00a0juin <a class=\"link \" href=\"https:\/\/www.lepoint.fr\/societe\/est-ce-que-vous-harcelez-vos-collaborateurs-la-sequence-choc-entre-rachida-dati-et-patrick-cohen-19-06-2025-2592422_23.php\" rel=\"nofollow noopener\" target=\"_blank\" data-ylk=\"slk:lors de l&#039;\u00e9change violent entre Rachida Dati et Patrick Cohen;elm:context_link;itc:0;sec:content-canvas\">lors de l&rsquo;\u00e9change violent entre Rachida Dati et Patrick Cohen<\/a>, l&rsquo;\u00e9quipe de l&rsquo;\u00e9mission de France\u00a05\u00a0a sorti la carte de l&rsquo;humour. C&rsquo;est Bertrand Chameroy qui a abord\u00e9 cette s\u00e9quence devenue virale entre la ministre de la Culture et l&rsquo;\u00e9ditorialiste politique, dont Anne-\u00c9lisabeth Lemoine a \u00e9galement fait les frais.<\/p>\n<p>Ce 19\u00a0juin, l&rsquo;humoriste a choisi de r\u00e9sumer sa journ\u00e9e de la veille en parodiant des s\u00e9quences mettant en sc\u00e8ne Emmanuel Macron dans sa fonction, avec l&rsquo;aide de Pierre Lescure ou encore du r\u00e9alisateur Artus.<\/p>\n<p>\u00c0 LIRE AUSSI <strong class=\"strong\"><a href=\"https:\/\/www.lepoint.fr\/culture\/pas-tres-reluisant-anne-elisabeth-lemoine-repond-aux-attaques-de-rachida-dati-sur-l-ambiance-a-c-a-vous-19-06-2025-2592438_3.php\" rel=\"nofollow noopener\" target=\"_blank\" data-ylk=\"slk:\u00ab\u00a0Pas tr\u00e8s reluisant\u00a0\u00bb\u00a0: Anne-\u00c9lisabeth Lemoine r\u00e9pond aux attaques de Rachida Dati sur l&#039;ambiance \u00e0 \u00ab\u00a0C \u00e0 Vous\u00a0\u00bb;elm:context_link;itc:0;sec:content-canvas\" class=\"link \">\u00ab\u00a0Pas tr\u00e8s reluisant\u00a0\u00bb\u00a0: Anne-\u00c9lisabeth Lemoine r\u00e9pond aux attaques de Rachida Dati sur l&rsquo;ambiance \u00e0 \u00ab\u00a0C \u00e0 Vous\u00a0\u00bb<\/a><\/strong> Apr\u00e8s s&rsquo;\u00eatre moqu\u00e9 du pr\u00e9sident de la R\u00e9publique qui emploie \u00ab\u00a0bilat&rsquo;\u00a0\u00bb pour \u00ab\u00a0rencontre bilat\u00e9rale\u00a0\u00bb ou r\u00e9sume d&rsquo;un \u00ab\u00a0Gaza tac tac\u00a0\u00bb la situation au Proche-Orient, il en est arriv\u00e9 \u00e0 un discours d&rsquo;Emmanuel Macron au G7.<\/p>\n<p>\u00ab\u00a0Elle vient de passer la grille\u00a0\u00bb<\/p>\n<p>\u00ab\u00a0Le plus grand danger pour les dirigeants, ce sont peut-\u00eatre les ours\u00a0\u00bb, avait d\u00e9clar\u00e9 le chef de l&rsquo;\u00c9tat fran\u00e7ais <a class=\"link \" href=\"https:\/\/www.lepoint.fr\/monde\/g7-en-france-en-2026-que-retenir-du-precedent-en-2019--19-06-2025-2592442_24.php\" rel=\"nofollow noopener\" target=\"_blank\" data-ylk=\"slk:depuis le Canada;elm:context_link;itc:0;sec:content-canvas\">depuis le Canada<\/a>. Cette phrase isol\u00e9e peut pr\u00eater \u00e0 rire, mais remise dans son contexte est pourtant tr\u00e8s factuelle. Comme le rappelle\u00a0<a class=\"link \" href=\"https:\/\/www.journaldemontreal.com\/2025\/06\/16\/au-g7-le-plus-grand-danger-pour-les-dirigeants-pourrait-etre-les-grizzlis\" rel=\"nofollow noopener\" target=\"_blank\" data-ylk=\"slk:Le Journal de Montr\u00e9al;elm:context_link;itc:0;sec:content-canvas\">Le Journal de Montr\u00e9al<\/a>, la s\u00e9curit\u00e9 du G7 canadien a effectivement \u00e9t\u00e9 en alerte \u00e0 cause des nombreux grizzlis qui vivent dans la r\u00e9gion o\u00f9 se d\u00e9roulait le sommet\u00a0:\u00a065\u00a0individus poilus au total.\u00c0 LIRE AUSSI <strong class=\"strong\"><a href=\"https:\/\/www.lepoint.fr\/monde\/comment-le-canada-eloigne-les-grizzlis-des-leaders-du-g7--16-06-2025-2592152_24.php\" rel=\"nofollow noopener\" target=\"_blank\" data-ylk=\"slk:Comment le Canada \u00e9loigne les grizzlis des [...];elm:context_link;itc:0;sec:content-canvas\" class=\"link \"> Comment le Canada \u00e9loigne les grizzlis des [&#8230;] <\/a><a href=\"https:\/\/www.lepoint.fr\/people\/bertrand-chameroy-ironise-sur-les-menaces-de-rachida-dati-contre-patrick-cohen-20-06-2025-2592532_2116.php\" rel=\"nofollow noopener\" target=\"_blank\" data-ylk=\"slk:Lire la suite;elm:context_link;itc:0;sec:content-canvas\" class=\"link \">Lire la suite<\/a><\/strong><\/p>\n","protected":false},"excerpt":{"rendered":"Apr\u00e8s la tornade qui s&rsquo;est abattue sur le plateau de C \u00e0 vous mercredi 18\u00a0juin lors de l&rsquo;\u00e9change&hellip;\n","protected":false},"author":2,"featured_media":192824,"comment_status":"","ping_status":"","sticky":false,"template":"","format":"standard","meta":{"footnotes":""},"categories":[1359],"tags":[5631,11343,58,1073,59,1011,27,2616,13960,973,20558,417],"class_list":{"0":"post-192823","1":"post","2":"type-post","3":"status-publish","4":"format-standard","5":"has-post-thumbnail","7":"category-people","8":"tag-anne-elisabeth-lemoine","9":"tag-bertrand-chameroy","10":"tag-divertissement","11":"tag-emmanuel-macron","12":"tag-entertainment","13":"tag-fr","14":"tag-france","15":"tag-ministre-de-la-culture","16":"tag-patrick-cohen","17":"tag-people","18":"tag-pierre-lescure","19":"tag-rachida-dati"},"share_on_mastodon":{"url":"https:\/\/pubeurope.com\/@fr\/114719981780343415","error":""},"_links":{"self":[{"href":"https:\/\/www.europesays.com\/fr\/wp-json\/wp\/v2\/posts\/192823","targetHints":{"allow":["GET"]}}],"collection":[{"href":"https:\/\/www.europesays.com\/fr\/wp-json\/wp\/v2\/posts"}],"about":[{"href":"https:\/\/www.europesays.com\/fr\/wp-json\/wp\/v2\/types\/post"}],"author":[{"embeddable":true,"href":"https:\/\/www.europesays.com\/fr\/wp-json\/wp\/v2\/users\/2"}],"replies":[{"embeddable":true,"href":"https:\/\/www.europesays.com\/fr\/wp-json\/wp\/v2\/comments?post=192823"}],"version-history":[{"count":0,"href":"https:\/\/www.europesays.com\/fr\/wp-json\/wp\/v2\/posts\/192823\/revisions"}],"wp:featuredmedia":[{"embeddable":true,"href":"https:\/\/www.europesays.com\/fr\/wp-json\/wp\/v2\/media\/192824"}],"wp:attachment":[{"href":"https:\/\/www.europesays.com\/fr\/wp-json\/wp\/v2\/media?parent=192823"}],"wp:term":[{"taxonomy":"category","embeddable":true,"href":"https:\/\/www.europesays.com\/fr\/wp-json\/wp\/v2\/categories?post=192823"},{"taxonomy":"post_tag","embeddable":true,"href":"https:\/\/www.europesays.com\/fr\/wp-json\/wp\/v2\/tags?post=192823"}],"curies":[{"name":"wp","href":"https:\/\/api.w.org\/{rel}","templated":true}]}}