{"id":192825,"date":"2025-06-21T06:39:11","date_gmt":"2025-06-21T06:39:11","guid":{"rendered":"https:\/\/www.europesays.com\/fr\/192825\/"},"modified":"2025-06-21T06:39:11","modified_gmt":"2025-06-21T06:39:11","slug":"a-quimperle-une-oeuvre-du-graffeur-ezra-visible-a-loceane","status":"publish","type":"post","link":"https:\/\/www.europesays.com\/fr\/192825\/","title":{"rendered":"\u00c0 Quimperl\u00e9, une \u0153uvre du graffeur Ezra visible \u00e0 L\u2019Oc\u00e9ane"},"content":{"rendered":"<p>Les visiteurs de L\u2019Oc\u00e9ane, route de Mo\u00eblan, \u00e0 Quimperl\u00e9, ont assist\u00e9 \u00e0 la naissance d\u2019une \u0153uvre d\u2019art, mardi 17 et mercredi 18 juin 2025, alors que le graffeur Ezra, arm\u00e9 de ses bombes, laissait sa marque sur les murs de la brocante. Portraits de femmes ou sujets plus graphiques sur toile sont d\u00e9sormais surplomb\u00e9s par un immense portrait en hauteur, peint directement sur le mur gris.<\/p>\n<p>\u00ab\u00a0Il avait carte blanche\u00a0\u00bb, se r\u00e9jouissent Alexandrine et Alain, <a href=\"https:\/\/www.letelegramme.fr\/finistere\/quimperle-29300\/a-quimperle-le-nouveau-collectif-art-et-brocante-loceane-propose-nocturnes-et-deballages-cet-ete-6825615.php\" title=\"www.letelegramme.fr\" target=\"_blank\" rel=\"noopener\">du collectif d\u2019exposants Art et brocante<\/a>, qui se partagent les lieux et r\u00e9servent, aux artistes et artisans d\u2019art, la location de ce qu\u2019ils surnomment leur \u00ab\u00a0petit bout\u00a0\u00bb, un de leurs espaces situ\u00e9 \u00e0 l\u2019entr\u00e9e du vaste site. \u00ab\u00a0Quelques jeunes graffeurs sont venus sp\u00e9cialement de Brest pour le voir travailler\u00a0\u00bb. Si, la peinture \u00e0 peine s\u00e8che, Ezra \u00e9tait d\u00e9j\u00e0 dans un avion pour Londres o\u00f9 se tient sa prochaine exposition, on peut admirer son travail pendant encore quinze jours, y compris lors des nocturnes organis\u00e9es, chaque jeudi, jusqu\u2019\u00e0 21\u00a0h\u00a030.<\/p>\n<p><b>Pratique<\/b><\/p>\n<p class=\"note\">Art et brocante L\u2019Oc\u00e9ane, Le Ristouar, route de Mo\u00eblan, ouvert du jeudi au dimanche, de 14\u00a0h \u00e0 19\u00a0h. Entr\u00e9e libre.<\/p>\n","protected":false},"excerpt":{"rendered":"Les visiteurs de L\u2019Oc\u00e9ane, route de Mo\u00eblan, \u00e0 Quimperl\u00e9, ont assist\u00e9 \u00e0 la naissance d\u2019une \u0153uvre d\u2019art, mardi&hellip;\n","protected":false},"author":2,"featured_media":192826,"comment_status":"","ping_status":"","sticky":false,"template":"","format":"standard","meta":{"footnotes":""},"categories":[1358],"tags":[1348,1384,1385,1386,58,59,1011,27,11878],"class_list":{"0":"post-192825","1":"post","2":"type-post","3":"status-publish","4":"format-standard","5":"has-post-thumbnail","7":"category-arts-et-design","8":"tag-arts","9":"tag-arts-and-design","10":"tag-arts-et-design","11":"tag-design","12":"tag-divertissement","13":"tag-entertainment","14":"tag-fr","15":"tag-france","16":"tag-quimperle"},"share_on_mastodon":{"url":"https:\/\/pubeurope.com\/@fr\/114719985779758391","error":""},"_links":{"self":[{"href":"https:\/\/www.europesays.com\/fr\/wp-json\/wp\/v2\/posts\/192825","targetHints":{"allow":["GET"]}}],"collection":[{"href":"https:\/\/www.europesays.com\/fr\/wp-json\/wp\/v2\/posts"}],"about":[{"href":"https:\/\/www.europesays.com\/fr\/wp-json\/wp\/v2\/types\/post"}],"author":[{"embeddable":true,"href":"https:\/\/www.europesays.com\/fr\/wp-json\/wp\/v2\/users\/2"}],"replies":[{"embeddable":true,"href":"https:\/\/www.europesays.com\/fr\/wp-json\/wp\/v2\/comments?post=192825"}],"version-history":[{"count":0,"href":"https:\/\/www.europesays.com\/fr\/wp-json\/wp\/v2\/posts\/192825\/revisions"}],"wp:featuredmedia":[{"embeddable":true,"href":"https:\/\/www.europesays.com\/fr\/wp-json\/wp\/v2\/media\/192826"}],"wp:attachment":[{"href":"https:\/\/www.europesays.com\/fr\/wp-json\/wp\/v2\/media?parent=192825"}],"wp:term":[{"taxonomy":"category","embeddable":true,"href":"https:\/\/www.europesays.com\/fr\/wp-json\/wp\/v2\/categories?post=192825"},{"taxonomy":"post_tag","embeddable":true,"href":"https:\/\/www.europesays.com\/fr\/wp-json\/wp\/v2\/tags?post=192825"}],"curies":[{"name":"wp","href":"https:\/\/api.w.org\/{rel}","templated":true}]}}