{"id":192831,"date":"2025-06-21T06:42:11","date_gmt":"2025-06-21T06:42:11","guid":{"rendered":"https:\/\/www.europesays.com\/fr\/192831\/"},"modified":"2025-06-21T06:42:11","modified_gmt":"2025-06-21T06:42:11","slug":"jai-un-rapport-tres-difficile-avec-la-celebrite","status":"publish","type":"post","link":"https:\/\/www.europesays.com\/fr\/192831\/","title":{"rendered":"J\u2019ai un rapport tr\u00e8s difficile avec la c\u00e9l\u00e9brit\u00e9"},"content":{"rendered":"<p class=\"article-p mdl\">Vendredi 20 juin, Renaud \u00e9tait l\u2019invit\u00e9 d\u2019\u00c9ric Jean-Jean dans Bonus Track sur RTL, \u00e0 l&rsquo;occasion de ses 50 ans de chansons. Dans ce long entretien, <strong>le chanteur est revenu sur son glorieux pass\u00e9 de vedette<\/strong>, qu\u2019il n\u2019a pas forc\u00e9ment bien v\u00e9cu.<\/p>\n<p class=\"article-p mdl\">\u00ab\u00a0J\u2019ai un rapport tr\u00e8s difficile avec la c\u00e9l\u00e9brit\u00e9. (&#8230;) On ne peut plus sortir dans la rue sans qu\u2019on me reconnaisse, <strong>je ne peux plus faire ses courses peinard sans qu\u2019on me demande des autographes<\/strong>\u00ab\u00a0, a-t-il expliqu\u00e9. Selon lui, la bascule s\u2019est surtout faite apr\u00e8s avoir rempli le Z\u00e9nith de Paris en 1984. Son premier plus gros concert, \u00e0 32 ans, m\u00eame s&rsquo;il avait d\u00e9j\u00e0 rencontr\u00e9 le succ\u00e8s depuis plusieurs ann\u00e9es.<\/p>\n<p class=\"article-p mdl\"><a class=\"link\" href=\"https:\/\/www.rtl.fr\/culture\/musique\/renaud-sur-rtl-mort-de-coluche-concert-de-5h30-paranoia-les-temps-forts-de-son-interview-7900517552\" title=\"Renaud sur RTL : mort de Coluche, concert de 5h30, parano\u00efa... Les temps forts de son interview\" target=\"_blank\" rel=\"noopener\">Renaud<\/a>\u00a0avoue ne pas avoir \u00ab\u00a0beaucoup aim\u00e9\u00a0\u00bb cette facette de sa carri\u00e8re. \u00ab\u00a0Parce que j&rsquo;aime ma petite vie tranquille. <strong>Je ne m\u2019appartenais plus, j\u2019appartenais \u00e0 tout le monde<\/strong>\u00ab\u00a0, indique-t-il aujourd\u2019hui.<\/p>\n<p>            Un bateau pour \u00ab\u00a0fuir ce monde-l\u00e0\u00a0\u00bb<\/p>\n<p class=\"article-p mdl\">Avant le Z\u00e9nith,\u00a0<a class=\"link\" href=\"https:\/\/www.rtl.fr\/culture\/musique\/renaud-mistral-gagnant-morgane-de-toi-manhattan-kaboul-laquelle-de-ces-12-chansons-est-votre-preferee-7900488229\" title=\"Renaud : &quot;Mistral gagnant&quot;, &quot;Morgane de toi&quot;, &quot;Manhattan-Kaboul&quot;... Laquelle de ces 12 chansons est votre pr\u00e9f\u00e9r\u00e9e ?\" target=\"_blank\" rel=\"noopener\">l\u2019interpr\u00e8te de D\u00e8s que le vent soufflera<\/a>\u00a0avait d\u00e9j\u00e0 tent\u00e9 d\u2019\u00e9chapper \u00e0 la m\u00e9diatisation\u2026 par la mer, en fabriquant un bateau. \u00ab\u00a0C\u2019\u00e9tait pour fuir ce monde-l\u00e0. <strong>Retrouver les oc\u00e9ans, la libert\u00e9<\/strong>. Je l&rsquo;ai fabriqu\u00e9 moi-m\u00eame. J&rsquo;ai fait fabriquer la coque, j&rsquo;ai un peu mis la main \u00e0 la p\u00e2te pour les am\u00e9nagements int\u00e9rieurs du bateau, tout en bois, en pin\u00a0\u00bb, remet-il. Cette \u00ab\u00a0aventure\u00a0\u00bb \u00e0 bord du Maknovtchina a dur\u00e9 de septembre 1982 \u00e0 mars 1983, avec sa femme, Dominique, et leur fille, Lolita. Ces derni\u00e8res ont \u00e9t\u00e9 \u00ab\u00a0tr\u00e8s malades\u00a0\u00bb parce que Renaud ne savait pas skipper et a \u00ab\u00a0appris sur le tas\u00a0\u00bb en s\u2019inspirant des r\u00e9cits d\u2019Antoine, le chanteur-navigateur.<\/p>\n<p class=\"article-p mdl\">Avec la c\u00e9l\u00e9brit\u00e9, Renaud a aussi d\u00fb apprendre \u00e0 g\u00e9rer sa fortune.<strong> \u00ab\u00a0C\u2019\u00e9tait trop. Je n\u2019\u00e9tais pas pr\u00e8s du tout \u00e0 recevoir autant d&rsquo;argent\u00a0\u00bb<\/strong>, estime\u00a0<a class=\"link\" href=\"https:\/\/www.rtl.fr\/culture\/musique\/sur-rtl-renaud-revient-sur-sa-grande-colere-et-la-paranoia-qui-l-ont-habite-apres-un-concert-a-moscou-7900517484\" title=\"Sur RTL, Renaud revient sur &quot;sa grande col\u00e8re&quot; et la &quot;parano\u00efa&quot; qui l&#039;ont habit\u00e9 apr\u00e8s un concert \u00e0 Moscou\" target=\"_blank\" rel=\"noopener\">l\u2019artiste, aujourd\u2019hui \u00e2g\u00e9 de 73 ans<\/a>. \u00ab\u00a0Mais j&rsquo;ai redistribu\u00e9 autour de moi, notamment \u00e0 ma famille, et surtout \u00e0 des associations qui d\u00e9fendent les plus jeunes, les plus faibles, les plus malades, les plus d\u00e9sh\u00e9rit\u00e9s par la vie. Je donne plus qu&rsquo;\u00e0 lui, qu&rsquo;\u00e0 l&rsquo;UNICEF. \u00c7a regroupe un peu tous mes combats\u00a0\u00bb, a expliqu\u00e9 Renaud \u00e0 RTL.<\/p>\n<p>    La r\u00e9daction vous recommande<\/p>\n<p class=\"s-newsletter__title\">\n                L\u2019actualit\u00e9 par la r\u00e9daction de RTL dans votre bo\u00eete mail.\n            <\/p>\n<p class=\"s-newsletter__subtitle\">\n                Gr\u00e2ce \u00e0 votre compte RTL abonnez-vous \u00e0 la newsletter RTL info pour suivre toute l&rsquo;actualit\u00e9 au quotidien\n            <\/p>\n<p>\n                                    Lire la suite\n                                <\/p>\n","protected":false},"excerpt":{"rendered":"Vendredi 20 juin, Renaud \u00e9tait l\u2019invit\u00e9 d\u2019\u00c9ric Jean-Jean dans Bonus Track sur RTL, \u00e0 l&rsquo;occasion de ses 50&hellip;\n","protected":false},"author":2,"featured_media":192832,"comment_status":"","ping_status":"","sticky":false,"template":"","format":"standard","meta":{"footnotes":""},"categories":[1355],"tags":[1695,1697,58,59,2414,107,1011,27,24999,1361,873,1628,362],"class_list":{"0":"post-192831","1":"post","2":"type-post","3":"status-publish","4":"format-standard","5":"has-post-thumbnail","7":"category-musique","8":"tag-chanson","9":"tag-concert","10":"tag-divertissement","11":"tag-entertainment","12":"tag-fil-culture","13":"tag-fil-info","14":"tag-fr","15":"tag-france","16":"tag-linvite-de-rtl","17":"tag-music","18":"tag-musique","19":"tag-renaud","20":"tag-replay"},"share_on_mastodon":{"url":"https:\/\/pubeurope.com\/@fr\/114719997776533819","error":""},"_links":{"self":[{"href":"https:\/\/www.europesays.com\/fr\/wp-json\/wp\/v2\/posts\/192831","targetHints":{"allow":["GET"]}}],"collection":[{"href":"https:\/\/www.europesays.com\/fr\/wp-json\/wp\/v2\/posts"}],"about":[{"href":"https:\/\/www.europesays.com\/fr\/wp-json\/wp\/v2\/types\/post"}],"author":[{"embeddable":true,"href":"https:\/\/www.europesays.com\/fr\/wp-json\/wp\/v2\/users\/2"}],"replies":[{"embeddable":true,"href":"https:\/\/www.europesays.com\/fr\/wp-json\/wp\/v2\/comments?post=192831"}],"version-history":[{"count":0,"href":"https:\/\/www.europesays.com\/fr\/wp-json\/wp\/v2\/posts\/192831\/revisions"}],"wp:featuredmedia":[{"embeddable":true,"href":"https:\/\/www.europesays.com\/fr\/wp-json\/wp\/v2\/media\/192832"}],"wp:attachment":[{"href":"https:\/\/www.europesays.com\/fr\/wp-json\/wp\/v2\/media?parent=192831"}],"wp:term":[{"taxonomy":"category","embeddable":true,"href":"https:\/\/www.europesays.com\/fr\/wp-json\/wp\/v2\/categories?post=192831"},{"taxonomy":"post_tag","embeddable":true,"href":"https:\/\/www.europesays.com\/fr\/wp-json\/wp\/v2\/tags?post=192831"}],"curies":[{"name":"wp","href":"https:\/\/api.w.org\/{rel}","templated":true}]}}