{"id":192835,"date":"2025-06-21T06:44:10","date_gmt":"2025-06-21T06:44:10","guid":{"rendered":"https:\/\/www.europesays.com\/fr\/192835\/"},"modified":"2025-06-21T06:44:10","modified_gmt":"2025-06-21T06:44:10","slug":"grains-de-beaute-taches-brunes-ces-cinq-signes-et-facteurs-de-risque-a-surveiller","status":"publish","type":"post","link":"https:\/\/www.europesays.com\/fr\/192835\/","title":{"rendered":"grains de beaut\u00e9, taches brunes\u2026 ces cinq signes et facteurs de risque \u00e0 surveiller"},"content":{"rendered":"<p>Grain de beaut\u00e9 suspect, bouton qui ne gu\u00e9rit pas, exposition r\u00e9p\u00e9t\u00e9e au soleil pendant l&rsquo;enfance, peau claire&#8230; Ces signes et risques \u00e0 surveiller et d\u00e9pister dans le cadre des cancers cutan\u00e9s.<\/p>\n<p>A l&rsquo;heure de l&rsquo;\u00e9t\u00e9, souvent synonyme d&rsquo;exposition au soleil, les dermatologues appellent \u00e0 \u00ab\u00a0l&rsquo;auto-surveillance\u00a0\u00bb de la peau. Lors de la semaine de pr\u00e9vention et de sensibilisation au d\u00e9pistage cibl\u00e9 des cancers de la peau organis\u00e9e d\u00e9but juin, le Syndicat national des dermatologues-v\u00e9n\u00e9r\u00e9ologues (SNDV) met en garde contre les risques li\u00e9s \u00e0 l&rsquo;exposition au soleil et les signes qui doivent alerter.<\/p>\n<p>La Ligue contre le cancer a d&rsquo;ailleurs lanc\u00e9 cette semaine sa <a href=\"https:\/\/www.bfmtv.com\/sante\/on-n-est-pas-des-saucisses-la-ligue-contre-le-cancer-appelle-a-ne-pas-griller-sa-peau-cet-ete_AD-202506160731.html\" title=\"&quot;On n&#039;est pas des saucisses&quot;: la Ligue contre le cancer appelle \u00e0 ne pas &quot;griller&quot; sa peau cet \u00e9t\u00e9\" class=\"internal_link\" rel=\"nofollow noopener\" target=\"_blank\">campagne de pr\u00e9vention<\/a> appelant \u00e0 ne pas \u00ab\u00a0griller\u00a0\u00bb sa peau au soleil. \u00ab\u00a0On n&rsquo;est pas des saucisses\u00a0\u00bb, r\u00e9sume l&rsquo;association.<\/p>\n<p>Derri\u00e8re cette campagne au ton humoristique se trouve une r\u00e9alit\u00e9 assez inqui\u00e9tante. Car le nombre de nouveaux cas de cancers de la peau a plus que tripl\u00e9 ces trente derni\u00e8res ann\u00e9es, <a href=\"https:\/\/www.cancer.fr\/professionnels-de-sante\/prevention-et-depistages\/depistage-et-detection-precoce\/detection-precoce-des-cancers-de-la-peau\/epidemiologie\" target=\"_blank\" class=\"external_link\" rel=\"nofollow noopener\">d\u00e9nombre l&rsquo;Institut national du cancer.<\/a> Chaque ann\u00e9e, ce sont ainsi entre 141.200 et 243.500 cas de cancers de la peau qui sont diagnostiqu\u00e9s en France, <a href=\"https:\/\/www.santepubliquefrance.fr\/maladies-et-traumatismes\/cancers\/cancers-de-la-peau#:~:text=Attribuables%20dans%20plus%20de%2085,cas%20sont%20diagnostiqu%C3%A9s%20en%20France.\" target=\"_blank\" class=\"external_link\" rel=\"nofollow noopener\">selon Sant\u00e9 publique France.<\/a><\/p>\n<p>Or, ces cancers cutan\u00e9s peuvent \u00eatre d\u00e9pist\u00e9s t\u00f4t. Et certains gestes de pr\u00e9vention appliqu\u00e9s d\u00e8s l&rsquo;enfance peuvent permettre de s&rsquo;en prot\u00e9ger. Voici les signes \u00e0 surveiller:<\/p>\n<p>\u2022 Un grain de beaut\u00e9 bizarre<\/p>\n<p>C&rsquo;est l&rsquo;un des premiers signes qui doit alerter: un grain de beaut\u00e9 qui change ou dont l&rsquo;aspect semble inhabituel. \u00ab\u00a0Il ne faut pas s&rsquo;inqui\u00e9ter d\u00e8s qu&rsquo;un nouveau grain de beaut\u00e9 appara\u00eet\u00a0\u00bb, pr\u00e9vient Catherine Oliv\u00e9r\u00e8s-Ghouti, dermatologue et v\u00e9n\u00e9rologue, interrog\u00e9e par BFMTV.com. \u00ab\u00a0En revanche, s&rsquo;il ne ressemble pas aux autres ou si un grain de beaut\u00e9 change d&rsquo;aspect, il faut consulter.\u00a0\u00bb<\/p>\n<p>Car le risque, c&rsquo;est le m\u00e9lanome. Il repr\u00e9sente 10% des cancers de la peau, selon l&rsquo;Institut national du cancer. \u00ab\u00a0Ils peuvent appara\u00eetre sur une peau saine (70 \u00e0 80% des cas) ou r\u00e9sulter de la transformation maligne d&rsquo;un n\u00e6vus (ou grain de beaut\u00e9, NDLR).\u00a0\u00bb Pour rappel, le m\u00e9lanome est le cancer de la peau le plus dangereux, avec une forte propension \u00e0 faire des m\u00e9tastases.<\/p>\n<p><img decoding=\"async\" src=\"https:\/\/www.europesays.com\/fr\/wp-content\/uploads\/2025\/06\/principale-339_1.png\"  alt=\"Grains de beaut\u00e9 sur la peau: quand s'inqui\u00e9ter ? \" title=\"Grains de beaut\u00e9 sur la peau: quand s'inqui\u00e9ter ? \"\/>Grains de beaut\u00e9 sur la peau: quand s&rsquo;inqui\u00e9ter ?<\/p>\n<p>C&rsquo;est d&rsquo;ailleurs l&rsquo;un des cancers dont l&rsquo;incidence comme la mortalit\u00e9 ont significativement augment\u00e9 depuis quarante ans. Quelque 17.922 nouveaux cas de m\u00e9lanomes cutan\u00e9s ont ainsi \u00e9t\u00e9 diagnostiqu\u00e9s en 2023. Mais comme le pointe l&rsquo;Institut national pour le cancer, \u00ab\u00a0le m\u00e9lanome cutan\u00e9 est de bon pronostic s&rsquo;il est d\u00e9tect\u00e9 assez t\u00f4t\u00a0\u00bb.<\/p>\n<p>Le SNDV propose d&rsquo;ailleurs un moyen mn\u00e9motechnique pour surveiller ses grains de beaut\u00e9, la m\u00e9thode<strong> ABCDE<\/strong>.<\/p>\n<ul class=\"list_unordered\">\n<li><strong>A pour asym\u00e9trie<\/strong>: un grain de beaut\u00e9 ni rond ni ovale qui pr\u00e9sente des couleurs et des reliefs qui ne sont pas r\u00e9guli\u00e8rement r\u00e9partis autour de son centre.<\/li>\n<li><strong>B pour bords<\/strong>: les bords du grain de beaut\u00e9 sont irr\u00e9guliers et semblent d\u00e9chiquet\u00e9s ou mal d\u00e9limit\u00e9s.<\/li>\n<li><strong>C pour couleur<\/strong>: la couleur du grain de beaut\u00e9 perd son homog\u00e9n\u00e9it\u00e9.<\/li>\n<li><strong>D pour diam\u00e8tre<\/strong>: la taille du grain de beaut\u00e9 augmente (le m\u00e9lanome a g\u00e9n\u00e9ralement une taille sup\u00e9rieure \u00e0 6 mm).<\/li>\n<li><strong>Enfin E pour \u00e9volution<\/strong>: un changement rapide de taille, de forme, de couleur ou d&rsquo;\u00e9paisseur.<\/li>\n<\/ul>\n<p>Mais le Syndicat national des dermatologues-v\u00e9n\u00e9r\u00e9ologues pr\u00e9cise que la manifestation d&rsquo;un ou de plusieurs de ces signes ne signifie pas forc\u00e9ment la pr\u00e9sence d&rsquo;un m\u00e9lanome, mais justifie cependant de demander un avis m\u00e9dical.<\/p>\n<p>\u2022 Un bouton qui ne part pas<\/p>\n<p>\u00ab\u00a0Le carcinome d\u00e9marre souvent par ce qu&rsquo;on prend pour un petit bouton qui ne gu\u00e9rit pas et qui tra\u00eene\u00a0\u00bb, avertit Catherine Oliv\u00e9r\u00e8s-Ghouti, \u00e9galement membre du SNDV. \u00ab\u00a0Or, un bouton qui ne part pas en huit jours, ce n&rsquo;est pas normal.\u00a0\u00bb<\/p>\n<p>Il existe deux types de carcinomes: le carcinome basocellulaire, le plus fr\u00e9quent (70% des cancers cutan\u00e9s) et le moins grave. Ce cancer ne m\u00e9tastase pas et son ablation compl\u00e8te assure la gu\u00e9rison du patient, indique l&rsquo;Institut national du cancer. Et le carcinome \u00e9pidermo\u00efde: il est plus rare (20 %) mais plus agressif avec la capacit\u00e9 d&rsquo;envahir les ganglions lymphatiques et de m\u00e9tastaser.<\/p>\n<blockquote class=\"embed embed_quote\"><p>\u00ab\u00a0Si une l\u00e9sion cutan\u00e9e persiste, gonfle ou se d\u00e9gonfle, devient rouge ou saigne, en particulier dans les zones qui ont \u00e9t\u00e9 expos\u00e9es au soleil comme le visage, les oreilles, le cuir chevelu pour les hommes chauves, mais aussi dans le dos, il faut consulter\u00a0\u00bb, pr\u00e9vient Catherine Oliv\u00e9r\u00e8s-Ghouti.<\/p><\/blockquote>\n<p>D&rsquo;autant qu&rsquo;\u00e0 l&rsquo;origine de certains carcinomes, cette dermatologue d\u00e9piste souvent une k\u00e9ratose actinique &#8211; une excroissance pr\u00e9canc\u00e9reuse provoqu\u00e9e par l&rsquo;exposition prolong\u00e9e au soleil. \u00ab\u00a0La k\u00e9ratose actinique, au d\u00e9but, c&rsquo;est une toute petite l\u00e9sion, c&rsquo;est gros comme une pointe de crayon, \u00e7a fait comme un petit bouton cro\u00fbteux\u00a0\u00bb, d\u00e9taille-t-elle.<\/p>\n<p>Signe \u00e9vocateur de k\u00e9ratose actinique: au toucher, elle produit une sensation similaire \u00e0 celle du papier de verre, rugueuse et parfois douloureuse. \u00ab\u00a0\u00c7a se traite tr\u00e8s bien \u00e0 l&rsquo;azote liquide, mais il ne faut pas attendre. Une k\u00e9ratose actinique peut flamber en six mois.\u00a0\u00bb<\/p>\n<p>\u2022 Une exposition prolong\u00e9e au soleil pendant l&rsquo;enfance<\/p>\n<p>C&rsquo;est le premier facteur de risque de cancer de la peau: l&rsquo;exposition au soleil. <a href=\"https:\/\/www.who.int\/fr\/news-room\/fact-sheets\/detail\/ultraviolet-radiation#:~:text=Une%20exposition%20excessive%20au%20soleil,de%20pr%C3%A9vention%20simples%20et%20efficaces.\" target=\"_blank\" class=\"external_link\" rel=\"nofollow noopener\">L&rsquo;Organisation mondiale de la sant\u00e9 (OMS) le mentionne:<\/a> une exposition excessive au soleil chez les enfants et les adolescents entra\u00eene un risque plus \u00e9lev\u00e9 de cancer de la peau \u00e0 l&rsquo;\u00e2ge adulte.<\/p>\n<p>\u00ab\u00a0Jusqu&rsquo;\u00e0 l&rsquo;\u00e2ge de 15 ans, il est imp\u00e9ratif de beaucoup prot\u00e9ger les enfants\u00a0\u00bb, insiste la dermatologue Catherine Oliv\u00e9r\u00e8s-Ghouti. Elle explique que leur peau est plus fragile et plus fine que celle des adultes. \u00ab\u00a0Et jusqu&rsquo;\u00e0 3 ans, pas de soleil du tout\u00a0\u00bb, souligne-t-elle. Car un coup de soleil repr\u00e9sente des l\u00e9sions de l&rsquo;ADN.<\/p>\n<p>Or, la capacit\u00e9 de r\u00e9paration de la peau &#8211; ce qu&rsquo;on nomme le capital soleil dans le langage courant &#8211; est limit\u00e9e. Le SNDV rappelle d&rsquo;ailleurs qu&rsquo;il n&rsquo;y a pas de bronzage \u00ab\u00a0sain\u00a0\u00bb ou \u00ab\u00a0progressif\u00a0\u00bb. \u00ab\u00a0Aucune exposition aux UV n&rsquo;est sans danger.\u00a0\u00bb<\/p>\n<p>Rappelons que le bronzage est un m\u00e9canisme de d\u00e9fense de la peau, <strong><a href=\"https:\/\/www.economie.gouv.fr\/particuliers\/creme-solaire-choisir-indice-filtre\" target=\"_blank\" class=\"external_link\" rel=\"nofollow noopener\">comme l&rsquo;\u00e9crit le minist\u00e8re de l&rsquo;\u00c9conomie sur une page consacr\u00e9e aux cr\u00e8mes solaires,<\/a><\/strong> qui se d\u00e9clenche face aux agressions des UV. \u00ab\u00a0Une peau bronz\u00e9e signifie donc que l&rsquo;ADN a \u00e9t\u00e9 alt\u00e9r\u00e9 par les UV et n&rsquo;est pas un gage de bonne sant\u00e9.\u00a0\u00bb<\/p>\n<p>\u2022 Des taches brunes<\/p>\n<p>Autre signe d&rsquo;un capital soleil entam\u00e9: le lentigo, ces taches brunes qui apparaissent sur les zones tr\u00e8s expos\u00e9es au rayonnement UV. \u00ab\u00a0Cela signifie que la peau a \u00e9t\u00e9 br\u00fbl\u00e9e par le soleil et qu&rsquo;elle ne se r\u00e9parera plus\u00a0\u00bb, pr\u00e9vient Catherine Oliv\u00e9r\u00e8s-Ghouti. Si la pollution est aussi en cause dans l&rsquo;apparition de ces taches, il est d&rsquo;autant plus n\u00e9cessaire de se prot\u00e9ger du soleil. Et pas uniquement avec de la cr\u00e8me solaire.<\/p>\n<p>\u00ab\u00a0Les \u00e9crans solaires ne doivent pas \u00eatre utilis\u00e9s pour passer davantage de temps au soleil\u00a0\u00bb, alerte l&rsquo;OMS.<\/p>\n<p>L&rsquo;autre mise en garde du SNDV, ce sont les cabines de bronzage. Le syndicat d\u00e9nonce ainsi les \u00ab\u00a0mythes\u00a0\u00bb autour du soleil et du bronzage qui alimentent, selon lui, \u00ab\u00a0des comportements \u00e0 risque\u00a0\u00bb. Deux Fran\u00e7ais sur dix pensent en effet que les UV artificiels permettent de \u00ab\u00a0pr\u00e9parer sa peau\u00a0\u00bb avant l&rsquo;\u00e9t\u00e9 et de r\u00e9duire le risque de coups de soleil, <a href=\"https:\/\/www.syndicatdermatos.org\/communique\/les-francais-peinent-a-changer-leurs-comportements-a-risques-face-au-soleil\/\" target=\"_blank\" class=\"external_link\" rel=\"nofollow noopener\">selon un sondage Ipsos pour le SNDV<\/a> r\u00e9alis\u00e9 en 2023.<\/p>\n<p>Il n&rsquo;en est rien. Au contraire: les UV artificiels sont class\u00e9s canc\u00e9rog\u00e8nes certains par le Centre international de recherche sur le cancer (CIRC), <a href=\"https:\/\/sante.gouv.fr\/prevention-en-sante\/preserver-sa-sante\/article\/la-pratique-du-bronzage-en-cabine-par-uv-artificiels\" target=\"_blank\" class=\"external_link\" rel=\"nofollow noopener\">alerte le minist\u00e8re de la Sant\u00e9.<\/a> \u00ab\u00a0Le CIRC a en effet estim\u00e9 que le risque de d\u00e9velopper un m\u00e9lanome est augment\u00e9 de 60% pour les personnes ayant effectu\u00e9 une premi\u00e8re exposition aux UV artificiels avant l&rsquo;\u00e2ge de 30 ans (&#8230;) Par ailleurs, les effets des expositions aux UV artificiels et naturels sont cumulatifs et augmentent le risque de d\u00e9velopper un cancer de la peau.\u00a0\u00bb<\/p>\n<p>\u2022 Une peau claire \u00ab\u00a0br\u00fble plus vite\u00a0\u00bb<\/p>\n<p>C&rsquo;est un fait: les personnes au phototype clair, c&rsquo;est-\u00e0-dire avec la peau claire, ont besoin de se prot\u00e9ger davantage des UV. \u00ab\u00a0Leur peau br\u00fble plus vite\u00a0\u00bb, r\u00e9sume Catherine Oliv\u00e9r\u00e8s-Ghouti. Pourtant, en pratique, ce n&rsquo;est pas toujours le cas. Selon le m\u00eame sondage Ipsos, seul un tiers des personnes qui pr\u00e9sentent un phototype clair, de nombreux grains de beaut\u00e9 ou ayant subi des coups de soleil dans l&rsquo;enfance se prot\u00e8gent efficacement. Un manque de protection plus global: en population g\u00e9n\u00e9rale, c&rsquo;est plus de sept Fran\u00e7ais et Fran\u00e7aises sur dix qui d\u00e9clarent ne pas se prot\u00e9ger syst\u00e9matiquement du soleil.<\/p>\n<p>Pour Catherine Oliv\u00e9r\u00e8s-Ghouti, la meilleure protection reste d&rsquo;\u00e9viter le soleil entre midi et 16 heures &#8211; plus le soleil est haut dans le ciel, plus le niveau du rayonnement UV est \u00e9lev\u00e9. \u00ab\u00a0\u00c0 partir de midi, un \u00e9cran total est inefficace\u00a0\u00bb, balaie-t-elle. Une inefficacit\u00e9 notamment li\u00e9e \u00e0 une application insuffisante. \u00ab\u00a0La protection est calcul\u00e9e pour 2 mg de cr\u00e8me\/cm2. Ce qui repr\u00e9sente une balle de golf de cr\u00e8me pour chaque application, soit un tube par jour.\u00a0\u00bb<\/p>\n<blockquote class=\"embed embed_quote\"><p>\u00ab\u00a0On en est loin quand un seul tube sert \u00e0 toute la famille pour toute la dur\u00e9e des vacances.\u00a0\u00bb<\/p><\/blockquote>\n<p>Privil\u00e9gier l&rsquo;ombre, donc, mais sous un toit. \u00ab\u00a0Si ce n&rsquo;est pas un parasol anti-UV, un parasol lambda prot\u00e8ge moyennement.\u00a0\u00bb Et si le soleil est in\u00e9vitable, porter des v\u00eatements couvrants et un chapeau \u00e0 larges bords pour prot\u00e9ger les oreilles et le cou. \u00c0 d\u00e9faut de v\u00eatements, opter pour une cr\u00e8me solaire avec un facteur de protection solaire (FPS) \u00e9lev\u00e9 qui prot\u00e8ge contre les UVB et \u00ab\u00a0v\u00e9rifiez \u00e9galement la pr\u00e9sence du logo UVA\u00a0\u00bb, <a href=\"https:\/\/www.economie.gouv.fr\/dgccrf\/les-fiches-pratiques\/protection-solaire-les-conseils-pour-bien-choisir-son-produit\" target=\"_blank\" class=\"external_link\" rel=\"nofollow noopener\">conseille la Direction g\u00e9n\u00e9rale de la concurrence, de la consommation et de la r\u00e9pression des fraudes.<\/a><\/p>\n<p>\u00ab\u00a0L&rsquo;appliquer minimum vingt minutes avant l&rsquo;exposition pour que la cr\u00e8me ait le temps de p\u00e9n\u00e9trer\u00a0\u00bb, poursuit Catherine Oliv\u00e9r\u00e8s-Ghouti, en remettre toutes les deux heures, apr\u00e8s chaque baignade et ne pas r\u00e9utiliser le tube de l&rsquo;ann\u00e9e pr\u00e9c\u00e9dente qui a pass\u00e9 les vacances au soleil.<\/p>\n<p>\u00ab\u00a0Il faut une prise de conscience\u00a0\u00bb, persiste la dermatologue. \u00ab\u00a0Le cancer de la peau, \u00e7a ne touche pas que les autres.\u00a0\u00bb Des cancers qui ont fait pr\u00e8s de 2000 morts en 2023. \u00ab\u00a0On peut pourtant facilement r\u00e9duire les risques.\u00a0\u00bb<\/p>\n","protected":false},"excerpt":{"rendered":"Grain de beaut\u00e9 suspect, bouton qui ne gu\u00e9rit pas, exposition r\u00e9p\u00e9t\u00e9e au soleil pendant l&rsquo;enfance, peau claire&#8230; Ces&hellip;\n","protected":false},"author":2,"featured_media":192836,"comment_status":"","ping_status":"","sticky":false,"template":"","format":"standard","meta":{"footnotes":""},"categories":[10],"tags":[1011,27,72,71],"class_list":{"0":"post-192835","1":"post","2":"type-post","3":"status-publish","4":"format-standard","5":"has-post-thumbnail","7":"category-sante","8":"tag-fr","9":"tag-france","10":"tag-health","11":"tag-sante"},"share_on_mastodon":{"url":"https:\/\/pubeurope.com\/@fr\/114720005503677400","error":""},"_links":{"self":[{"href":"https:\/\/www.europesays.com\/fr\/wp-json\/wp\/v2\/posts\/192835","targetHints":{"allow":["GET"]}}],"collection":[{"href":"https:\/\/www.europesays.com\/fr\/wp-json\/wp\/v2\/posts"}],"about":[{"href":"https:\/\/www.europesays.com\/fr\/wp-json\/wp\/v2\/types\/post"}],"author":[{"embeddable":true,"href":"https:\/\/www.europesays.com\/fr\/wp-json\/wp\/v2\/users\/2"}],"replies":[{"embeddable":true,"href":"https:\/\/www.europesays.com\/fr\/wp-json\/wp\/v2\/comments?post=192835"}],"version-history":[{"count":0,"href":"https:\/\/www.europesays.com\/fr\/wp-json\/wp\/v2\/posts\/192835\/revisions"}],"wp:featuredmedia":[{"embeddable":true,"href":"https:\/\/www.europesays.com\/fr\/wp-json\/wp\/v2\/media\/192836"}],"wp:attachment":[{"href":"https:\/\/www.europesays.com\/fr\/wp-json\/wp\/v2\/media?parent=192835"}],"wp:term":[{"taxonomy":"category","embeddable":true,"href":"https:\/\/www.europesays.com\/fr\/wp-json\/wp\/v2\/categories?post=192835"},{"taxonomy":"post_tag","embeddable":true,"href":"https:\/\/www.europesays.com\/fr\/wp-json\/wp\/v2\/tags?post=192835"}],"curies":[{"name":"wp","href":"https:\/\/api.w.org\/{rel}","templated":true}]}}