{"id":192839,"date":"2025-06-21T06:46:14","date_gmt":"2025-06-21T06:46:14","guid":{"rendered":"https:\/\/www.europesays.com\/fr\/192839\/"},"modified":"2025-06-21T06:46:14","modified_gmt":"2025-06-21T06:46:14","slug":"de-la-fete-de-la-musique-a-la-france-music-week-le-macronisme-en-ses-chateaux-mediapart","status":"publish","type":"post","link":"https:\/\/www.europesays.com\/fr\/192839\/","title":{"rendered":"De la F\u00eate de la musique \u00e0 la \u00ab France Music Week \u00bb : le macronisme en ses ch\u00e2teaux &#8211; Mediapart"},"content":{"rendered":"<ol>\n<li><a href=\"https:\/\/news.google.com\/rss\/articles\/CBMizAFBVV95cUxOb0VNVzRVSTNCM0FWT29aZzQtdGFLN0RGb1hEelh3NFNGZkx4U0c5cDF6ZGRMMlIyaXE1ZXM5dUJJWjJQcm41NVFtcWs2RDFCM1lkNUllV2tFLVk1WHpPSHFNTENPN0NKVTdZSFE3SlNEUTdQb2RZTjVlVHp1SmhTX0hoX2Q3X2luZ2tKeFQtOW0tVWZQdWJLbFdZZ0lKZ0EwYnJPMWROelZiLXdSNjZhcmZfUWJILVRmOVVfVmp4Q21TYnRIV3hrQmZGdUM?oc=5\" target=\"_blank\" rel=\"noopener\">De la F\u00eate de la musique \u00e0 la \u00ab France Music Week \u00bb : le macronisme en ses ch\u00e2teaux<\/a>&nbsp;&nbsp;Mediapart<\/li>\n<li><a href=\"https:\/\/news.google.com\/rss\/articles\/CBMipgFBVV95cUxQNVBzWE5ZU0hUSU9WMVVBcVpzYzYzOTh2T2VwMFNxdGM3MnhieXJYZWUtQS1XVzJPRWRWakZaTHdaeHVlRVFiQ3RQMTlac0VVcm5LSlNVbERrblk0TnJhc1JlTmZMWVFHZEx1NjRSRE93bVlrTWRyN2V3NUhHWjVkUFhJT19WMkIyNUtPd0kwdl9oZTlubUxwY19NXzNaZFN3MVVHNWFR?oc=5\" target=\"_blank\" rel=\"noopener\">Bpifrance : 500 M\u20ac pour les entreprises de la fili\u00e8re musicale d\u2019ici \u00e0 2030<\/a>&nbsp;&nbsp;Groupe Caisse des D\u00e9p\u00f4ts<\/li>\n<li><a href=\"https:\/\/news.google.com\/rss\/articles\/CBMixgFBVV95cUxQQS02NGJYUnJ1OHA0cGNLdFo1OFpmeUFtSmlFWUNZRThDOEhyU3Vxc3NWb2pnZ3RJTlVlcEhLWHZzUi1ycnZ3dzFRd2FHSGltajNnNG5CMC05QUVPclB6WWtwaVRJQ1R5aHdqUzBhOUowY0xfMWFyXzcyYTJoT20wcUJHR2g0Mnl2N0hXcm81MmExNzNJdlNVZkV6Vi1rYWFHZENOSEEtelBhQWVwQktseGVpUmFFTURMR2FiLXJmbG9pUWZlNEHSAcsBQVVfeXFMT0RHRnFoWXdtWlpjWTBfTWpCdzlJZl9PWXFqdnBhN3VpcGlsdWFoelZmYWluc3NDeGp4akNVY19EcmhvWnhqM0pScHpZVjhfaEo4TUxFblEwTnBCNm9hbTRRQWNpUkFnUVFFMGdpSUhaRVlFNFNWbEVac3JoTWZhLVMwRkZDZXIxUzdMQ09GZFp1a3FRb2xSTmVVb1V1N3hZSGFBNlY3UHY0VkRFZWFOWi10S2lpd1FZU1YyZGtJcTZRcXBaRG5RM3ZTNEk?oc=5\" target=\"_blank\" rel=\"noopener\">France Music Week: des dirigeants internationaux r\u00e9unis en sommet \u00e0 l&rsquo;op\u00e9ra Garnier&#8230;<\/a>&nbsp;&nbsp;Fortuneo Bourse<\/li>\n<li><a href=\"https:\/\/news.google.com\/rss\/articles\/CBMi3AFBVV95cUxNWjBGWHgtbjJOSWhWSDJNRllxTjU1U1dYdWNFcENQNDlRTFgwTlJrQTMyMkowMUd3N0VsWTJ4bjJHbnlTcEZVTVhEZ01ZQXZxaFhFNEZ4Ni1vWmRKUVB3OXRtQXRtbHdvTS01bzVzRWlucHBMZEY5LXlka18waXpMcXd4bDhXdzNRenVRVEwybjAtUlpxS0sxVVEwU2gtNm0wN1dUSWpoelM0QWpyT3dsTDR5NjZNTXQyZkZkU2tYQWR6TkFzWHFJQmx0c1BPN2VVUDNWVEdlbWoyMVlC?oc=5\" target=\"_blank\" rel=\"noopener\">\u00ab\u00a0France Music Week\u00a0\u00bb : quel bilan pour le dernier pari culturel d&rsquo;Emmanuel Macron ?<\/a>&nbsp;&nbsp;Radio France<\/li>\n<li><a href=\"https:\/\/news.google.com\/rss\/articles\/CBMi8gFBVV95cUxOMElzUzFMWV90WXJUQXRNcHZfcTZiMjJRNGVvTDk1bWFXbk9hb0tkek43ZFJCbHlDUzBYRThTQWtzRUhIODVBOG5TZ0RySkVhQUxxV3N2NWNPLWpBR3dzNnVWTzVuVm9LS0h4c1V2NEVGelVvSkJ3SGtVc2psLUJtbWxKQmF4T0hra2ZoZFFWQUowWkw4aVdZWnBWdjBCczNmRHdWYV9teVFzaHR5WjFVT2hZRURyUmdnZF9xeGhEc3ZaWHA2U2xYbnd4SkZTdHpyNWVuMnJSc1FyQWM0ZFRXb2c4aHNCUWppNVVZU1pQc01Jdw?oc=5\" target=\"_blank\" rel=\"noopener\">L&rsquo;\u00c9tat annonce un plan de financement de 500 millions d&rsquo;euros pour soutenir la fili\u00e8re musicale fran\u00e7aise<\/a>&nbsp;&nbsp;France Info<\/li>\n<\/ol>\n","protected":false},"excerpt":{"rendered":"De la F\u00eate de la musique \u00e0 la \u00ab France Music Week \u00bb : le macronisme en ses&hellip;\n","protected":false},"author":2,"featured_media":192840,"comment_status":"","ping_status":"","sticky":false,"template":"","format":"standard","meta":{"footnotes":""},"categories":[8],"tags":[1348,58,59,25885,1011,27,28084,33182,417],"class_list":{"0":"post-192839","1":"post","2":"type-post","3":"status-publish","4":"format-standard","5":"has-post-thumbnail","7":"category-divertissement","8":"tag-arts","9":"tag-divertissement","10":"tag-entertainment","11":"tag-fete-de-la-musique","12":"tag-fr","13":"tag-france","14":"tag-france-music-week","15":"tag-jack-lang","16":"tag-rachida-dati"},"share_on_mastodon":{"url":"https:\/\/pubeurope.com\/@fr\/114720013309747900","error":""},"_links":{"self":[{"href":"https:\/\/www.europesays.com\/fr\/wp-json\/wp\/v2\/posts\/192839","targetHints":{"allow":["GET"]}}],"collection":[{"href":"https:\/\/www.europesays.com\/fr\/wp-json\/wp\/v2\/posts"}],"about":[{"href":"https:\/\/www.europesays.com\/fr\/wp-json\/wp\/v2\/types\/post"}],"author":[{"embeddable":true,"href":"https:\/\/www.europesays.com\/fr\/wp-json\/wp\/v2\/users\/2"}],"replies":[{"embeddable":true,"href":"https:\/\/www.europesays.com\/fr\/wp-json\/wp\/v2\/comments?post=192839"}],"version-history":[{"count":0,"href":"https:\/\/www.europesays.com\/fr\/wp-json\/wp\/v2\/posts\/192839\/revisions"}],"wp:featuredmedia":[{"embeddable":true,"href":"https:\/\/www.europesays.com\/fr\/wp-json\/wp\/v2\/media\/192840"}],"wp:attachment":[{"href":"https:\/\/www.europesays.com\/fr\/wp-json\/wp\/v2\/media?parent=192839"}],"wp:term":[{"taxonomy":"category","embeddable":true,"href":"https:\/\/www.europesays.com\/fr\/wp-json\/wp\/v2\/categories?post=192839"},{"taxonomy":"post_tag","embeddable":true,"href":"https:\/\/www.europesays.com\/fr\/wp-json\/wp\/v2\/tags?post=192839"}],"curies":[{"name":"wp","href":"https:\/\/api.w.org\/{rel}","templated":true}]}}