{"id":192850,"date":"2025-06-21T06:52:39","date_gmt":"2025-06-21T06:52:39","guid":{"rendered":"https:\/\/www.europesays.com\/fr\/192850\/"},"modified":"2025-06-21T06:52:39","modified_gmt":"2025-06-21T06:52:39","slug":"saint-chamond-la-compagnie-lentraille-souhaite-investir-lespace-public","status":"publish","type":"post","link":"https:\/\/www.europesays.com\/fr\/192850\/","title":{"rendered":"Saint-Chamond. La compagnie L\u2019Entraille souhaite investir l\u2019espace public"},"content":{"rendered":"<p>Dans le cadre d\u2019une r\u00e9sidence d\u2019artistes de trois ans, la municipalit\u00e9 accueille la compagnie L\u2019Entraille, originaire de Marseille et sp\u00e9cialis\u00e9e dans l\u2019art en espace public.<\/p>\n<p>Port\u00e9e par la directrice artistique La\u00ebtitia Madancos, la troupe a \u00e9t\u00e9 s\u00e9lectionn\u00e9e dans le cadre d\u2019un appel \u00e0 projet lanc\u00e9 par la municipalit\u00e9, d\u00e9sireuse d\u2019inscrire la culture dans l\u2019espace public. \u00ab\u00a0On cr\u00e9e des spectacles, des animations, des performances dans des lieux qui ne sont habituellement&#8230;<\/p>\n","protected":false},"excerpt":{"rendered":"Dans le cadre d\u2019une r\u00e9sidence d\u2019artistes de trois ans, la municipalit\u00e9 accueille la compagnie L\u2019Entraille, originaire de Marseille&hellip;\n","protected":false},"author":2,"featured_media":192851,"comment_status":"","ping_status":"","sticky":false,"template":"","format":"standard","meta":{"footnotes":""},"categories":[9653],"tags":[1111,11,2430,1687,7539,1777,674,1011,27,12,25,9669,9670,4001],"class_list":{"0":"post-192850","1":"post","2":"type-post","3":"status-publish","4":"format-standard","5":"has-post-thumbnail","7":"category-saint-etienne","8":"tag-actu","9":"tag-actualites","10":"tag-auvergne-rhone-alpes","11":"tag-culture-loisirs","12":"tag-edition-loire-sud","13":"tag-eu","14":"tag-europe","15":"tag-fr","16":"tag-france","17":"tag-news","18":"tag-republique-francaise","19":"tag-saint-chamond","20":"tag-saint-chamond-ville","21":"tag-saint-etienne"},"share_on_mastodon":{"url":"https:\/\/pubeurope.com\/@fr\/114720037117179196","error":""},"_links":{"self":[{"href":"https:\/\/www.europesays.com\/fr\/wp-json\/wp\/v2\/posts\/192850","targetHints":{"allow":["GET"]}}],"collection":[{"href":"https:\/\/www.europesays.com\/fr\/wp-json\/wp\/v2\/posts"}],"about":[{"href":"https:\/\/www.europesays.com\/fr\/wp-json\/wp\/v2\/types\/post"}],"author":[{"embeddable":true,"href":"https:\/\/www.europesays.com\/fr\/wp-json\/wp\/v2\/users\/2"}],"replies":[{"embeddable":true,"href":"https:\/\/www.europesays.com\/fr\/wp-json\/wp\/v2\/comments?post=192850"}],"version-history":[{"count":0,"href":"https:\/\/www.europesays.com\/fr\/wp-json\/wp\/v2\/posts\/192850\/revisions"}],"wp:featuredmedia":[{"embeddable":true,"href":"https:\/\/www.europesays.com\/fr\/wp-json\/wp\/v2\/media\/192851"}],"wp:attachment":[{"href":"https:\/\/www.europesays.com\/fr\/wp-json\/wp\/v2\/media?parent=192850"}],"wp:term":[{"taxonomy":"category","embeddable":true,"href":"https:\/\/www.europesays.com\/fr\/wp-json\/wp\/v2\/categories?post=192850"},{"taxonomy":"post_tag","embeddable":true,"href":"https:\/\/www.europesays.com\/fr\/wp-json\/wp\/v2\/tags?post=192850"}],"curies":[{"name":"wp","href":"https:\/\/api.w.org\/{rel}","templated":true}]}}