{"id":192857,"date":"2025-06-21T06:56:10","date_gmt":"2025-06-21T06:56:10","guid":{"rendered":"https:\/\/www.europesays.com\/fr\/192857\/"},"modified":"2025-06-21T06:56:10","modified_gmt":"2025-06-21T06:56:10","slug":"le-rc-toulon-veut-troquer-son-heritage-contre-lhistoire","status":"publish","type":"post","link":"https:\/\/www.europesays.com\/fr\/192857\/","title":{"rendered":"Le RC Toulon veut troquer son h\u00e9ritage contre l\u2019histoire"},"content":{"rendered":"\n<p>Samedi dernier, avec sa victoire face \u00e0 Castres (52-23), le RCT a vaincu un de ses d\u00e9mons\u00a0: celui qui le voyait, depuis 2017, inlassablement \u00e9chouer \u00e0 se hisser dans le dernier carr\u00e9 du Top 14, si ce n\u2019est en barrages. La fin d\u2019une travers\u00e9e du d\u00e9sert, mais certainement pas une fin en soi.<\/p>\n<p>\u00ab\u00a0Si t\u2019es content d\u2019\u00eatre l\u00e0, tu vas repartir sans rien. Pour gagner ces matches, ce sont plein de d\u00e9tails, plein d\u2019envie\u00a0\u00bb, pr\u00e9vient Pierre Mignoni, conscient que son groupe a parcouru du chemin depuis le barrage perdu face \u00e0 la Rochelle\u00a0: \u00ab\u00a0La diff\u00e9rence, c\u2019est qu\u2019on a jou\u00e9. Dans la pr\u00e9paration, on essaye de progresser, car quand tu perds, il faut comprendre pourquoi.\u00a0\u00bb<\/p>\n<p>\u00ab\u00a0Je ne sais pas si on a franchi un cap, mais depuis que Pierre est arriv\u00e9, on progresse en tant qu\u2019\u00e9quipe\u00a0\u00bb, compl\u00e8te Matthias Halagahu.<\/p>\n<p> \u00ab\u00a0Je crains l\u2019UBB, mais je nous crains nous-m\u00eames\u00a0\u00bb\n              <\/p>\n<p>Alors, si le RCT ne veut pas \u00eatre \u00ab\u00a0le club qui reste bloqu\u00e9 en demi-finale\u00a0\u00bb, tel que l\u2019exprime son capitaine David Ribbans, il faudra croquer un gros morceau\u00a0: le champion d\u2019Europe en titre, l\u2019Union Bordeaux-B\u00e8gles. Il l\u2019a d\u00e9j\u00e0 fait il y a trois semaines, \u00e0 Mayol, face \u00e0 des Girondins remani\u00e9s, une semaine apr\u00e8s leur titre europ\u00e9en. Mais ce samedi, malgr\u00e9 l\u2019absence de Louis Bielle-Biarrey, le club varois ne part pas favori. \u00ab\u00a0L\u2019UBB a gagn\u00e9 un titre m\u00e9rit\u00e9, mais je regarde aussi les trois derni\u00e8res ann\u00e9es. Je fais souvent r\u00e9f\u00e9rence \u00e0 \u00e7a aupr\u00e8s de mon groupe, qui a besoin de jouer ce genre de matches, comme le quart face \u00e0 Toulouse ou le barrage l\u2019ann\u00e9e derni\u00e8re. \u00c7a cr\u00e9e de l\u2019exp\u00e9rience commune. Et je pense qu\u2019ils sont en avance sur nous l\u00e0-dessus\u00a0\u00bb, analyse l\u2019entra\u00eeneur toulonnais, qui sait que la qualification passera par l\u2019engagement et la solidit\u00e9\u00a0: \u00ab\u00a0Sur ce genre de matches, c\u2019est essentiellement \u00e7a. On parle beaucoup d\u2019attaque, c\u2019est important, mais si tu ne prends pas de points, c\u2019est plus facile de battre cette \u00e9quipe qui a une charni\u00e8re qui excelle dans ce jeu de turnover, de domination, dans la folie aussi. Il faut leur donner tr\u00e8s peu d\u2019opportunit\u00e9s. \u00c7a va \u00eatre au-del\u00e0 de l\u2019UBB, que je respecte et crains beaucoup, je nous crains nous-m\u00eames. Il faut qu\u2019on soit comme la semaine derni\u00e8re mais \u00ab\u00a0plus plus\u00a0\u00bb (sic).\u00a0\u00bb<\/p>\n<p>Mais surtout, les Toulonnais, d\u2019autant plus les enfants du cru comme Halagahu, devront s\u2019affranchir du pass\u00e9 pour \u00e9crire leur propre histoire\u00a0: \u00ab\u00a0On en a parl\u00e9 avec les jeunes. On a la chance de participer assez t\u00f4t dans notre carri\u00e8re \u00e0 des matches comme celui-ci. On est tr\u00e8s fiers, mais il faudra jouer comme on sait le faire.\u00a0\u00bb<\/p>\n<p>\u00ab\u00a0C\u2019est un h\u00e9ritage qui peut \u00eatre lourd. Les joueurs en sont fiers, mais il faut trouver son propre chemin, sa propre histoire, et c\u2019est ce qu\u2019on est en train de faire, m\u00eame si on est encore loin de ce qui a pu \u00eatre fait\u00a0\u00bb, appuie Pierre Mignoni. Pour ne plus parler de l\u2019\u00e2ge d\u2019or du RCT au pass\u00e9.<\/p>\n<p>UBB &#8211; RC Toulon<\/p>\n<p>Demi-finale Top 14<\/p>\n<p>21h05, Groupama Stadium, Lyon<\/p>\n<p>Arbitre : M. Cayre<\/p>\n<p>UBB : Buros ; Penaud, Depoortere, Moefana, Uberti ; Jalibert, Lucu (c) ; Samu, Bochaton, Gazzotti ; Cazeaux, Petti ; Tameifuna, Lamothe, Poirot.<\/p>\n<p>RCT : Jaminet ; Tuicuvu, Fainga\u2019anuku, Sinzelle, Wainiqolo ; Garbisi, Serin ; Isa, Abadie, Ludlam ; Ribbans (c), Halagahu ; Sinckler, Baubigny, Gros.<\/p>\n","protected":false},"excerpt":{"rendered":"Samedi dernier, avec sa victoire face \u00e0 Castres (52-23), le RCT a vaincu un de ses d\u00e9mons\u00a0: celui&hellip;\n","protected":false},"author":2,"featured_media":192858,"comment_status":"","ping_status":"","sticky":false,"template":"","format":"standard","meta":{"footnotes":""},"categories":[9619],"tags":[1111,11,12125,1777,674,1011,27,12,882,25,2310],"class_list":{"0":"post-192857","1":"post","2":"type-post","3":"status-publish","4":"format-standard","5":"has-post-thumbnail","7":"category-toulon","8":"tag-actu","9":"tag-actualites","10":"tag-adam-benhammouda","11":"tag-eu","12":"tag-europe","13":"tag-fr","14":"tag-france","15":"tag-news","16":"tag-provence-alpes-cote-dazur","17":"tag-republique-francaise","18":"tag-toulon"},"share_on_mastodon":{"url":"https:\/\/pubeurope.com\/@fr\/114720052514553069","error":""},"_links":{"self":[{"href":"https:\/\/www.europesays.com\/fr\/wp-json\/wp\/v2\/posts\/192857","targetHints":{"allow":["GET"]}}],"collection":[{"href":"https:\/\/www.europesays.com\/fr\/wp-json\/wp\/v2\/posts"}],"about":[{"href":"https:\/\/www.europesays.com\/fr\/wp-json\/wp\/v2\/types\/post"}],"author":[{"embeddable":true,"href":"https:\/\/www.europesays.com\/fr\/wp-json\/wp\/v2\/users\/2"}],"replies":[{"embeddable":true,"href":"https:\/\/www.europesays.com\/fr\/wp-json\/wp\/v2\/comments?post=192857"}],"version-history":[{"count":0,"href":"https:\/\/www.europesays.com\/fr\/wp-json\/wp\/v2\/posts\/192857\/revisions"}],"wp:featuredmedia":[{"embeddable":true,"href":"https:\/\/www.europesays.com\/fr\/wp-json\/wp\/v2\/media\/192858"}],"wp:attachment":[{"href":"https:\/\/www.europesays.com\/fr\/wp-json\/wp\/v2\/media?parent=192857"}],"wp:term":[{"taxonomy":"category","embeddable":true,"href":"https:\/\/www.europesays.com\/fr\/wp-json\/wp\/v2\/categories?post=192857"},{"taxonomy":"post_tag","embeddable":true,"href":"https:\/\/www.europesays.com\/fr\/wp-json\/wp\/v2\/tags?post=192857"}],"curies":[{"name":"wp","href":"https:\/\/api.w.org\/{rel}","templated":true}]}}