{"id":192865,"date":"2025-06-21T07:00:16","date_gmt":"2025-06-21T07:00:16","guid":{"rendered":"https:\/\/www.europesays.com\/fr\/192865\/"},"modified":"2025-06-21T07:00:16","modified_gmt":"2025-06-21T07:00:16","slug":"a-rouen-une-entreprise-se-transforme","status":"publish","type":"post","link":"https:\/\/www.europesays.com\/fr\/192865\/","title":{"rendered":"\u00e0 Rouen, une entreprise se transforme"},"content":{"rendered":"<p>            Par<br \/>\n        <strong><br \/>\n            <a href=\"https:\/\/actu.fr\/auteur\/adrien-filoche\" title=\"Consulter tous les articles de Adrien Filoche\" rel=\"nofollow noopener\" target=\"_blank\">Adrien Filoche<\/a><br \/>\n        <\/strong><\/p>\n<p>        Publi\u00e9 le<\/p>\n<p>            21 juin 2025 \u00e0 8h46        <\/p>\n<p><strong>Un investissement de 90\u00a0millions d\u2019euros.\u00a0<\/strong>Ce lundi 16\u00a0juin 2025, la papeterie DS Smith de <a href=\"https:\/\/actu.fr\/normandie\/rouen_76540\" rel=\"nofollow noopener\" target=\"_blank\">Rouen<\/a>, situ\u00e9e au niveau du boulevard industriel, a mis en service un \u00e9quipement innovant, qui doit lui assurer une <a href=\"https:\/\/actu.fr\/tag\/transition-energetique\" rel=\"nofollow noopener\" target=\"_blank\">transition \u00e9nerg\u00e9tique<\/a>\u2009: une <strong>nouvelle chaudi\u00e8re \u00e0 biomasse. <\/strong>\u00ab\u2009Ce projet remplace la chaudi\u00e8re \u00e0 charbon existante par une solution d\u2019\u00e9nergie renouvelable\u2009\u00bb, s\u2019est f\u00e9licit\u00e9 DS Smith par voie de communiqu\u00e9.<\/p>\n<p>R\u00e9duire les \u00e9missions carbone de 99\u2009000\u00a0tonnes par an<\/p>\n<p class=\" wall-content\">Toujours dans son communiqu\u00e9, l\u2019entreprise vante \u00ab\u2009l\u2019un des plus grands projets de transition \u00e9nerg\u00e9tique pour une papeterie en Europe\u2009\u00bb. Cette nouvelle chaudi\u00e8re doit ainsi permettre de <strong>r\u00e9duire les \u00e9missions carbone de 99\u2009000\u00a0tonnes<\/strong> par an, tout en supprimant la d\u00e9pendance aux \u00e9nergies fossiles.<\/p>\n<blockquote class=\"ac-article-quote wall-content\">\n<p>En \u00e9quivalence, le volume des \u00e9missions carbone \u00e9limin\u00e9es, repr\u00e9sente la consommation \u00e9nerg\u00e9tique annuelle d&rsquo;environ 13 000 foyers fran\u00e7ais<\/p>\n<p>    <strong>DS Smith<\/strong>\n            <\/p><\/blockquote>\n<p class=\" wall-content\">Autre avantage, la biomasse utilis\u00e9e pour alimenter la chaudi\u00e8re \u00ab\u2009proviendra de d\u00e9chets de bois industriels et municipaux locaux, notamment des d\u00e9chets de construction et de mobilier, 70\u2009% provenant de la r\u00e9gion parisienne et 30\u2009% de Normandie\u2009\u00bb.<\/p>\n<p class=\" wall-content\">\u00ab\u2009La chaudi\u00e8re \u00e0 biomasse de Rouen permet de repenser l\u2019utilisation des d\u00e9chets de bois. Nous r\u00e9alisons d\u2019importantes \u00e9conomies de carbone et encourageons une \u00e9conomie circulaire\u2009\u00bb, r\u00e9sume Pierre Jegu, le directeur du cluster papier de DS Smith.<\/p>\n<p>Suivez l\u2019actualit\u00e9 de Rouen sur <a href=\"https:\/\/www.whatsapp.com\/channel\/0029VaKfnf99hXF2ddApFB1D\" rel=\"nofollow noopener\" target=\"_blank\">notre cha\u00eene WhatsApp<\/a> et sur <a href=\"https:\/\/www.tiktok.com\/@76actu.fr?lang=fr\" rel=\"nofollow noopener\" target=\"_blank\">notre compte TikTok<\/a><\/p>\n<p class=\" wall-content\">Suivez toute l\u2019actualit\u00e9 de vos villes et m\u00e9dias favoris en vous inscrivant \u00e0 <a href=\"https:\/\/moncompte.actu.fr\" title=\"D\u00e9couvez Mon Actu\" rel=\"nofollow noopener\" data-trk=\"{&quot;cta&quot;:{&quot;action&quot;:&quot;https:\\\/\\\/moncompte.actu.fr&quot;,&quot;category&quot;:&quot;mon compte&quot;,&quot;from&quot;:&quot;article footer&quot;,&quot;name&quot;:&quot;Mon actu&quot;,&quot;type&quot;:&quot;cta&quot;}}\" target=\"_blank\">Mon Actu<\/a>.<\/p>\n<ul class=\"ac-article-tag wall-content\">\n<li><a href=\"https:\/\/actu.fr\/tag\/environnement\" data-trk=\"{&quot;cta&quot;:{&quot;action&quot;:&quot;Environnement&quot;,&quot;category&quot;:&quot;tag&quot;,&quot;from&quot;:&quot;article footer&quot;,&quot;name&quot;:&quot;Environnement&quot;,&quot;type&quot;:&quot;cta&quot;}}\" rel=\"nofollow noopener\" target=\"_blank\">#Environnement<\/a><\/li>\n<li><a href=\"https:\/\/actu.fr\/tag\/transition-energetique\" data-trk=\"{&quot;cta&quot;:{&quot;action&quot;:&quot;Transition \\u00e9nerg\\u00e9tique&quot;,&quot;category&quot;:&quot;tag&quot;,&quot;from&quot;:&quot;article footer&quot;,&quot;name&quot;:&quot;Transition \\u00e9nerg\\u00e9tique&quot;,&quot;type&quot;:&quot;cta&quot;}}\" rel=\"nofollow noopener\" target=\"_blank\">#Transition \u00e9nerg\u00e9tique<\/a><\/li>\n<\/ul>\n<p>                    <script async src=\"\/\/www.tiktok.com\/embed.js\"><\/script><\/p>\n","protected":false},"excerpt":{"rendered":"Par Adrien Filoche Publi\u00e9 le 21 juin 2025 \u00e0 8h46 Un investissement de 90\u00a0millions d\u2019euros.\u00a0Ce lundi 16\u00a0juin 2025,&hellip;\n","protected":false},"author":2,"featured_media":192866,"comment_status":"","ping_status":"","sticky":false,"template":"","format":"standard","meta":{"footnotes":""},"categories":[9587],"tags":[1111,11,436,1777,674,1011,27,12,5161,52,25,9590,4426],"class_list":{"0":"post-192865","1":"post","2":"type-post","3":"status-publish","4":"format-standard","5":"has-post-thumbnail","7":"category-rouen","8":"tag-actu","9":"tag-actualites","10":"tag-environnement","11":"tag-eu","12":"tag-europe","13":"tag-fr","14":"tag-france","15":"tag-news","16":"tag-normandie","17":"tag-planete","18":"tag-republique-francaise","19":"tag-rouen","20":"tag-transition-energetique"},"share_on_mastodon":{"url":"https:\/\/pubeurope.com\/@fr\/114720068587452110","error":""},"_links":{"self":[{"href":"https:\/\/www.europesays.com\/fr\/wp-json\/wp\/v2\/posts\/192865","targetHints":{"allow":["GET"]}}],"collection":[{"href":"https:\/\/www.europesays.com\/fr\/wp-json\/wp\/v2\/posts"}],"about":[{"href":"https:\/\/www.europesays.com\/fr\/wp-json\/wp\/v2\/types\/post"}],"author":[{"embeddable":true,"href":"https:\/\/www.europesays.com\/fr\/wp-json\/wp\/v2\/users\/2"}],"replies":[{"embeddable":true,"href":"https:\/\/www.europesays.com\/fr\/wp-json\/wp\/v2\/comments?post=192865"}],"version-history":[{"count":0,"href":"https:\/\/www.europesays.com\/fr\/wp-json\/wp\/v2\/posts\/192865\/revisions"}],"wp:featuredmedia":[{"embeddable":true,"href":"https:\/\/www.europesays.com\/fr\/wp-json\/wp\/v2\/media\/192866"}],"wp:attachment":[{"href":"https:\/\/www.europesays.com\/fr\/wp-json\/wp\/v2\/media?parent=192865"}],"wp:term":[{"taxonomy":"category","embeddable":true,"href":"https:\/\/www.europesays.com\/fr\/wp-json\/wp\/v2\/categories?post=192865"},{"taxonomy":"post_tag","embeddable":true,"href":"https:\/\/www.europesays.com\/fr\/wp-json\/wp\/v2\/tags?post=192865"}],"curies":[{"name":"wp","href":"https:\/\/api.w.org\/{rel}","templated":true}]}}