{"id":192867,"date":"2025-06-21T07:05:33","date_gmt":"2025-06-21T07:05:33","guid":{"rendered":"https:\/\/www.europesays.com\/fr\/192867\/"},"modified":"2025-06-21T07:05:33","modified_gmt":"2025-06-21T07:05:33","slug":"street-art-rencontre-avec-otist-le-colleur-grenoblois-2","status":"publish","type":"post","link":"https:\/\/www.europesays.com\/fr\/192867\/","title":{"rendered":"Street art : rencontre avec Otist, le colleur grenoblois"},"content":{"rendered":"<p>On peut voir ses \u0153uvres un peu partout dans <strong>Grenoble<\/strong>. Quand il a r\u00e9alis\u00e9 la derni\u00e8re, il a accept\u00e9 qu&rsquo;on l&rsquo;accompagne. <\/p>\n<p>Otist, street artiste grenoblois : \u00ab\u00a0Mon clin d&rsquo;\u0153il pour dire qu&rsquo;\u00e0 Grenoble, il n&rsquo;y a pas que du n\u00e9gatif\u00a0\u00bb. <\/p>\n<p><a href=\"https:\/\/www.instagram.com\/otist_officiel\/\" rel=\"noopener\" target=\"_blank\">Otist <\/a>est un <strong>artiste de street art originaire de la r\u00e9gion grenobloise<\/strong>, passionn\u00e9 par sa ville. Quand il a vu la derni\u00e8re r\u00e9alisation de <a href=\"https:\/\/mesinfos.fr\/38130-echirolles\/art-urbain-des-oeuvres-du-mysterieux-artiste-banksy-exposees-a-echirolles-220237.html\" rel=\"noopener\" target=\"_blank\">Banksy<\/a>, il a souhait\u00e9 lui rendre hommage. Il a reproduit son pochoir sur un des murs de l&rsquo;ancien couvent Sainte-Catherine, au Minimistan, en rempla\u00e7ant le phare par la tour Perret, symbole de Grenoble. Et comme pour <strong>revendiquer une ville diff\u00e9rente de celle d\u00e9crite par les m\u00e9dias<\/strong> qui ne parlent que de faits-divers, il y a inscrit : \u00ab\u00a0Vois en Grenoble ce qu&rsquo;ils ne voient pas\u00a0\u00bb.<\/p>\n<p> <img decoding=\"async\" alt=\"\" data-zoomable=\"\" height=\"1500\" loading=\"lazy\" src=\"https:\/\/www.europesays.com\/fr\/wp-content\/uploads\/2025\/06\/street-art-portrait-otist-2.jpg\" width=\"2000\"\/> <\/p>\n<p>\u00a9 Caroline Thermoz-Liaudy &#8211; La reprise adapt\u00e9e de la derni\u00e8re peinture de Bansky, revue par Otist. <\/p>\n<p>Il dit comme \u00e7a <strong>son attachement \u00e0 la ville<\/strong>. \u00ab\u00a0Grenoble, ce n&rsquo;est pas que ce qu&rsquo;on voit dans les m\u00e9dias. C&rsquo;est une ville entour\u00e9e de montagnes, en 10 minutes on peut \u00eatre en pleine nature. C&rsquo;est une ville culturelle, avec beaucoup d&rsquo;associations. C&rsquo;est une ville cosmopolite et agr\u00e9able \u00e0 vivre, o\u00f9, comme dans n&rsquo;importe quelle grande ville, il se passe des choses malheureuses. C&rsquo;est mon clin d&rsquo;\u0153il pour dire qu&rsquo;\u00e0 Grenoble, il n&rsquo;y a pas que du n\u00e9gatif.\u00a0\u00bb <\/p>\n<p>D\u00e9noncer et changer les regards <\/p>\n<p>Forc\u00e9ment anonyme,<strong> Otist a d\u00e9j\u00e0 recouvert plusieurs murs de la ville de Grenoble,<\/strong> avec des <strong>messages engag\u00e9s et politiques<\/strong>, souvent avec humour&#8230;Mais pas toujours. Il a commenc\u00e9 il y a une dizaine d&rsquo;ann\u00e9es. <\/p>\n<blockquote>\n<p>\u00ab\u00a0J&rsquo;en ai fait plus jeune. J&rsquo;ai arr\u00eat\u00e9 pour faire d&rsquo;autres choses, notamment du sport, mais j&rsquo;ai grandi l\u00e0-dedans : ma m\u00e8re a fait les beaux-arts, et mois je fais de la peinture \u00e0 l&rsquo;huile depuis que je suis tout petit. Mais c&rsquo;est Grenoble qui m&rsquo;a donn\u00e9 envie de peindre sur les murs s\u00fbrement avec le Street Art Festival. Le choix du pochoir, c&rsquo;est que \u00e7a permet de faire passer des messages, et de le faire assez rapidement.\u00a0\u00bb <\/p>\n<\/blockquote>\n<p>  <img decoding=\"async\" alt=\"\" class=\"img-size-limited\" data-zoomable=\"\" height=\"1034\" loading=\"lazy\" src=\"https:\/\/www.europesays.com\/fr\/wp-content\/uploads\/2025\/06\/imagetools0.jpg\" width=\"600\"\/> <\/p>\n<p>\u00a9 Caroline Thermoz-Liaudy &#8211; L&rsquo;un des murs du Minimistan recouvert de milliers de collages. <\/p>\n<p>Otist se rappelle d&rsquo;un tournant pendant la crise des gilets jaunes, alors qu&rsquo;il s&rsquo;appr\u00eatait \u00e0 devenir p\u00e8re. \u00ab\u00a0J&rsquo;avais envie de faire quelque chose pour que le monde aille mieux. Moi, mon savoir-faire, c&rsquo;\u00e9tait la peinture, pour d\u00e9noncer ce qui n&rsquo;allait pas\u00a0\u00bb. <\/p>\n<p>Alors Otist anime des ateliers dans les \u00e9coles, ou encore dans des h\u00f4pitaux psychiatriques\u2026 Et sa r\u00e9compense, ce sont les r\u00e9actions, bonnes ou mauvaises. \u00ab\u00a0Quand je vois des gens s&rsquo;arr\u00eater dans la rue et discuter devant mes cr\u00e9ations, j&rsquo;ai gagn\u00e9.\u00a0\u00bb <\/p>\n<p>Puff Festival : le nouveau festival de street art au Minimistan <\/p>\n<p>Au-del\u00e0 de ses propres cr\u00e9ations, Otist a implant\u00e9 il y a un an <a href=\"https:\/\/www.instagram.com\/pasteupfestivalfrance\/?hl=fr\" rel=\"noopener\" target=\"_blank\">le festival Puff<\/a> (Paste Up Festival France) \u00e0 Grenoble, toujours sur les murs du Minimistan, <strong>avec d&rsquo;autres artistes ou passionn\u00e9s de street art <\/strong>: Charline, Lilo, Emilie et Antoine. <\/p>\n<blockquote>\n<p>\u00ab\u00a0C&rsquo;est un \u00e9v\u00e8nement d\u00e9di\u00e9 au collage. Or, \u00e0 Grenoble il y en avait peu, on a donc mont\u00e9 une association pour le mettre en avant. Apr\u00e8s un appel pour nous envoyer des \u0153uvres sur les r\u00e9seaux sociaux, on a r\u00e9ceptionn\u00e9 environ un millier d&rsquo;\u0153uvres de 350 artistes, qu&rsquo;on a coll\u00e9es sur les murs. Certaines cr\u00e9ations viennent du Canada, de Hong-Kong, de Cisjordanie, et de partout en Europe.\u00a0\u00bb <\/p>\n<\/blockquote>\n<p>Peintures, impressions, \u0153uvres grandes ou petites, d&rsquo;un seul tenant ou en plusieurs parties\u2026 Chaque contributeur \u00e9tait libre. \u00ab\u00a0Puis pendant trois jours au mois d&rsquo;octobre, on a r\u00e9alis\u00e9 le collage. On a \u00e9t\u00e9 aid\u00e9s par des enfants, et des grand-m\u00e8res qui venaient contribuer au c\u00f4t\u00e9 d&rsquo;artistes inconnus et d&rsquo;artistes de renomm\u00e9e internationale\u00a0\u00bb. <\/p>\n<p>Une <strong>deuxi\u00e8me \u00e9dition devrait avoir lieu \u00e0 l&rsquo;automne<\/strong>, avec une consigne restrictive cette fois : le nouveau mur ne sera recouvert que de <strong>collages en noir et blanc.<\/strong> <\/p>\n<p>Une journ\u00e9e sp\u00e9ciale stickers le 28 juin <img decoding=\"async\" alt=\"\" class=\"img-size-limited\" data-zoomable=\"\" height=\"994\" loading=\"lazy\" src=\"https:\/\/www.europesays.com\/fr\/wp-content\/uploads\/2025\/06\/imagetools1.jpg\" width=\"600\"\/> <\/p>\n<p>\u00a9 Caroline Thermoz-Liaudy &#8211; Lors de la deuxi\u00e8me \u00e9dition du PUFF en octobre, un nouveau mur sera recouvert de collages noirs et blancs. <\/p>\n<p>Le <strong>28 juin 2025<\/strong>, Otist et l&rsquo;ensemble des organisateurs du Puff, organiseront une<strong> journ\u00e9e d\u00e9di\u00e9e \u00e0 la fabrication de stickers au Minimistan.<\/strong> L&rsquo;occasion de s&rsquo;initier aux techniques de r\u00e9alisation et de collage dans un atelier. L&rsquo;\u00e9v\u00e8nement accueillera aussi <strong>du body-painting<\/strong> avec un artiste qui peindra un mod\u00e8le pour le confondre avec le mur du Puff. A voir aussi des d\u00e9monstrations de<strong> hip-hop.<\/strong><\/p>\n<p><script async src=\"\/\/www.instagram.com\/embed.js\"><\/script><\/p>\n","protected":false},"excerpt":{"rendered":"On peut voir ses \u0153uvres un peu partout dans Grenoble. Quand il a r\u00e9alis\u00e9 la derni\u00e8re, il a&hellip;\n","protected":false},"author":2,"featured_media":192742,"comment_status":"","ping_status":"","sticky":false,"template":"","format":"standard","meta":{"footnotes":""},"categories":[9566],"tags":[1111,11,2430,7190,1777,674,1011,27,2731,12,25,7189,33164],"class_list":{"0":"post-192867","1":"post","2":"type-post","3":"status-publish","4":"format-standard","5":"has-post-thumbnail","7":"category-grenoble","8":"tag-actu","9":"tag-actualites","10":"tag-auvergne-rhone-alpes","11":"tag-banksy","12":"tag-eu","13":"tag-europe","14":"tag-fr","15":"tag-france","16":"tag-grenoble","17":"tag-news","18":"tag-republique-francaise","19":"tag-street-art","20":"tag-street-art-festival"},"share_on_mastodon":{"url":"https:\/\/pubeurope.com\/@fr\/114720088357082238","error":""},"_links":{"self":[{"href":"https:\/\/www.europesays.com\/fr\/wp-json\/wp\/v2\/posts\/192867","targetHints":{"allow":["GET"]}}],"collection":[{"href":"https:\/\/www.europesays.com\/fr\/wp-json\/wp\/v2\/posts"}],"about":[{"href":"https:\/\/www.europesays.com\/fr\/wp-json\/wp\/v2\/types\/post"}],"author":[{"embeddable":true,"href":"https:\/\/www.europesays.com\/fr\/wp-json\/wp\/v2\/users\/2"}],"replies":[{"embeddable":true,"href":"https:\/\/www.europesays.com\/fr\/wp-json\/wp\/v2\/comments?post=192867"}],"version-history":[{"count":0,"href":"https:\/\/www.europesays.com\/fr\/wp-json\/wp\/v2\/posts\/192867\/revisions"}],"wp:featuredmedia":[{"embeddable":true,"href":"https:\/\/www.europesays.com\/fr\/wp-json\/wp\/v2\/media\/192742"}],"wp:attachment":[{"href":"https:\/\/www.europesays.com\/fr\/wp-json\/wp\/v2\/media?parent=192867"}],"wp:term":[{"taxonomy":"category","embeddable":true,"href":"https:\/\/www.europesays.com\/fr\/wp-json\/wp\/v2\/categories?post=192867"},{"taxonomy":"post_tag","embeddable":true,"href":"https:\/\/www.europesays.com\/fr\/wp-json\/wp\/v2\/tags?post=192867"}],"curies":[{"name":"wp","href":"https:\/\/api.w.org\/{rel}","templated":true}]}}