{"id":192872,"date":"2025-06-21T07:08:17","date_gmt":"2025-06-21T07:08:17","guid":{"rendered":"https:\/\/www.europesays.com\/fr\/192872\/"},"modified":"2025-06-21T07:08:17","modified_gmt":"2025-06-21T07:08:17","slug":"strasbourg-rassemblement-contre-les-violations-des-droits-humains-en-turquie","status":"publish","type":"post","link":"https:\/\/www.europesays.com\/fr\/192872\/","title":{"rendered":"Strasbourg. Rassemblement contre les violations des droits humains en Turquie"},"content":{"rendered":"<p class=\"wp-block-post-excerpt__excerpt\">Alors que les violations des droits fondamentaux se multiplient en Turquie, un rassemblement est organis\u00e9 mercredi 25 juin devant le Conseil de l\u2019Europe \u00e0 Strasbourg. Les manifestants exigeront l\u2019application des arr\u00eats de la Cour europ\u00e9enne des droits de l\u2019Homme. <\/p>\n<p class=\"font-sans\">\n\t\t\tCet article est en acc\u00e8s libre. Pour soutenir Rue89 Strasbourg,<br \/>\n\t\t\t<a class=\"underline\" href=\"https:\/\/www.rue89strasbourg.com\/abonnement\" rel=\"nofollow noopener\" target=\"_blank\">abonnez-vous<\/a>.\n\t\t<\/p>\n<p>Anis Foucard<\/p>\n<p>Publi\u00e9 le 21 juin 2025\u00a0\u00a0\u00b7\u00a0\u00a0<\/p>\n<p>Imprim\u00e9 le 21 juin 2025 \u00e0 09h08\u00a0\u00a0\u00b7\u00a0\u00a0<\/p>\n<p>\t\t\t\t\t1\u00a0minute\n<\/p>\n<p>Pour la quatri\u00e8me ann\u00e9e cons\u00e9cutive, le mouvement europ\u00e9en Peaceful Actions, accompagn\u00e9 de plusieurs organisations de la soci\u00e9t\u00e9 civile turque comme <a href=\"https:\/\/www.solidaritywithothers.com\/\" target=\"_blank\" rel=\"noreferrer noopener nofollow\">Solidarity with others<\/a>, le <a href=\"https:\/\/www.collectifddh.fr\/actu\" rel=\"nofollow noopener\" target=\"_blank\">collectif LDDH<\/a>, appellent \u00e0 une mobilisation \u00e0 Strasbourg mercredi 25 juin \u00e0 partir de 13h30, devant le Conseil de l\u2019Europe \u00e0 Strasbourg pour d\u00e9noncer les violations des droits de l\u2019Homme par le gouvernement islamo-conservateur de <a href=\"https:\/\/fr.wikipedia.org\/wiki\/Recep_Tayyip_Erdo%C4%9Fan\" target=\"_blank\" rel=\"noreferrer noopener nofollow\">Recep Tayyip Erdogan<\/a> en Turquie. Le rassemblement co\u00efncide avec la session d\u2019\u00e9t\u00e9 de l\u2019Assembl\u00e9e parlementaire du Conseil de l\u2019Europe (APCE) et entend rappeler \u00e0 cette institution, dont la Turquie est membre, qu\u2019elle est charg\u00e9e de faire respecter les d\u00e9cisions de la Cour europ\u00e9enne des droits de l\u2019Homme (CEDH).<\/p>\n<p>Sous le slogan \u00ab\u00a0Justice for All\u00a0\u00bb, les organisateurs d\u00e9noncent l\u2019inaction des instances europ\u00e9ennes face aux violations persistantes des droits civils et politiques en Turquie. Ils critiquent notamment le refus d\u2019appliquer les arr\u00eats de la CEDH concernant des figures embl\u00e9matiques comme l\u2019homme d\u2019affaires <a href=\"https:\/\/fr.wikipedia.org\/wiki\/Osman_Kavala\" target=\"_blank\" rel=\"noreferrer noopener nofollow\">Osman Kavala<\/a> ou l\u2019ancien copr\u00e9sident du Parti d\u00e9mocratique des peuples (HDP) <a href=\"https:\/\/tr.wikipedia.org\/wiki\/Selahattin_Demirta%C5%9F\" target=\"_blank\" rel=\"noreferrer noopener nofollow\">Selahattin Demirta\u015f<\/a>, tous deux d\u00e9tenus depuis des ann\u00e9es pour des raisons politiques. D\u2019autres d\u00e9cisions, comme l\u2019<a href=\"https:\/\/hudoc.echr.coe.int\/fre#{%22itemid%22:[%22001-127005%22]}\" target=\"_blank\" rel=\"noreferrer noopener nofollow\">arr\u00eat Yal\u00e7\u0131nkaya<\/a>, qui critique la criminalisation massive de membres pr\u00e9sum\u00e9s du mouvement religieux G\u00fclen, sont \u00e9galement rest\u00e9es lettre morte.<\/p>\n<p>Les participants entendent mettre en lumi\u00e8re une large r\u00e9pression en Turquie visant \u00e9lus locaux, journalistes, fonctionnaires, militants kurdes ou encore \u00e9tudiants. En 2024, plus de 3 000 personnes avaient r\u00e9pondu \u00e0 l\u2019appel, venues de toute l\u2019Europe. Tous les parlementaires de l\u2019APCE ont \u00e9t\u00e9 invit\u00e9s \u00e0 s\u2019exprimer \u00e0 la tribune.<\/p>\n<p>Y <strong>aller<\/strong><\/p>\n<p><strong>Rassemblement pour le respect des droits humains en Turquie<\/strong>, mercredi 25 juin 2025 \u00e0 partir de 13h30, devant le Conseil de l\u2019Europe, 528, avenue de l\u2019Europe\u00a0\u00e0 Strasbourg \u2013 Orangerie.<\/p>\n","protected":false},"excerpt":{"rendered":"Alors que les violations des droits fondamentaux se multiplient en Turquie, un rassemblement est organis\u00e9 mercredi 25 juin&hellip;\n","protected":false},"author":2,"featured_media":192873,"comment_status":"","ping_status":"","sticky":false,"template":"","format":"standard","meta":{"footnotes":""},"categories":[2820],"tags":[1111,11,7577,1777,674,1011,27,775,2088,12,25,640,3496],"class_list":{"0":"post-192872","1":"post","2":"type-post","3":"status-publish","4":"format-standard","5":"has-post-thumbnail","7":"category-strasbourg","8":"tag-actu","9":"tag-actualites","10":"tag-conseil-de-leurope","11":"tag-eu","12":"tag-europe","13":"tag-fr","14":"tag-france","15":"tag-grand-est","16":"tag-manifestation","17":"tag-news","18":"tag-republique-francaise","19":"tag-strasbourg","20":"tag-turquie"},"share_on_mastodon":{"url":"https:\/\/pubeurope.com\/@fr\/114720100248541375","error":""},"_links":{"self":[{"href":"https:\/\/www.europesays.com\/fr\/wp-json\/wp\/v2\/posts\/192872","targetHints":{"allow":["GET"]}}],"collection":[{"href":"https:\/\/www.europesays.com\/fr\/wp-json\/wp\/v2\/posts"}],"about":[{"href":"https:\/\/www.europesays.com\/fr\/wp-json\/wp\/v2\/types\/post"}],"author":[{"embeddable":true,"href":"https:\/\/www.europesays.com\/fr\/wp-json\/wp\/v2\/users\/2"}],"replies":[{"embeddable":true,"href":"https:\/\/www.europesays.com\/fr\/wp-json\/wp\/v2\/comments?post=192872"}],"version-history":[{"count":0,"href":"https:\/\/www.europesays.com\/fr\/wp-json\/wp\/v2\/posts\/192872\/revisions"}],"wp:featuredmedia":[{"embeddable":true,"href":"https:\/\/www.europesays.com\/fr\/wp-json\/wp\/v2\/media\/192873"}],"wp:attachment":[{"href":"https:\/\/www.europesays.com\/fr\/wp-json\/wp\/v2\/media?parent=192872"}],"wp:term":[{"taxonomy":"category","embeddable":true,"href":"https:\/\/www.europesays.com\/fr\/wp-json\/wp\/v2\/categories?post=192872"},{"taxonomy":"post_tag","embeddable":true,"href":"https:\/\/www.europesays.com\/fr\/wp-json\/wp\/v2\/tags?post=192872"}],"curies":[{"name":"wp","href":"https:\/\/api.w.org\/{rel}","templated":true}]}}