{"id":192876,"date":"2025-06-21T07:10:10","date_gmt":"2025-06-21T07:10:10","guid":{"rendered":"https:\/\/www.europesays.com\/fr\/192876\/"},"modified":"2025-06-21T07:10:10","modified_gmt":"2025-06-21T07:10:10","slug":"christian-estrosi-peut-il-etre-contraint-de-retirer-le-drapeau-israelien-du-fronton-de-la-mairie-de-nice","status":"publish","type":"post","link":"https:\/\/www.europesays.com\/fr\/192876\/","title":{"rendered":"Christian Estrosi peut-il \u00eatre contraint de retirer le drapeau isra\u00e9lien du fronton de la mairie de Nice?"},"content":{"rendered":"<p>Est-ce une premi\u00e8re \u00e9tape vers la contrainte? Le pr\u00e9fet des Alpes-Maritimes, Laurent Hottiaux, a envoy\u00e9 aux maires du d\u00e9partement une circulaire pour rappeler l\u2019interdiction de la pr\u00e9sence de drapeaux \u00e9trangers sur les b\u00e2timents publics. Le maire de Nice n\u2019a pas souhait\u00e9 s\u2019ex\u00e9cuter et enlever le drapeau isra\u00e9lien de sa mairie.<\/p>\n<p>Dans d\u2019autres d\u00e9partements, les repr\u00e9sentants de l\u2019\u00c9tat ont saisi les tribunaux. C\u2019est le cas en Seine-Saint-Denis. Le pr\u00e9fet a demand\u00e9 au juge des r\u00e9f\u00e9r\u00e9s le 2 d\u00e9cembre 2024 d\u2019ordonner la suspension de la d\u00e9cision du maire de Montfermeil d\u2019apposer un drapeau palestinien sur le fronton de l\u2019h\u00f4tel de ville.<\/p>\n<p>Il a utilis\u00e9 la proc\u00e9dure de \u00ab\u00a0d\u00e9f\u00e9r\u00e9 la\u00efcit\u00e9\u00a0\u00bb pr\u00e9vue \u00e0 l\u2019article L 554-3 du code de justice administrative, issue de la loi du 24 ao\u00fbt 2021 \u00ab\u00a0confortant le respect des principes de la R\u00e9publique\u00a0\u00bb.<\/p>\n<p>\u00ab\u00a0La neutralit\u00e9 de l\u2019administration s\u2019entend non seulement d\u2019un point de vue religieux, mais encore philosophique ou politique\u00a0\u00bb, explique Christophe Tukov, vice-pr\u00e9sident du tribunal administratif de Montreuil.<\/p>\n<p>La mairie de Montfermeil avan\u00e7ait comme arguments que \u00ab\u00a0le drapeau palestinien ne portait pas une atteinte grave \u00e0 la neutralit\u00e9 des services publics. Il ne devait pas \u00eatre interpr\u00e9t\u00e9 comme symbolisant un soutien \u00e0 la cause palestinienne, mais simplement comme un soutien \u00e0 la population civile touch\u00e9e par le conflit depuis le 7 octobre 2023\u00a0\u00bb.<\/p>\n<p><strong>\u00ab\u00a0Nous avons consid\u00e9r\u00e9 que ce drapeau \u00e9tait une atteinte grave \u00e0 la neutralit\u00e9 du service public\u00a0\u00bb<\/strong><\/p>\n<p>Le 6 d\u00e9cembre 2024, le tribunal administratif de Montreuil a rendu son ordonnance et a demand\u00e9 le retrait du drapeau de l\u2019\u00e9difice communal.<\/p>\n<p>\u00ab\u00a0Nous avons consid\u00e9r\u00e9 que ce drapeau \u00e9tait une atteinte grave \u00e0 la neutralit\u00e9 du service public et qu\u2019il d\u00e9passait le simple cadre du soutien aux civils\u00a0\u00bb, explique Christophe Tukov. Le maire de Montfermeil a ex\u00e9cut\u00e9 cette d\u00e9cision.<\/p>\n<p>Concernant le drapeau isra\u00e9lien appos\u00e9 au fronton de la mairie de Nice, une ordonnance du 24 mai 2024 du tribunal administratif de Nice avait d\u00e9bout\u00e9 des habitants, car leur demande ne pr\u00e9sentait pas un caract\u00e8re d\u2019urgence.<\/p>\n<p>Sauf que, selon le vice-pr\u00e9sident du tribunal administratif de Montreuil, \u00ab\u00a0la condition d\u2019urgence n\u2019est pas requise pour le pr\u00e9fet\u00a0\u00bb.<\/p>\n","protected":false},"excerpt":{"rendered":"Est-ce une premi\u00e8re \u00e9tape vers la contrainte? Le pr\u00e9fet des Alpes-Maritimes, Laurent Hottiaux, a envoy\u00e9 aux maires du&hellip;\n","protected":false},"author":2,"featured_media":192877,"comment_status":"","ping_status":"","sticky":false,"template":"","format":"standard","meta":{"footnotes":""},"categories":[2819],"tags":[1111,11,1777,674,332,1011,27,12,2401,316,882,25],"class_list":{"0":"post-192876","1":"post","2":"type-post","3":"status-publish","4":"format-standard","5":"has-post-thumbnail","7":"category-nice","8":"tag-actu","9":"tag-actualites","10":"tag-eu","11":"tag-europe","12":"tag-faits-de-societe","13":"tag-fr","14":"tag-france","15":"tag-news","16":"tag-nice","17":"tag-politique","18":"tag-provence-alpes-cote-dazur","19":"tag-republique-francaise"},"share_on_mastodon":{"url":"","error":""},"_links":{"self":[{"href":"https:\/\/www.europesays.com\/fr\/wp-json\/wp\/v2\/posts\/192876","targetHints":{"allow":["GET"]}}],"collection":[{"href":"https:\/\/www.europesays.com\/fr\/wp-json\/wp\/v2\/posts"}],"about":[{"href":"https:\/\/www.europesays.com\/fr\/wp-json\/wp\/v2\/types\/post"}],"author":[{"embeddable":true,"href":"https:\/\/www.europesays.com\/fr\/wp-json\/wp\/v2\/users\/2"}],"replies":[{"embeddable":true,"href":"https:\/\/www.europesays.com\/fr\/wp-json\/wp\/v2\/comments?post=192876"}],"version-history":[{"count":0,"href":"https:\/\/www.europesays.com\/fr\/wp-json\/wp\/v2\/posts\/192876\/revisions"}],"wp:featuredmedia":[{"embeddable":true,"href":"https:\/\/www.europesays.com\/fr\/wp-json\/wp\/v2\/media\/192877"}],"wp:attachment":[{"href":"https:\/\/www.europesays.com\/fr\/wp-json\/wp\/v2\/media?parent=192876"}],"wp:term":[{"taxonomy":"category","embeddable":true,"href":"https:\/\/www.europesays.com\/fr\/wp-json\/wp\/v2\/categories?post=192876"},{"taxonomy":"post_tag","embeddable":true,"href":"https:\/\/www.europesays.com\/fr\/wp-json\/wp\/v2\/tags?post=192876"}],"curies":[{"name":"wp","href":"https:\/\/api.w.org\/{rel}","templated":true}]}}