{"id":192882,"date":"2025-06-21T07:13:10","date_gmt":"2025-06-21T07:13:10","guid":{"rendered":"https:\/\/www.europesays.com\/fr\/192882\/"},"modified":"2025-06-21T07:13:10","modified_gmt":"2025-06-21T07:13:10","slug":"le-cri-dalerte-des-commercants-pour-sauver-le-marche-historique-de-talensac-coeur-battant-de-la-ville","status":"publish","type":"post","link":"https:\/\/www.europesays.com\/fr\/192882\/","title":{"rendered":"le cri d\u2019alerte des commer\u00e7ants pour sauver le march\u00e9 historique de Talensac, c\u0153ur battant de la ville"},"content":{"rendered":"<p><strong>REPORTAGE &#8211;<\/strong> Dans une p\u00e9tition, ils s\u2019inqui\u00e8tent du devenir de cette institution nantaise dont la v\u00e9tust\u00e9 se fait sentir \u00e0 l\u2019approche de ses 90 ans d\u2019existence. De son c\u00f4t\u00e9, la mairie se d\u00e9fend de l\u2019abandonner.<\/p>\n<p class=\"fig-paragraph\">C\u2019est une institution \u00e0\u00a0<a href=\"http:\/\/www.lefigaro.fr\/nantes\/affaire-des-anges-disparus-de-nantes-l-etat-demande-a-l-espagne-la-restitution-d-une-sculpture-20250612\" target=\"_blank\" data-fig-type=\"NewsFlash\" rel=\"noopener\" data-gtm-custom-categorie=\"navigation\" data-gtm-custom-action=\"crossclick\" data-gtm-custom-label=\"Contextuel\" data-gtm-event=\"customEventSPE\" data-fig-domain=\"LEFIGARO\">Nantes<\/a>. Le march\u00e9 couvert de\u00a0<a href=\"http:\/\/www.lefigaro.fr\/nantes\/nantes-un-frotteur-multirecidiviste-arrete-dans-un-marche-du-centre-ville-20250616\" target=\"_blank\" data-fig-type=\"NewsFlash\" rel=\"noopener\" data-gtm-custom-categorie=\"navigation\" data-gtm-custom-action=\"crossclick\" data-gtm-custom-label=\"Contextuel\" data-gtm-event=\"customEventSPE\" data-fig-domain=\"LEFIGARO\">Talensac<\/a>\u00a0f\u00eatera en 2027 ses 90 ans. Labellis\u00e9 \u00abPatrimoine du XXe si\u00e8cle\u00bb, ce b\u00e2timent occup\u00e9 six jours sur sept, qui h\u00e9bergea jadis des abattoirs, pr\u00e9sente des signes de vieillissement. Sa v\u00e9tust\u00e9 inqui\u00e8te particuli\u00e8rement les commer\u00e7ants. En ce mardi matin estival, Ludovic Condroyer, fromager, et Pascal Carol, vendeur d\u2019olives et de gourmandises m\u00e9diterran\u00e9ennes, commencent leur journ\u00e9e par une visite guid\u00e9e des lieux.<\/p>\n<p class=\"fig-paragraph\">Devant un groupe constitu\u00e9, entre autres, de personnalit\u00e9s politiques locales, ils s\u2019arr\u00eatent r\u00e9guli\u00e8rement pour d\u00e9tailler les probl\u00e8mes d\u2019insalubrit\u00e9 du b\u00e2timent. Fientes de pigeons non nettoy\u00e9es sur les toiles, installations v\u00e9tustes, odeurs persistantes&#8230; \u00ab\u00c7a fait des ann\u00e9es qu\u2019on sollicite la mairie\u00bb, soupire Carol Pascal, g\u00e9rant du stand Les D\u00e9lices de Provence.<\/p>\n<p>\u00abCr\u00e9er un \u00e9lectrochoc\u00bb<\/p>\n<p class=\"fig-paragraph\">D\u00e9j\u00e0, en octobre 2023, Le Figaro s\u2019\u00e9tait fait l\u2019\u00e9cho\u00a0<a href=\"http:\/\/www.lefigaro.fr\/nantes\/rongeurs-mauvaises-odeurs-le-ras-le-bol-des-commercants-du-repute-marche-nantais-de-talensac-20231008\" target=\"_blank\" data-fig-type=\"Article\" rel=\"noopener\" data-gtm-custom-categorie=\"navigation\" data-gtm-custom-action=\"crossclick\" data-gtm-custom-label=\"Contextuel\" data-gtm-event=\"customEventSPE\" data-fig-domain=\"LEFIGARO\">du ras-le-bol des commer\u00e7ants<\/a>. Vingt mois plus tard, aucune \u00e9volution majeure n\u2019a \u00e9t\u00e9 constat\u00e9e par les occupants. Lass\u00e9, l\u2019un d\u2019entre eux a de nouveau pris l\u2019initiative d\u2019alerter sur la situation. Dans une vid\u00e9o diffus\u00e9e d\u00e9but juin sur\u00a0<a href=\"https:\/\/ntvmedia.fr\/talensac-le-joyau-sale-de-nantes-les-commercants-tirent-la-sonnette-dalarme\/\" target=\"_blank\" rel=\"noopener\" data-gtm-custom-categorie=\"navigation\" data-gtm-custom-action=\"crossclick\" data-gtm-custom-label=\"Contextuel\" data-gtm-event=\"customEventSPE\">NTV Media<\/a>, Ludovic Condroyer, patron de la fromagerie Beillevaire-Talensac, revient en d\u00e9tail sur les probl\u00e8mes d\u2019insalubrit\u00e9, au cours d\u2019une discussion men\u00e9e avec le conseiller municipal d\u2019opposition (LR) et candidat aux prochaines municipales Foulques Chombart de Lauwe. Dans la foul\u00e9e, une p\u00e9tition intitul\u00e9e \u00abPour un Talensac vivant et respect\u00e9\u00bb a \u00e9t\u00e9 publi\u00e9e. \u00abLe March\u00e9 de Talensac, c\u0153ur battant de Nantes depuis 1937, traverse aujourd\u2019hui une crise silencieuse\u00bb, alerte\u00a0<a href=\"https:\/\/www.change.org\/p\/p%C3%A9tition-citoyenne-pour-un-talensac-vivant-et-respect%C3%A9\" target=\"_blank\" rel=\"noopener\" data-gtm-custom-categorie=\"navigation\" data-gtm-custom-action=\"crossclick\" data-gtm-custom-label=\"Contextuel\" data-gtm-event=\"customEventSPE\">le manifeste<\/a>\u00a0sign\u00e9 par plus de 700 personnes, dans lequel les auteurs r\u00e9clament des travaux d\u2019urgence, \u00e0 savoir un plan d\u2019assainissement et de nettoyage renforc\u00e9 et une r\u00e9novation des \u00e9quipements v\u00e9tustes.<\/p>\n<p class=\"fig-paragraph\">\u00ab\u00c7a me fait mal au c\u0153ur de voir ce march\u00e9 dans cet \u00e9tat-l\u00e0. C\u2019est une question d\u2019hygi\u00e8ne et de s\u00e9curit\u00e9 des clients\u00bb, s\u2019inqui\u00e8te Ludovic Condroyer. Arriv\u00e9 en 2001, il a assist\u00e9 \u00e0 des gros travaux de r\u00e9novation men\u00e9s en 2003, soit il y a plus de 20 ans. En 2017, le groupe \u00abTalensac Avenir\u00bb a \u00e9t\u00e9 lanc\u00e9, preuve selon lui que le sujet n\u2019est pas nouveau. \u00abC\u2019est r\u00e9current\u00bb, confirme un cafetier voisin, qui en entend parler depuis son arriv\u00e9e il y a cinq ans. \u00abCe n\u2019est pas un \u00e9tat admissible pour un march\u00e9, alors m\u00eame qu\u2019on est dans une grande ville avec une politique de proximit\u00e9 et de retour au circuit court\u00bb. \u00abOn a l\u2019impression que c\u2019est laiss\u00e9 \u00e0 l\u2019abandon\u00bb, abonde un client r\u00e9gulier depuis 25 ans, caddie \u00e0 la main.<\/p>\n<p class=\"fig-paragraph\">En l\u2019\u00e9tat, les commer\u00e7ants ne r\u00e9clament pas un plan d\u2019investissement de r\u00e9habilitation totale, mais des travaux d\u2019urgence. \u00abOn veut \u00eatre constructif\u00bb, insiste Ludovic Condroyer, pr\u00e9cisant que faire de ce sujet un objet politique n\u2019est pas le but. \u00abJ\u2019aurais pu faire la vid\u00e9o avec n\u2019importe qui. L\u00e0 on veut cr\u00e9er un \u00e9lectrochoc\u00bb.<\/p>\n<p>636.895 euros investis en 5 ans<\/p>\n<p class=\"fig-paragraph\">\u00abNous partageons pleinement les constats et les attentes exprim\u00e9s, notamment en mati\u00e8re d\u2019hygi\u00e8ne, de s\u00e9curit\u00e9, d\u2019exp\u00e9rience client et d\u2019image du march\u00e9, qui rejaillit sur celle de la ville\u00bb, fait savoir Patrick Albera, pr\u00e9sident de l\u2019association des commer\u00e7ants de Talensac, qui n\u2019est pas \u00e0 l\u2019origine de la p\u00e9tition. \u00abOn ne demande pas la lune, juste que Talensac soit trait\u00e9 \u00e0 la hauteur de ce qu\u2019il repr\u00e9sente pour Nantes.\u00a0\u00bb Et de pr\u00e9ciser\u00a0: \u00abMon r\u00f4le, c\u2019est aussi de maintenir un lien de confiance avec la Ville, au-del\u00e0 des tensions du moment. Je suis toujours en attente d\u2019un rendez-vous avec la maire.\u00bb<\/p>\n<p class=\"fig-paragraph\">Sollicit\u00e9e par Le Figaro sur le sujet lors d\u2019une conf\u00e9rence de presse lundi, la maire socialiste, Johanna Rolland, a laiss\u00e9 r\u00e9pondre son premier adjoint. \u00abOn a deux \u00e9lus qui ont rencontr\u00e9 les commer\u00e7ants \u00e0 plusieurs reprises. Maintenant, nous arrivons sur une p\u00e9riode \u00e9lectorale o\u00f9 tout le monde devient f\u00e9brile, y compris du c\u00f4t\u00e9 de l\u2019opposition qui utilise ce sujet\u00bb, a r\u00e9agi Bassem Asseh. \u00ab\u00c9videmment qu\u2019il y a des travaux \u00e0 faire, mais vu le sujet dont on parle, cela demande de l\u2019anticipation et de la planification\u00bb, a ajout\u00e9 celui qui recevra une d\u00e9l\u00e9gation mardi prochain.<\/p>\n<p>\u00abMme Rolland va les recevoir\u00bb<\/p>\n<p class=\"fig-paragraph\">\u00abSi les commer\u00e7ants font appel \u00e0 nous, c\u2019est parce qu\u2019ils ne se sentent pas \u00e9cout\u00e9s. Ils en ont fait un objet politique malgr\u00e9 eux. La mairie ne bouge que comme cela\u00bb, constate l\u2019opposant Foulques Chombart de Lauwe. \u00abCela fait des ann\u00e9es qu\u2019ils alertent. Johanna Rolland ne les a jamais re\u00e7us\u00bb, a \u00e9galement tanc\u00e9 sur X Julien Bainvel, conseiller municipal et lui aussi candidat de la droite en 2026, pr\u00e9sent lors de la visite.<strong>\u00a0<\/strong><\/p>\n<p class=\"fig-paragraph\">\u00abMme Rolland va les recevoir\u00bb, a assur\u00e9 mardi matin Gildas Sala\u00fcn, adjoint \u00e0 la maire de Nantes et d\u00e9l\u00e9gu\u00e9 aux commerces, apr\u00e8s avoir discut\u00e9 avec des marchands m\u00e9contents. \u00abCe n\u2019est pas une d\u00e9couverte pour la ville. On n\u2019a pas attendu pour travailler avec eux. Nos temporalit\u00e9s sont diff\u00e9rentes. Depuis le d\u00e9but du mandat, nous avons d\u00e9pens\u00e9 630.000 euros pour ce march\u00e9\u00bb, se d\u00e9fend l\u2019\u00e9lu, alors qu\u2019une commission paritaire d\u00e9di\u00e9e \u00e0 la vingtaine de march\u00e9s nantais se r\u00e9unit chaque trimestre pour assurer un suivi.<\/p>\n<p class=\"fig-paragraph\">Sur les 636.895 euros d\u00e9bours\u00e9s depuis le d\u00e9but du mandat par la municipalit\u00e9, des sommes ont \u00e9t\u00e9 investies sur des travaux d\u2019\u00e9lectricit\u00e9, des remplacements d\u2019\u00e9clairage, la r\u00e9novation des loges de gardien ou encore la mise en place prochaine d\u2019un grillage pour encercler les poubelles, mesure que les commer\u00e7ants d\u00e9sesp\u00e9raient de voir venir. Un groupe de travail op\u00e9rationnel doit \u00eatre aussi mis en place. Pas de quoi rassurer Ludovic Condroyer et Pascal Carol qui redoutent que cela soit \u00abencore de l\u2019esbroufe\u00bb, eux qui rappellent que derri\u00e8re leur combat se trouve la pr\u00e9servation du bien manger \u00e0 Nantes.<\/p>\n<p>    Les commer\u00e7ants Pascal Carol et Ludovic Condroyer, en train de montrer des fientes de pigeons, qui les exasp\u00e8rent particuli\u00e8rement. Le second dit avoir d\u00e9j\u00e0 envoy\u00e9 trois devis \u00e0 la mairie pour les faire retirer.<br \/>\n                LT\/Le Figaro<\/p>\n","protected":false},"excerpt":{"rendered":"REPORTAGE &#8211; Dans une p\u00e9tition, ils s\u2019inqui\u00e8tent du devenir de cette institution nantaise dont la v\u00e9tust\u00e9 se fait&hellip;\n","protected":false},"author":2,"featured_media":192883,"comment_status":"","ping_status":"","sticky":false,"template":"","format":"standard","meta":{"footnotes":""},"categories":[2818],"tags":[1111,11,1777,674,462,1011,27,1661,2640,2642,2089,766,2638,2643,2637,2639,2646,2645,2641,2635,2644,2647,12,2636,25],"class_list":{"0":"post-192882","1":"post","2":"type-post","3":"status-publish","4":"format-standard","5":"has-post-thumbnail","7":"category-nantes","8":"tag-actu","9":"tag-actualites","10":"tag-eu","11":"tag-europe","12":"tag-fc-nantes","13":"tag-fr","14":"tag-france","15":"tag-gastronomie","16":"tag-hauts-paves-saint-felix","17":"tag-ile-de-nantes","18":"tag-marche","19":"tag-nantes","20":"tag-nantes-bellevue-chantenay-sainte-anne","21":"tag-nantes-breil-barberie","22":"tag-nantes-centre-ville","23":"tag-nantes-dervallieres-zola","24":"tag-nantes-doulon-bottiere","25":"tag-nantes-erdre","26":"tag-nantes-malakoff-saint-donatien","27":"tag-nantes-metropole","28":"tag-nantes-nord","29":"tag-nantes-sud","30":"tag-news","31":"tag-pays-de-la-loire","32":"tag-republique-francaise"},"share_on_mastodon":{"url":"https:\/\/pubeurope.com\/@fr\/114720119474284984","error":""},"_links":{"self":[{"href":"https:\/\/www.europesays.com\/fr\/wp-json\/wp\/v2\/posts\/192882","targetHints":{"allow":["GET"]}}],"collection":[{"href":"https:\/\/www.europesays.com\/fr\/wp-json\/wp\/v2\/posts"}],"about":[{"href":"https:\/\/www.europesays.com\/fr\/wp-json\/wp\/v2\/types\/post"}],"author":[{"embeddable":true,"href":"https:\/\/www.europesays.com\/fr\/wp-json\/wp\/v2\/users\/2"}],"replies":[{"embeddable":true,"href":"https:\/\/www.europesays.com\/fr\/wp-json\/wp\/v2\/comments?post=192882"}],"version-history":[{"count":0,"href":"https:\/\/www.europesays.com\/fr\/wp-json\/wp\/v2\/posts\/192882\/revisions"}],"wp:featuredmedia":[{"embeddable":true,"href":"https:\/\/www.europesays.com\/fr\/wp-json\/wp\/v2\/media\/192883"}],"wp:attachment":[{"href":"https:\/\/www.europesays.com\/fr\/wp-json\/wp\/v2\/media?parent=192882"}],"wp:term":[{"taxonomy":"category","embeddable":true,"href":"https:\/\/www.europesays.com\/fr\/wp-json\/wp\/v2\/categories?post=192882"},{"taxonomy":"post_tag","embeddable":true,"href":"https:\/\/www.europesays.com\/fr\/wp-json\/wp\/v2\/tags?post=192882"}],"curies":[{"name":"wp","href":"https:\/\/api.w.org\/{rel}","templated":true}]}}