{"id":192890,"date":"2025-06-21T07:17:09","date_gmt":"2025-06-21T07:17:09","guid":{"rendered":"https:\/\/www.europesays.com\/fr\/192890\/"},"modified":"2025-06-21T07:17:09","modified_gmt":"2025-06-21T07:17:09","slug":"toulouse-un-homme-meurt-percute-par-un-train-140-passagers-bloques-pendant-3-heures","status":"publish","type":"post","link":"https:\/\/www.europesays.com\/fr\/192890\/","title":{"rendered":"Toulouse. Un homme meurt percut\u00e9 par un train, 140 passagers bloqu\u00e9s pendant 3 heures"},"content":{"rendered":"<p>            Par<br \/>\n        <strong><br \/>\n            <a href=\"https:\/\/actu.fr\/auteur\/gabriel-kenedi\" title=\"Consulter tous les articles de Gabriel Kenedi\" target=\"_blank\" rel=\"noopener\">Gabriel Kenedi<\/a><br \/>\n        <\/strong><\/p>\n<p>        Publi\u00e9 le<\/p>\n<p>            21 juin 2025 \u00e0 8h50<br \/>\n        ; mis \u00e0 jour le 21 juin 2025 \u00e0 8h51    <\/p>\n<p>Un terrible accident s\u2019est produit \u00e0 Portet-Garonne, au niveau de la gare SNCF Portet-Saint-Simon, vendredi 20 juin 2025.<\/p>\n<p>Un pi\u00e9ton percut\u00e9 par un train\u00a0<\/p>\n<p class=\" wall-content\">Dans la soir\u00e9e, aux alentours de 20h45, les pompiers ont \u00e9t\u00e9 appel\u00e9s alors qu\u2019un pi\u00e9ton venait de se faire percuter par un train.\u00a0<\/p>\n<p class=\" wall-content\">D\u2019apr\u00e8s nos informations, il s\u2019agissait d\u2019un train qui allait en direction de Tarbes. Contact\u00e9e par Actu Toulouse, la SNCF indique que \u00ab\u00a0le trafic a \u00e9t\u00e9 interrompu entre Toulouse et Muret\u00a0\u00bb.\u00a0<\/p>\n<p>La victime est d\u00e9c\u00e9d\u00e9e\u00a0<\/p>\n<p class=\" wall-content\">\u00ab\u00a0La victime, de sexe masculin, a \u00e9t\u00e9 d\u00e9clar\u00e9e d\u00e9c\u00e9d\u00e9e \u00e0 l\u2019arriv\u00e9e de secours\u00a0\u00bb, pr\u00e9cise le Centre op\u00e9rationnel d\u00e9partemental d\u2019incendie et de secours (Codis 31) \u00e0 Actu Toulouse.\u00a0<\/p>\n<p class=\" wall-content\">Une enqu\u00eate a \u00e9t\u00e9 ouverte par la gendarmerie pour d\u00e9terminer les circonstances de cet accident.\u00a0<\/p>\n<p>140 personnes bloqu\u00e9es<\/p>\n<p class=\" wall-content\">En raison de ce dramatique accident de personne, le train a \u00e9t\u00e9 immobilis\u00e9 sur les voies pour les besoins de l\u2019enqu\u00eate avec \u00e0 son bord, 140 personnes durant environ trois heures. Contact\u00e9e par Actu Toulouse, la SNCF indique que \u00ab\u00a0le trafic a \u00e9t\u00e9 interrompu entre Toulouse et Muret\u00a0\u00bb et pr\u00e9cise que le train bloqu\u00e9 a pu repartir en direction de Tarbes \u00e0 23h50.<\/p>\n<p>Vid\u00e9os : en ce moment sur Actu<\/p>\n<p class=\" wall-content\">\u00ab\u00a0Des bouteilles d\u2019eau ont \u00e9t\u00e9 distribu\u00e9es au passagers. La SNCF s\u2019excuse aupr\u00e8s des voyageurs pour les d\u00e9sagr\u00e9ments occasionn\u00e9s\u00a0\u00bb, pr\u00e9cise un porte-parole.<\/p>\n<p class=\" wall-content\">Cet accident ayant entra\u00een\u00e9 des perturbations sur d\u2019autres trains, d\u2019autres voyageurs ont \u00e9t\u00e9 pris en charge via des bus de substition sur les axes Toulouse-Boussens et Toulouse-Auterive, indique encore la SNCF.\u00a0<\/p>\n<p class=\" wall-content\">Suivez toute l\u2019actualit\u00e9 de vos villes et m\u00e9dias favoris en vous inscrivant \u00e0 <a href=\"https:\/\/moncompte.actu.fr\" title=\"D\u00e9couvez Mon Actu\" rel=\"nofollow noopener\" data-trk=\"{&quot;cta&quot;:{&quot;action&quot;:&quot;https:\\\/\\\/moncompte.actu.fr&quot;,&quot;category&quot;:&quot;mon compte&quot;,&quot;from&quot;:&quot;article footer&quot;,&quot;name&quot;:&quot;Mon actu&quot;,&quot;type&quot;:&quot;cta&quot;}}\" target=\"_blank\">Mon Actu<\/a>.<\/p>\n<ul class=\"ac-article-tag wall-content\">\n<li><a href=\"https:\/\/actu.fr\/tag\/accident-grave-de-voyageur\" data-trk=\"{&quot;cta&quot;:{&quot;action&quot;:&quot;Accident grave de voyageur&quot;,&quot;category&quot;:&quot;tag&quot;,&quot;from&quot;:&quot;article footer&quot;,&quot;name&quot;:&quot;Accident grave de voyageur&quot;,&quot;type&quot;:&quot;cta&quot;}}\" target=\"_blank\" rel=\"noopener\">#Accident grave de voyageur<\/a><\/li>\n<li><a href=\"https:\/\/actu.fr\/tag\/sncf\" data-trk=\"{&quot;cta&quot;:{&quot;action&quot;:&quot;SNCF&quot;,&quot;category&quot;:&quot;tag&quot;,&quot;from&quot;:&quot;article footer&quot;,&quot;name&quot;:&quot;SNCF&quot;,&quot;type&quot;:&quot;cta&quot;}}\" target=\"_blank\" rel=\"noopener\">#SNCF<\/a><\/li>\n<\/ul>\n","protected":false},"excerpt":{"rendered":"Par Gabriel Kenedi Publi\u00e9 le 21 juin 2025 \u00e0 8h50 ; mis \u00e0 jour le 21 juin 2025&hellip;\n","protected":false},"author":2,"featured_media":192891,"comment_status":"","ping_status":"","sticky":false,"template":"","format":"standard","meta":{"footnotes":""},"categories":[2816],"tags":[7757,1111,11,1777,674,118,1011,27,12,2680,25,2215,2312],"class_list":{"0":"post-192890","1":"post","2":"type-post","3":"status-publish","4":"format-standard","5":"has-post-thumbnail","7":"category-toulouse","8":"tag-accident-grave-de-voyageur","9":"tag-actu","10":"tag-actualites","11":"tag-eu","12":"tag-europe","13":"tag-faits-divers","14":"tag-fr","15":"tag-france","16":"tag-news","17":"tag-occitanie","18":"tag-republique-francaise","19":"tag-sncf","20":"tag-toulouse"},"share_on_mastodon":{"url":"https:\/\/pubeurope.com\/@fr\/114720135088971942","error":""},"_links":{"self":[{"href":"https:\/\/www.europesays.com\/fr\/wp-json\/wp\/v2\/posts\/192890","targetHints":{"allow":["GET"]}}],"collection":[{"href":"https:\/\/www.europesays.com\/fr\/wp-json\/wp\/v2\/posts"}],"about":[{"href":"https:\/\/www.europesays.com\/fr\/wp-json\/wp\/v2\/types\/post"}],"author":[{"embeddable":true,"href":"https:\/\/www.europesays.com\/fr\/wp-json\/wp\/v2\/users\/2"}],"replies":[{"embeddable":true,"href":"https:\/\/www.europesays.com\/fr\/wp-json\/wp\/v2\/comments?post=192890"}],"version-history":[{"count":0,"href":"https:\/\/www.europesays.com\/fr\/wp-json\/wp\/v2\/posts\/192890\/revisions"}],"wp:featuredmedia":[{"embeddable":true,"href":"https:\/\/www.europesays.com\/fr\/wp-json\/wp\/v2\/media\/192891"}],"wp:attachment":[{"href":"https:\/\/www.europesays.com\/fr\/wp-json\/wp\/v2\/media?parent=192890"}],"wp:term":[{"taxonomy":"category","embeddable":true,"href":"https:\/\/www.europesays.com\/fr\/wp-json\/wp\/v2\/categories?post=192890"},{"taxonomy":"post_tag","embeddable":true,"href":"https:\/\/www.europesays.com\/fr\/wp-json\/wp\/v2\/tags?post=192890"}],"curies":[{"name":"wp","href":"https:\/\/api.w.org\/{rel}","templated":true}]}}