{"id":192894,"date":"2025-06-21T07:25:08","date_gmt":"2025-06-21T07:25:08","guid":{"rendered":"https:\/\/www.europesays.com\/fr\/192894\/"},"modified":"2025-06-21T07:25:08","modified_gmt":"2025-06-21T07:25:08","slug":"des-pizzas-gratuites-50-marseille-50-paris-a-la-gare-saint-charles-voici-quand","status":"publish","type":"post","link":"https:\/\/www.europesays.com\/fr\/192894\/","title":{"rendered":"Des pizzas gratuites \u00ab\u00a050% Marseille, 50% Paris\u00a0\u00bb \u00e0 la gare Saint-Charles : voici quand"},"content":{"rendered":"<p>            Par<br \/>\n        <strong><br \/>\n            <a href=\"https:\/\/actu.fr\/auteur\/redaction-marseille\" title=\"Consulter tous les articles de R\u00e9daction Marseille\" target=\"_blank\" rel=\"noopener\">R\u00e9daction Marseille<\/a><br \/>\n        <\/strong><\/p>\n<p>        Publi\u00e9 le<\/p>\n<p>            21 juin 2025 \u00e0 8h38        <\/p>\n<p>C\u2019est une id\u00e9e qui peut para\u00eetre d\u00e9connect\u00e9e de la r\u00e9alit\u00e9 sur le papier tant l\u2019antagonisme entre <a href=\"https:\/\/actu.fr\/marseille\/\" target=\"_blank\" rel=\"noopener\">Marseille<\/a> et Paris semble fort. Mais <strong>Trainline souhaite r\u00e9concilier les deux villes<\/strong>. Et pour cela, quoi de mieux qu\u2019un bon repas\u2009?<\/p>\n<p class=\" wall-content\">\u00c0 l\u2019occasion de <a href=\"https:\/\/actu.fr\/provence-alpes-cote-d-azur\/marseille_13055\/concurrent-des-tgv-de-la-sncf-trenitalia-lance-son-marseille-paris-un-effet-sur-les-prix_62769588.html\" target=\"_blank\" rel=\"noopener\">l\u2019arriv\u00e9e de Trenitalia, le concurrent italien de la SNCF, dans la cit\u00e9 phoc\u00e9enne<\/a>, la plateforme lance une op\u00e9ration\u2009: une pizza \u00ab\u2009moiti\u00e9-moiti\u00e9\u2009\u00bb (comme le veut la tradition dans la deuxi\u00e8me ville de France) sera propos\u00e9e gratuitement ce dimanche 22\u00a0juin 2025 sur le parvis de <a href=\"https:\/\/actu.fr\/tag\/gare-saint-charles\" target=\"_blank\" rel=\"noopener\">la gare Saint-Charles<\/a>.<\/p>\n<p>Moiti\u00e9 anchois, moiti\u00e9 champignon<\/p>\n<p class=\" wall-content\"><strong>Cette pizza 50\u2009% marseillaise, 50\u2009% parisienne<\/strong> a \u00e9t\u00e9 r\u00e9alis\u00e9e par un chef bien connu \u00e0 Marseille\u2009: Valentin Raffali. L\u2019ancien candidat de la saison 15 de <a href=\"https:\/\/actu.fr\/tag\/top-chef\" target=\"_blank\" rel=\"noopener\">Top Chef<\/a> est propri\u00e9taire du <a href=\"https:\/\/actu.fr\/tag\/restaurant\" target=\"_blank\" rel=\"noopener\">restaurant<\/a> Le Livigston, dans le 6e arrondissement.<\/p>\n<p class=\" wall-content\">Du c\u00f4t\u00e9 marseillais, les habitu\u00e9s retrouveront les classiques de la pizza <strong>avec une base tomate, des anchois, des herbes de Provence et du basilic<\/strong>. Du c\u00f4t\u00e9 de Paris, la composition risque de faire grincer des dents dans la cit\u00e9 phoc\u00e9enne, tant elle est \u00e9loign\u00e9e des standards de ce classique de la cuisine m\u00e9diterran\u00e9enne\u2009: une base cr\u00e8me d\u2019Isigny, des champignons de Paris, de moutarde \u00e0 l\u2019ancienne et de l\u2019oignon confit vinaigr\u00e9.<\/p>\n<p>Une d\u00e9gustation gratuite<\/p>\n<p class=\" wall-content\">Pour d\u00e9guster cette pizza fifty-fifty, le rendez-vous est donn\u00e9 \u00e0 <strong>11h<\/strong> sur le parvis de la gare Saint-Charles o\u00f9 un camion Trainline sera facilement reconnaissable. Il sera pr\u00e9sent <strong>jusqu\u2019\u00e0 20h<\/strong>.<\/p>\n<p>Vid\u00e9os : en ce moment sur Actu<\/p>\n<p class=\" wall-content\">La d\u00e9gustation est ouverte \u00e0 tous et gratuite.<\/p>\n<p class=\" wall-content\">Suivez toute l\u2019actualit\u00e9 de vos villes et m\u00e9dias favoris en vous inscrivant \u00e0 <a href=\"https:\/\/moncompte.actu.fr\" title=\"D\u00e9couvez Mon Actu\" rel=\"nofollow noopener\" data-trk=\"{&quot;cta&quot;:{&quot;action&quot;:&quot;https:\\\/\\\/moncompte.actu.fr&quot;,&quot;category&quot;:&quot;mon compte&quot;,&quot;from&quot;:&quot;article footer&quot;,&quot;name&quot;:&quot;Mon actu&quot;,&quot;type&quot;:&quot;cta&quot;}}\" target=\"_blank\">Mon Actu<\/a>.<\/p>\n<ul class=\"ac-article-tag wall-content\">\n<li><a href=\"https:\/\/actu.fr\/tag\/gare-saint-charles\" data-trk=\"{&quot;cta&quot;:{&quot;action&quot;:&quot;Gare Saint Charles&quot;,&quot;category&quot;:&quot;tag&quot;,&quot;from&quot;:&quot;article footer&quot;,&quot;name&quot;:&quot;Gare Saint Charles&quot;,&quot;type&quot;:&quot;cta&quot;}}\" target=\"_blank\" rel=\"noopener\">#Gare Saint Charles<\/a><\/li>\n<li><a href=\"https:\/\/actu.fr\/tag\/trenitalia\" data-trk=\"{&quot;cta&quot;:{&quot;action&quot;:&quot;Trenitalia&quot;,&quot;category&quot;:&quot;tag&quot;,&quot;from&quot;:&quot;article footer&quot;,&quot;name&quot;:&quot;Trenitalia&quot;,&quot;type&quot;:&quot;cta&quot;}}\" target=\"_blank\" rel=\"noopener\">#Trenitalia<\/a><\/li>\n<\/ul>\n","protected":false},"excerpt":{"rendered":"Par R\u00e9daction Marseille Publi\u00e9 le 21 juin 2025 \u00e0 8h38 C\u2019est une id\u00e9e qui peut para\u00eetre d\u00e9connect\u00e9e de&hellip;\n","protected":false},"author":2,"featured_media":192895,"comment_status":"","ping_status":"","sticky":false,"template":"","format":"standard","meta":{"footnotes":""},"categories":[2814],"tags":[1111,11,1777,674,1011,27,6305,884,12,882,25,104,7582],"class_list":{"0":"post-192894","1":"post","2":"type-post","3":"status-publish","4":"format-standard","5":"has-post-thumbnail","7":"category-marseille","8":"tag-actu","9":"tag-actualites","10":"tag-eu","11":"tag-europe","12":"tag-fr","13":"tag-france","14":"tag-gare-saint-charles","15":"tag-marseille","16":"tag-news","17":"tag-provence-alpes-cote-dazur","18":"tag-republique-francaise","19":"tag-societe","20":"tag-trenitalia"},"share_on_mastodon":{"url":"https:\/\/pubeurope.com\/@fr\/114720166603860501","error":""},"_links":{"self":[{"href":"https:\/\/www.europesays.com\/fr\/wp-json\/wp\/v2\/posts\/192894","targetHints":{"allow":["GET"]}}],"collection":[{"href":"https:\/\/www.europesays.com\/fr\/wp-json\/wp\/v2\/posts"}],"about":[{"href":"https:\/\/www.europesays.com\/fr\/wp-json\/wp\/v2\/types\/post"}],"author":[{"embeddable":true,"href":"https:\/\/www.europesays.com\/fr\/wp-json\/wp\/v2\/users\/2"}],"replies":[{"embeddable":true,"href":"https:\/\/www.europesays.com\/fr\/wp-json\/wp\/v2\/comments?post=192894"}],"version-history":[{"count":0,"href":"https:\/\/www.europesays.com\/fr\/wp-json\/wp\/v2\/posts\/192894\/revisions"}],"wp:featuredmedia":[{"embeddable":true,"href":"https:\/\/www.europesays.com\/fr\/wp-json\/wp\/v2\/media\/192895"}],"wp:attachment":[{"href":"https:\/\/www.europesays.com\/fr\/wp-json\/wp\/v2\/media?parent=192894"}],"wp:term":[{"taxonomy":"category","embeddable":true,"href":"https:\/\/www.europesays.com\/fr\/wp-json\/wp\/v2\/categories?post=192894"},{"taxonomy":"post_tag","embeddable":true,"href":"https:\/\/www.europesays.com\/fr\/wp-json\/wp\/v2\/tags?post=192894"}],"curies":[{"name":"wp","href":"https:\/\/api.w.org\/{rel}","templated":true}]}}