{"id":192920,"date":"2025-06-21T07:40:09","date_gmt":"2025-06-21T07:40:09","guid":{"rendered":"https:\/\/www.europesays.com\/fr\/192920\/"},"modified":"2025-06-21T07:40:09","modified_gmt":"2025-06-21T07:40:09","slug":"leurope-serait-elle-la-grande-gagnante-du-nouveau-desordre-mondial","status":"publish","type":"post","link":"https:\/\/www.europesays.com\/fr\/192920\/","title":{"rendered":"l\u2019Europe serait-elle la grande gagnante du nouveau d\u00e9sordre mondial ?"},"content":{"rendered":"<p>Le gestionnaire d\u2019actifs Carmignac estime que l\u2019approche \u00e9conomique mise en place depuis l\u2019arriv\u00e9e \u00e0 la Maison-Blanche de l\u2019Administration Trump n\u2019est pas la bonne, mais surtout qu\u2019elle sert les int\u00e9r\u00eats des Bourses europ\u00e9ennes.<\/p>\n<p class=\"fig-paragraph\">De retour \u00e0 la Maison-Blanche depuis fin janvier, Donald Trump <strong>\u00ab<\/strong>semble avoir \u00e9tabli le mauvais diagnostic\u00bb, d\u2019apr\u00e8s les sp\u00e9cialistes de Carmignac. La gestion fran\u00e7aise estime que le pr\u00e9sident am\u00e9ricain met en \u0153uvre \u00ab des politiques d\u00e9l\u00e9t\u00e8res qui vont \u00e0 l\u2019encontre de la croissance \u00e9conomique. \u00bb En voulant juguler \u00abl\u2019explosion des in\u00e9galit\u00e9s de richesse\u00a0\u00bb, le milliardaire de 79 ans a trouv\u00e9 \u00ab un coupable id\u00e9al tout d\u00e9sign\u00e9\u00a0: un commerce international d\u00e9loyal\u00bb.<\/p>\n<p class=\"fig-paragraph\">En engageant un bras de fer sur les droits de douane, il va provoquer un choc stagflationniste qui va \u00abremettre en question les niveaux de valorisations, particuli\u00e8rement \u00e9lev\u00e9s, des march\u00e9s d\u2019actions am\u00e9ricains\u00bb. Par ailleurs, certaines mesures du projet de loi de finance du gouvernement Trump, comme la \u00ab section 899\u00a0\u00bb, ou les nouvelles baisses d\u2019imp\u00f4ts pourraient conduire \u00e0 \u00abun d\u00e9bouclage d\u00e9sordonn\u00e9 et auto-aliment\u00e9 des investissements\u00bb.<\/p>\n<p>La d\u00e9cote des valeurs europ\u00e9ennes va se r\u00e9duire<\/p>\n<p class=\"fig-paragraph\">Les actions europ\u00e9ennes se positionnent donc comme les grandes gagnantes de ce \u00abnouveau\u2026<\/p>\n<p class=\"fig-premium-paywall__infos\">\n        Cet article est r\u00e9serv\u00e9 aux abonn\u00e9s.        Il vous reste 37% \u00e0 d\u00e9couvrir.\n    <\/p>\n<p class=\"fig-premium-paywall__title\">Vous avez envie de lire la suite ?<\/p>\n<p class=\"fig-premium-paywall__subtitle\">D\u00e9bloquez tous les articles imm\u00e9diatement.<\/p>\n<p class=\"fig-premium-paywall__connect\">\n                D\u00e9j\u00e0 abonn\u00e9 ?                <a class=\"fig-premium-paywall__connect-link\" href=\"https:\/\/connect.lefigaro.fr\/login?client=bourse_web&amp;type=main&amp;redirect_uri=https%3A%2F%2Fbourse.lefigaro.fr%2Factu-conseils%2Fbourse-l-europe-serait-elle-la-grande-gagnante-du-nouveau-desordre-mondial-20250621\" data-js-gtm=\"{&quot;customCategorie&quot;: &quot;conversion&quot;, &quot;customAction&quot;: &quot;before_Landing_Connexion_paywall_auto&quot;, &quot;customLabel&quot;: &quot;Ym91cnNlLmxlZmlnYXJvLmZyX18xZjA0ZDBkNS0zYjNjLTYwMDAtYWMyZS1lNWI5YTE2ZTMzZGVfX0FydGljbGU=_Bourse: l\u2019Europe serait-elle la grande gagnante du nouveau d\u00e9sordre mondial\u00a0?_85&quot;, &quot;customIDSPE&quot;: &quot;Ym91cnNlLmxlZmlnYXJvLmZyX18xZjA0ZDBkNS0zYjNjLTYwMDAtYWMyZS1lNWI5YTE2ZTMzZGVfX0FydGljbGU=&quot;, &quot;event&quot;: &quot;customEventSPE&quot;}\" target=\"_blank\" rel=\"noopener\"><br \/>\n                    Connectez-vous<br \/>\n                <\/a>\n            <\/p>\n","protected":false},"excerpt":{"rendered":"Le gestionnaire d\u2019actifs Carmignac estime que l\u2019approche \u00e9conomique mise en place depuis l\u2019arriv\u00e9e \u00e0 la Maison-Blanche de l\u2019Administration&hellip;\n","protected":false},"author":2,"featured_media":192921,"comment_status":"","ping_status":"","sticky":false,"template":"","format":"standard","meta":{"footnotes":""},"categories":[1586],"tags":[15033,2469,630,11,340,1777,450,674,2472,2471,1011,27,2470,2473,12,25],"class_list":{"0":"post-192920","1":"post","2":"type-post","3":"status-publish","4":"format-standard","5":"has-post-thumbnail","7":"category-europe","8":"tag-actions","9":"tag-actu-bourse","10":"tag-actualite-bourse","11":"tag-actualites","12":"tag-bourse","13":"tag-eu","14":"tag-euro","15":"tag-europe","16":"tag-evolution-bourse","17":"tag-figaro-bourse","18":"tag-fr","19":"tag-france","20":"tag-info-bourse","21":"tag-marche-financier","22":"tag-news","23":"tag-republique-francaise"},"share_on_mastodon":{"url":"https:\/\/pubeurope.com\/@fr\/114720225784459567","error":""},"_links":{"self":[{"href":"https:\/\/www.europesays.com\/fr\/wp-json\/wp\/v2\/posts\/192920","targetHints":{"allow":["GET"]}}],"collection":[{"href":"https:\/\/www.europesays.com\/fr\/wp-json\/wp\/v2\/posts"}],"about":[{"href":"https:\/\/www.europesays.com\/fr\/wp-json\/wp\/v2\/types\/post"}],"author":[{"embeddable":true,"href":"https:\/\/www.europesays.com\/fr\/wp-json\/wp\/v2\/users\/2"}],"replies":[{"embeddable":true,"href":"https:\/\/www.europesays.com\/fr\/wp-json\/wp\/v2\/comments?post=192920"}],"version-history":[{"count":0,"href":"https:\/\/www.europesays.com\/fr\/wp-json\/wp\/v2\/posts\/192920\/revisions"}],"wp:featuredmedia":[{"embeddable":true,"href":"https:\/\/www.europesays.com\/fr\/wp-json\/wp\/v2\/media\/192921"}],"wp:attachment":[{"href":"https:\/\/www.europesays.com\/fr\/wp-json\/wp\/v2\/media?parent=192920"}],"wp:term":[{"taxonomy":"category","embeddable":true,"href":"https:\/\/www.europesays.com\/fr\/wp-json\/wp\/v2\/categories?post=192920"},{"taxonomy":"post_tag","embeddable":true,"href":"https:\/\/www.europesays.com\/fr\/wp-json\/wp\/v2\/tags?post=192920"}],"curies":[{"name":"wp","href":"https:\/\/api.w.org\/{rel}","templated":true}]}}