{"id":192924,"date":"2025-06-21T07:42:10","date_gmt":"2025-06-21T07:42:10","guid":{"rendered":"https:\/\/www.europesays.com\/fr\/192924\/"},"modified":"2025-06-21T07:42:10","modified_gmt":"2025-06-21T07:42:10","slug":"comment-mola-a-pris-la-defense-de-graou","status":"publish","type":"post","link":"https:\/\/www.europesays.com\/fr\/192924\/","title":{"rendered":"comment Mola a pris la d\u00e9fense de Graou"},"content":{"rendered":"<p>            Par<br \/>\n        <strong><br \/>\n            <a href=\"https:\/\/actu.fr\/auteur\/thomas-corbet-actu-fr\" title=\"Consulter tous les articles de Thomas Corbet\" rel=\"nofollow noopener\" target=\"_blank\">Thomas Corbet<\/a><br \/>\n        <\/strong><\/p>\n<p>        Publi\u00e9 le<\/p>\n<p>            21 juin 2025 \u00e0 2h20        <\/p>\n<p>Propuls\u00e9 titulaire \u00e0 la m\u00eal\u00e9e de <strong>Toulouse<\/strong> depuis la longue blessure d\u2019Antoine Dupont, <a href=\"https:\/\/actu.fr\/rugby\/joueur\/graou_64dfa83d7b8c09c4feccdea5\/\" rel=\"nofollow noopener\" target=\"_blank\">Paul Graou<\/a> n\u2019a pas connu que des sorties heureuses en l\u2019absence de son irrempla\u00e7able co\u00e9quipiers. Apr\u00e8s la <a href=\"https:\/\/actu.fr\/sports\/rugby\/top-14\/demi-finale-top-14-toulouse-a-transpire-pour-se-defaire-de-bayonne-ce-qui-nous-a-plu-et-deplu_62805582.html\" rel=\"nofollow noopener\" target=\"_blank\">demi-finale de Top 14 remport\u00e9e<\/a> par le <a href=\"https:\/\/actu.fr\/rugby\/equipe\/toulouse_64dd31517b8c09c4fec880ad\/\" rel=\"nofollow noopener\" target=\"_blank\">Stade Toulousain<\/a>, o\u00f9 Graou n\u2019a <a href=\"https:\/\/actu.fr\/sports\/rugby\/top-14\/les-notes-de-toulouse-bayonne-32-25-willis-et-barassi-ultra-precieux-graou-peu-inspire_62805555.html\" rel=\"nofollow noopener\" target=\"_blank\">pas fait que des choix heureux<\/a>, <strong>Ugo Mola a pris la d\u00e9fense de son joueur<\/strong>.<\/p>\n<p>Graou secouru par Ugo Mola<\/p>\n<p class=\" wall-content\">Qui aurait envie d\u2019\u00eatre sans cesse compar\u00e9 \u00e0 Antoine Dupont ? Et surtout, qui sur la plan\u00e8te ovale soutiendrait la comparaison avec le meilleur joueur du monde au sommet de son art ? A priori, personne. Mais en ce qui concerne la premi\u00e8re question, Paul Graou n\u2019a pas tellement le choix.<\/p>\n<p class=\" wall-content\">Ugo Mola le sait, il n\u2019y a qu\u2019un seul Antoine Dupont. Et en son absence, son habituelle doublure a fait mieux que faire le job contre Bayonne. C\u2019est en tout cas ce que semble penser le manager qui a d\u00e9fendu la performance de Paul Graou apr\u00e8s la rencontre.<\/p>\n<p class=\" wall-content\">\u00ab\u00a0Paul Graou fait une performance XXL.\u00a0Certes, Thomas (Ramos, ndlr) fait 100 % au pied, mais le match que fait Paul aujourd\u2019hui, si c\u2019est Antoine qui le fait, c\u2019est lui qui a le troph\u00e9e. Moi, je suis ravi pour lui\u00a0\u00bb, a f\u00e9licit\u00e9 Mola.<\/p>\n<p>L\u2019abn\u00e9gation de Paul Graou<\/p>\n<p class=\" wall-content\">On n\u2019a jamais vraiment \u00e9t\u00e9 inquiets pour le Stade Toulousain, qui a suffisamment de ressources pour s\u2019en sortir face aux coups durs. Mais force est de constater que des coups durs, le club en a subi quelques uns.<\/p>\n<p>Vid\u00e9os : en ce moment sur Actu<\/p>\n<p class=\" wall-content\">Ugo Mola a donc tenu a revenir sur la r\u00e9silience de son groupe, Paul Graou en t\u00eate : \u00ab\u00a0On est un groupe qui ne l\u00e2che pas. Et Paul en est un peu le symbole ces derniers temps. Il charge beaucoup, on le compare souvent. Mais quel match ce soir ! Franchement, il r\u00e9alise une perf de tr\u00e8s haut niveau. Et encore une fois, sans faire offense \u00e0 Toto (Dupont, ndlr), il aurait m\u00e9rit\u00e9 ce troph\u00e9e de meilleur joueur du match.\u00a0\u00bb<\/p>\n<p class=\" wall-content\">Suivez toute l\u2019actualit\u00e9 de vos villes et m\u00e9dias favoris en vous inscrivant \u00e0 <a href=\"https:\/\/moncompte.actu.fr\" title=\"D\u00e9couvez Mon Actu\" rel=\"nofollow noopener\" data-trk=\"{&quot;cta&quot;:{&quot;action&quot;:&quot;https:\\\/\\\/moncompte.actu.fr&quot;,&quot;category&quot;:&quot;mon compte&quot;,&quot;from&quot;:&quot;article footer&quot;,&quot;name&quot;:&quot;Mon actu&quot;,&quot;type&quot;:&quot;cta&quot;}}\" target=\"_blank\">Mon Actu<\/a>.<\/p>\n<ul class=\"ac-article-tag wall-content\">\n<li><a href=\"https:\/\/actu.fr\/tag\/stade-toulousain\" data-trk=\"{&quot;cta&quot;:{&quot;action&quot;:&quot;Stade toulousain&quot;,&quot;category&quot;:&quot;tag&quot;,&quot;from&quot;:&quot;article footer&quot;,&quot;name&quot;:&quot;Stade toulousain&quot;,&quot;type&quot;:&quot;cta&quot;}}\" rel=\"nofollow noopener\" target=\"_blank\">#Stade toulousain<\/a><\/li>\n<li><a href=\"https:\/\/actu.fr\/tag\/ugo-mola\" data-trk=\"{&quot;cta&quot;:{&quot;action&quot;:&quot;Ugo Mola&quot;,&quot;category&quot;:&quot;tag&quot;,&quot;from&quot;:&quot;article footer&quot;,&quot;name&quot;:&quot;Ugo Mola&quot;,&quot;type&quot;:&quot;cta&quot;}}\" rel=\"nofollow noopener\" target=\"_blank\">#Ugo Mola<\/a><\/li>\n<\/ul>\n","protected":false},"excerpt":{"rendered":"Par Thomas Corbet Publi\u00e9 le 21 juin 2025 \u00e0 2h20 Propuls\u00e9 titulaire \u00e0 la m\u00eal\u00e9e de Toulouse depuis&hellip;\n","protected":false},"author":2,"featured_media":192925,"comment_status":"","ping_status":"","sticky":false,"template":"","format":"standard","meta":{"footnotes":""},"categories":[2],"tags":[11,1011,27,12,25,479,60,476,478,1088],"class_list":{"0":"post-192924","1":"post","2":"type-post","3":"status-publish","4":"format-standard","5":"has-post-thumbnail","7":"category-actualites","8":"tag-actualites","9":"tag-fr","10":"tag-france","11":"tag-news","12":"tag-republique-francaise","13":"tag-rugby","14":"tag-sports","15":"tag-stade-toulousain","16":"tag-top-14","17":"tag-ugo-mola"},"share_on_mastodon":{"url":"https:\/\/pubeurope.com\/@fr\/114720233518152484","error":""},"_links":{"self":[{"href":"https:\/\/www.europesays.com\/fr\/wp-json\/wp\/v2\/posts\/192924","targetHints":{"allow":["GET"]}}],"collection":[{"href":"https:\/\/www.europesays.com\/fr\/wp-json\/wp\/v2\/posts"}],"about":[{"href":"https:\/\/www.europesays.com\/fr\/wp-json\/wp\/v2\/types\/post"}],"author":[{"embeddable":true,"href":"https:\/\/www.europesays.com\/fr\/wp-json\/wp\/v2\/users\/2"}],"replies":[{"embeddable":true,"href":"https:\/\/www.europesays.com\/fr\/wp-json\/wp\/v2\/comments?post=192924"}],"version-history":[{"count":0,"href":"https:\/\/www.europesays.com\/fr\/wp-json\/wp\/v2\/posts\/192924\/revisions"}],"wp:featuredmedia":[{"embeddable":true,"href":"https:\/\/www.europesays.com\/fr\/wp-json\/wp\/v2\/media\/192925"}],"wp:attachment":[{"href":"https:\/\/www.europesays.com\/fr\/wp-json\/wp\/v2\/media?parent=192924"}],"wp:term":[{"taxonomy":"category","embeddable":true,"href":"https:\/\/www.europesays.com\/fr\/wp-json\/wp\/v2\/categories?post=192924"},{"taxonomy":"post_tag","embeddable":true,"href":"https:\/\/www.europesays.com\/fr\/wp-json\/wp\/v2\/tags?post=192924"}],"curies":[{"name":"wp","href":"https:\/\/api.w.org\/{rel}","templated":true}]}}