{"id":192928,"date":"2025-06-21T07:44:14","date_gmt":"2025-06-21T07:44:14","guid":{"rendered":"https:\/\/www.europesays.com\/fr\/192928\/"},"modified":"2025-06-21T07:44:14","modified_gmt":"2025-06-21T07:44:14","slug":"une-panne-majeure-a-interrompu-les-programmes-france-info-toujours-en-rade","status":"publish","type":"post","link":"https:\/\/www.europesays.com\/fr\/192928\/","title":{"rendered":"Une \u00ab\u00a0panne majeure\u00a0\u00bb a interrompu les programmes, France Info toujours en rade"},"content":{"rendered":"<p>La cha\u00eene d\u2019information en continu <a href=\"https:\/\/www.20minutes.fr\/dossier\/france_info\" class=\"color-ultramarine c-link\" target=\"_blank\" rel=\"noopener\">France Info<\/a> \u00e9tait dans l\u2019incapacit\u00e9 de diffuser ses programmes en direct ce samedi matin, en raison d\u2019une panne technique qui a conduit dans la nuit \u00e0 une br\u00e8ve interruption de la diffusion des autres cha\u00eenes du groupe <a href=\"https:\/\/www.20minutes.fr\/television\/france_televisions\/\" class=\"color-ultramarine c-link\" target=\"_blank\" rel=\"noopener\">France T\u00e9l\u00e9visions<\/a>.<\/p>\n<p>\u00ab\u00a0Une panne majeure\u00a0\u00bb<\/p>\n<p>\u00ab\u00a0Une <a href=\"https:\/\/www.20minutes.fr\/dossier\/panne\" class=\"color-ultramarine c-link\" target=\"_blank\" rel=\"noopener\">panne<\/a> majeure du syst\u00e8me de climatisation des salles h\u00e9bergeant les serveurs de diffusion des cha\u00eenes France 2, France 3, France 4, France 5 et France Info a provoqu\u00e9 autour de minuit une interruption des programmes pr\u00e9vus\u00a0\u00bb, a d\u00e9clar\u00e9 le groupe dans un communiqu\u00e9.<\/p>\n<p>\u00ab\u00a0Un retour progressif de la diffusion\u00a0\u00bb<\/p>\n<p>\u00ab\u00a0Les \u00e9quipes de France T\u00e9l\u00e9visions mobilis\u00e9es toute la nuit ont permis un retour progressif de la diffusion \u00e0 la normale\u00a0\u00bb sur ces cha\u00eenes, a-t-elle ajout\u00e9. A l\u2019antenne, l\u2019interruption n\u2019a dur\u00e9 que quelques secondes.<\/p>\n<p>\u00ab\u00a0Toutefois, une partie du mat\u00e9riel de la r\u00e9gie de production de la cha\u00eene France Info a \u00e9t\u00e9 endommag\u00e9e au cours de l\u2019incident, et la cha\u00eene est pour le moment dans l\u2019incapacit\u00e9 de reprendre ses programmes en direct\u00a0\u00bb. \u00ab\u00a0Nous nous excusons aupr\u00e8s de tous les t\u00e9l\u00e9spectateurs\u00a0\u00bb, a-t-elle poursuivi.<\/p>\n","protected":false},"excerpt":{"rendered":"La cha\u00eene d\u2019information en continu France Info \u00e9tait dans l\u2019incapacit\u00e9 de diffuser ses programmes en direct ce samedi&hellip;\n","protected":false},"author":2,"featured_media":192929,"comment_status":"","ping_status":"","sticky":false,"template":"","format":"standard","meta":{"footnotes":""},"categories":[4],"tags":[11,58,1011,27,10318,2400,12,10899,25,252],"class_list":{"0":"post-192928","1":"post","2":"type-post","3":"status-publish","4":"format-standard","5":"has-post-thumbnail","7":"category-france","8":"tag-actualites","9":"tag-divertissement","10":"tag-fr","11":"tag-france","12":"tag-france-info","13":"tag-france-televisions","14":"tag-news","15":"tag-panne","16":"tag-republique-francaise","17":"tag-television"},"share_on_mastodon":{"url":"https:\/\/pubeurope.com\/@fr\/114720241380402210","error":""},"_links":{"self":[{"href":"https:\/\/www.europesays.com\/fr\/wp-json\/wp\/v2\/posts\/192928","targetHints":{"allow":["GET"]}}],"collection":[{"href":"https:\/\/www.europesays.com\/fr\/wp-json\/wp\/v2\/posts"}],"about":[{"href":"https:\/\/www.europesays.com\/fr\/wp-json\/wp\/v2\/types\/post"}],"author":[{"embeddable":true,"href":"https:\/\/www.europesays.com\/fr\/wp-json\/wp\/v2\/users\/2"}],"replies":[{"embeddable":true,"href":"https:\/\/www.europesays.com\/fr\/wp-json\/wp\/v2\/comments?post=192928"}],"version-history":[{"count":0,"href":"https:\/\/www.europesays.com\/fr\/wp-json\/wp\/v2\/posts\/192928\/revisions"}],"wp:featuredmedia":[{"embeddable":true,"href":"https:\/\/www.europesays.com\/fr\/wp-json\/wp\/v2\/media\/192929"}],"wp:attachment":[{"href":"https:\/\/www.europesays.com\/fr\/wp-json\/wp\/v2\/media?parent=192928"}],"wp:term":[{"taxonomy":"category","embeddable":true,"href":"https:\/\/www.europesays.com\/fr\/wp-json\/wp\/v2\/categories?post=192928"},{"taxonomy":"post_tag","embeddable":true,"href":"https:\/\/www.europesays.com\/fr\/wp-json\/wp\/v2\/tags?post=192928"}],"curies":[{"name":"wp","href":"https:\/\/api.w.org\/{rel}","templated":true}]}}