{"id":192946,"date":"2025-06-21T07:55:11","date_gmt":"2025-06-21T07:55:11","guid":{"rendered":"https:\/\/www.europesays.com\/fr\/192946\/"},"modified":"2025-06-21T07:55:11","modified_gmt":"2025-06-21T07:55:11","slug":"certaines-de-mes-oeuvres-sont-tridimensionnelles","status":"publish","type":"post","link":"https:\/\/www.europesays.com\/fr\/192946\/","title":{"rendered":"certaines de mes \u0153uvres sont tridimensionnelles"},"content":{"rendered":"<p class=\"article__intro\">En collaboration avec la galerie Bayart, \u00e0 Compi\u00e8gne, dans l&rsquo;Oise, l&rsquo;espace Saint-Pierre des Minimes s&rsquo;ouvre pendant deux mois et demi aux \u0153uvres de Bernard Pras, un plasticien connu pour ses installations anamorphiques. L&rsquo;anamorphose, une technique de transformation d&rsquo;une image, qui ne devient reconnaissable qu&rsquo;\u00e0 partir d&rsquo;un point de vue pr\u00e9cis.<\/p>\n<p>\n      L&rsquo;essentiel du jour : notre s\u00e9lection exclusive\n    <\/p>\n<p>\n      Chaque jour, notre r\u00e9daction vous r\u00e9serve le meilleur de l&rsquo;info r\u00e9gionale. Une s\u00e9lection rien que pour vous, pour rester en lien avec vos r\u00e9gions.\n    <\/p>\n<p>    France T\u00e9l\u00e9visions utilise votre adresse e-mail afin de vous envoyer la newsletter \u00ab\u00a0L&rsquo;essentiel du jour : notre s\u00e9lection exclusive\u00a0\u00bb. Vous pouvez vous d\u00e9sinscrire \u00e0 tout moment via le lien en bas de cette newsletter. <a target=\"_blank\" href=\"https:\/\/www.francetelevisions.fr\/groupe\/confidentialite\/politique-de-confidentialite\/politique-de-confidentialite-de-france-televisions-6503\" rel=\"nofollow noopener\">Notre politique de confidentialit\u00e9<\/a><\/p>\n<p>Du 21 juin au 31 ao\u00fbt, c&rsquo;est dans l&rsquo;ancienne \u00e9glise Saint-Pierre des Minimes, un lieu charg\u00e9 d&rsquo;histoire et totalement r\u00e9nov\u00e9, que les visiteurs sont convi\u00e9s \u00e0 d\u00e9couvrir les installations bluffantes de l&rsquo;artiste de renomm\u00e9e internationale, Bernard Pras.<\/p>\n<p><a data-article-figure=\"\" href=\"https:\/\/france3-regions.franceinfo.fr\/image\/jvqjm5djIYBH8XNpQgi8C2H7VW8\/2000x1506\/regions\/2025\/06\/19\/bernard-pras-espace-saint-pierre-des-minimes-oculus-guillaume-sochon-6853d7125ab63333911101.jpg\" data-pswp-width=\"2000\" data-pswp-height=\"1506\" target=\"_blank\" rel=\"nofollow noopener\"><\/p>\n<p>          <img width=\"600\" height=\"400\" class=\"article-image lazy\" data-src=\"https:\/\/www.europesays.com\/fr\/wp-content\/uploads\/2025\/06\/bernard-pras-espace-saint-pierre-des-minimes-oculus-guillaume-sochon-6853d7125ab63333911101.jpg\" alt=\"Intitul\u00e9e 'Fable Ecologique', l'exposition de Bernard Pras se tient en l'\u00e9glise Saint-Pierre des Minimes \u00e0 Compi\u00e8gne, dans l'Oise, du 21 juin au 31 ao\u00fbt.\" fetchpriority=\"high\" as=\"image\"\/><\/p>\n<p>\n            Intitul\u00e9e &lsquo;Fable Ecologique&rsquo;, l&rsquo;exposition de Bernard Pras se tient en l&rsquo;\u00e9glise Saint-Pierre des Minimes \u00e0 Compi\u00e8gne, dans l&rsquo;Oise, du 21 juin au 31 ao\u00fbt.<br \/>\n                           \u2022<br \/>\n                                      \u00a9 Guillaume Sochon\n                      <\/p>\n<p><\/a><\/p>\n<p>Une trentaine d&rsquo;\u0153uvres, des plus petites aux plus imposantes, 2,2\u00a0m sur 1,6\u00a0m pour les plus imposantes, qu&rsquo;il faudra regarder \u00e0 la loupe, au sens propre du terme\u00a0: seul moyen de d\u00e9couvrir le point de vue id\u00e9al pour comprendre la signification de ces installations.<\/p>\n<p>Les anamorphoses de <a href=\"https:\/\/bernardpras.fr\/\" target=\"_blank\" rel=\"noopener nofollow\">Bernard Pras<\/a> ont d\u00e9j\u00e0 fait le tour du monde. Saisissantes, ses installations ne laissent personne indiff\u00e9rent, entre po\u00e9sie, humour et ma\u00eetrise absolue de la technique artistique.<\/p>\n<p>\u00ab\u00a0J\u2019ai voyag\u00e9 dans de nombreux pays pour des commandes d&rsquo;installations\u00a0: la Chine, le Japon, la Cor\u00e9e du Sud, l&rsquo;Am\u00e9rique du Sud, l&rsquo;Afrique. J&rsquo;adore ce c\u00f4t\u00e9 nomade, indique Bernard Pras. Mon principe est le suivant\u00a0: j&rsquo;arrive sur place avec mon appareil photo et mon ordinateur et je me mets imm\u00e9diatement en qu\u00eate de rebuts, d&rsquo;objets d\u00e9class\u00e9s, puis je m&rsquo;attelle \u00e0 la construction de mes images\u00a0\u00bb.<\/p>\n<p><a data-article-figure=\"\" href=\"https:\/\/france3-regions.franceinfo.fr\/image\/aBLe-smvYWsq-83F7CDYS_LYS8k\/1181x1480\/regions\/2025\/06\/19\/239-bernard-6853d5fd085e0469869193.jpg\" data-pswp-width=\"1181\" data-pswp-height=\"1480\" target=\"_blank\" rel=\"nofollow noopener\"><\/p>\n<p>          <img width=\"600\" height=\"400\" class=\"article-image lazy\" data-src=\"https:\/\/www.europesays.com\/fr\/wp-content\/uploads\/2025\/06\/239-bernard-6853d5fd085e0469869193.jpg\" alt=\"Autoportrait de l'artiste Bernard Pras. Une composition saisissante \u00e0 base d'\u00e9l\u00e9ments recycl\u00e9s.\" fetchpriority=\"high\" as=\"image\"\/><\/p>\n<p>\n            Autoportrait de l&rsquo;artiste Bernard Pras. Une composition saisissante \u00e0 base d&rsquo;\u00e9l\u00e9ments recycl\u00e9s.<br \/>\n                           \u2022<br \/>\n                                      \u00a9 Bernard Pras\n                      <\/p>\n<p><\/a><\/p>\n<p>Une d\u00e9marche pour le moins iconoclaste qui suscite la curiosit\u00e9 et le plus souvent, l&rsquo;enthousiasme de ses h\u00f4tes, fran\u00e7ais ou \u00e9trangers, qui finissent par se pr\u00eater volontiers \u00e0 cette chasse au tr\u00e9sor\u00a0: \u00ab\u00a0En France, Emma\u00fcs est mon principal fournisseur, mais ailleurs, cette structure n&rsquo;existe pas. Donc, lorsque je me trouve \u00e0 l&rsquo;\u00e9tranger, je fais les march\u00e9s, les brocantes. C&rsquo;est toute une aventure, on p\u00e9n\u00e8tre les usages locaux\u00a0\u00bb, raconte Bernard Pras.<\/p>\n<p>Une d\u00e9marche artistique tr\u00e8s particuli\u00e8re\u00a0: le plasticien fran\u00e7ais compose ses pi\u00e8ces &lsquo;in situ&rsquo;, dans le pays qui l&rsquo;accueille, avec les mat\u00e9riaux glan\u00e9s sur place.<\/p>\n<p>Et pour chaque territoire travers\u00e9, Bernard Pras a son anecdote\u00a0: \u00ab\u00a0En Chine, on m&rsquo;a conduit dans de vastes entrep\u00f4ts situ\u00e9s sous une autoroute. C&rsquo;\u00e9tait immense. Et je d\u00e9signais tous les \u00e9l\u00e9ments que je souhaitais pour r\u00e9aliser mon travail. J&rsquo;avais le sentiment que l&rsquo;on ne m&rsquo;\u00e9coutait pas vraiment. Mais pas du tout, au bout de la longue all\u00e9e, une camionnette nous attendait avec tout ce que j&rsquo;avais choisi, parfaitement emball\u00e9 et attach\u00e9. J&rsquo;\u00e9tais bluff\u00e9 par tant d&rsquo;efficacit\u00e9\u00a0!\u00a0\u00bb.<\/p>\n<blockquote class=\"ftvi_content_quote\">\n<p class=\"ftvi_citation_quote\">Chaque objet jet\u00e9 peut encore avoir quelque chose \u00e0 dire.<\/p>\n<p>Bernard Pras, artiste plasticien<\/p>\n<\/blockquote>\n<p>Bouteilles, canettes, bouts de ferraille, vieilles chaussures&#8230; Bernard Pras fait feu de tout bois et ne se fixe aucune limite. \u00ab\u00a0Avec les ann\u00e9es et l&rsquo;habitude, je vois le potentiel de chaque objet. Moi qui suis peintre \u00e0 la base, j&rsquo;utilise les objets, leurs formes et leurs couleurs, en lieu et place des touches de peinture\u00a0\u00bb.<\/p>\n<p>Une id\u00e9e qui lui vient par hasard, il y a des ann\u00e9es de cela\u00a0: \u00ab\u00a0Une amie jetait les vieux jouets de ses enfants. Je les ai r\u00e9cup\u00e9r\u00e9s et c&rsquo;est comme cela que j&rsquo;ai commenc\u00e9 mes sculptures avec ces bouts de plastique\u00a0\u00bb, raconte Bernard Pras.<\/p>\n<p>Un v\u00e9ritable explorateur de nos d\u00e9chets modernes qui, entre ses mains, prennent un sens nouveau, presque noble. Une pratique artistique prot\u00e9iforme, \u00e0 mi-chemin entre la peinture, la sculpture et la photo. \u00ab\u00a0Tout gamin, \u00e0 4-5 ans, j&rsquo;observais mon grand-p\u00e8re. Il \u00e9tait un mod\u00e8le pour moi. Il ne jetait rien, il r\u00e9cup\u00e9rait absolument tout. \u00c0 l\u2019\u00e9poque, c&rsquo;\u00e9tait l&rsquo;usage, pas de g\u00e2chis. En Afrique, c&rsquo;est la m\u00eame chose, on recycle tout. Je me sens proche de \u00e7a. Je n&rsquo;aime pas l&rsquo;id\u00e9e de la surconsommation. On vit dans un monde o\u00f9 on fabrique tellement de choses inutiles\u00a0! \u00c7a m&rsquo;interpelle\u00a0\u00bb.<\/p>\n<\/p>\n<p>Des objets h\u00e9t\u00e9roclites, parfois absurdes, tant ils semblent d\u00e9nu\u00e9s de toute fonction, transfigur\u00e9s par un ma\u00eetre de l\u2019illusion qui est aussi, et avant tout, un bourreau de travail\u00a0: \u00ab\u00a0Lorsque je suis sur un projet, je peux travailler six heures d&rsquo;affil\u00e9e. Je dois faire des choix et c&rsquo;est difficile. Trouver mon sujet peut prendre des jours\u00a0\u00bb, poursuit Bernard Pras.<\/p>\n<p>Lorsque vient le temps de l&rsquo;assemblage, Bernard Pras se transforme en manutentionnaire, en plombier, m\u00e9canicien, assembleur. Les \u00e9l\u00e9ments sont coll\u00e9s, viss\u00e9s. \u00ab\u00a0Je perce, je soude, c&rsquo;est tr\u00e8s amusant cette phase-l\u00e0. Je pense d&rsquo;ailleurs que c&rsquo;est le secret, ce plaisir, l&rsquo;envie de voir l&rsquo;\u0153uvre termin\u00e9e. Cr\u00e9er jusqu\u2019au point ultime. C&rsquo;est formidable\u00a0\u00bb.<\/p>\n<p><a data-article-figure=\"\" href=\"https:\/\/france3-regions.franceinfo.fr\/image\/-VPmGi7NrYFNEqKhPtx90cAhgok\/1170x1540\/regions\/2025\/06\/19\/bernard-dans-son-atelier-6853dbe52faa9516989824.jpg\" data-pswp-width=\"1170\" data-pswp-height=\"1540\" target=\"_blank\" rel=\"nofollow noopener\"><\/p>\n<p>          <img width=\"600\" height=\"400\" class=\"article-image lazy\" data-src=\"https:\/\/www.europesays.com\/fr\/wp-content\/uploads\/2025\/06\/bernard-dans-son-atelier-6853dbe52faa9516989824.jpg\" alt=\"L'artiste Bernard Pras dans son atelier situ\u00e9 \u00e0 Montreuil en r\u00e9gion parisienne. Seules limites \u00e0 ses installations, les dimensions de son lieu de travail.\" fetchpriority=\"high\" as=\"image\"\/><\/p>\n<p>\n            L&rsquo;artiste Bernard Pras dans son atelier situ\u00e9 \u00e0 Montreuil en r\u00e9gion parisienne. Seules limites \u00e0 ses installations, les dimensions de son lieu de travail.<br \/>\n                           \u2022<br \/>\n                                      \u00a9 Anna Kache\n                      <\/p>\n<p><\/a><\/p>\n<p>Mais pour obtenir l&rsquo;effet anamorphique, ce travail de composition exige une parfaite minutie\u00a0: \u00ab\u00a0Je travaille avec un appareil photo fixe qui capte la sc\u00e8ne, l&rsquo;environnement en 3D. Et \u00e0 partir de l\u00e0, j&rsquo;installe mes \u00e9l\u00e9ments, je cr\u00e9e une v\u00e9ritable sc\u00e8ne. J\u2019ai besoin d&rsquo;un grand temps de pr\u00e9paration en amont, pour \u00eatre s\u00fbr d&rsquo;\u00eatre bien compris\u00a0\u00bb.<\/p>\n<p>Des \u00e9l\u00e9ments qui sont d\u00e9solidaris\u00e9s, dispers\u00e9s sur le sol. Parfois, ces installations peuvent \u00eatre immenses. \u00ab\u00a0La seule limite, c&rsquo;est la taille de mon atelier\u00a0\u00bb, explique Bernard Pras.<\/p>\n<p>Bernard Pras, form\u00e9 aux Beaux-Arts \u00e0 Toulouse, vit en r\u00e9gion parisienne, mais il ne tient pas en place, tant son travail est appr\u00e9ci\u00e9 \u00e0 l&rsquo;\u00e9tranger ainsi qu&rsquo;en France.<\/p>\n<p>En cours d&rsquo;installation d&rsquo;une commande publique en Dordogne, ce peintre de formation, dont la notori\u00e9t\u00e9 lui permet aujourd&rsquo;hui de vivre de son art, n&rsquo;est pas int\u00e9ress\u00e9 par la c\u00e9l\u00e9brit\u00e9\u00a0: \u00ab\u00a0Vous savez, j&rsquo;ai peint pendant vingt ans sans vendre un seul tableau, mais \u00e7a ne m&rsquo;a emp\u00each\u00e9 de continuer\u00a0\u00bb.<\/p>\n<p>M\u00eame si le march\u00e9 de l\u2019art est en dents de scie et que les budgets culturels sont plut\u00f4t \u00e0 la baisse, Bernard Pras s&rsquo;adapte \u00e0 ces fluctuations. \u00ab\u00a0C&rsquo;est vrai que nous ne sommes pas dans une p\u00e9riode favorable, mais j\u2019ai l&rsquo;habitude\u00a0\u00bb, dit-il.<\/p>\n<p>Et si le succ\u00e8s ne le l\u00e2che pas, malgr\u00e9 le contexte \u00e9conomique, c&rsquo;est probablement parce que l&rsquo;artiste traite de th\u00e9matiques universelles\u00a0: les ic\u00f4nes de la musique, de la cuisine, du cin\u00e9ma. Toutes les figures archi connues du monde de l&rsquo;art, du sport ou du spectacle.<\/p>\n<p><a data-article-figure=\"\" href=\"https:\/\/france3-regions.franceinfo.fr\/image\/84Y_fb8eILnkzogoAKQdRd07-w0\/1858x797\/regions\/2025\/06\/18\/design-sans-titre-17-6852d00aeb1ff405928123.jpg\" data-pswp-width=\"1858\" data-pswp-height=\"797\" target=\"_blank\" rel=\"nofollow noopener\"><\/p>\n<p>          <img width=\"600\" height=\"400\" class=\"article-image lazy\" data-src=\"https:\/\/www.europesays.com\/fr\/wp-content\/uploads\/2025\/06\/design-sans-titre-17-6852d00aeb1ff405928123.jpg\" alt=\"Installation anamorphique de Salvador Dali sign\u00e9e Bernard Pras. Un ma\u00eetre de l'illusion qui a choisi de traiter des ic\u00f4nes archi connues du monde des arts, de la politique, du sport et du spectacle.\" fetchpriority=\"high\" as=\"image\"\/><\/p>\n<p>\n            Installation anamorphique de Salvador Dali sign\u00e9e Bernard Pras. Un ma\u00eetre de l&rsquo;illusion qui a choisi de traiter des ic\u00f4nes archi connues du monde des arts, de la politique, du sport et du spectacle.<br \/>\n                           \u2022<br \/>\n                                      \u00a9 Bernard Pras\n                      <\/p>\n<p><\/a><\/p>\n<p>\u00ab\u00a0J\u2019ai une pr\u00e9f\u00e9rence pour les portraits. Lorsque j&rsquo;ai commenc\u00e9 \u00e0 travailler avec ce principe de l&rsquo;ic\u00f4ne, j&rsquo;ai utilis\u00e9 des images d\u00e9class\u00e9es, elles aussi, comme mes rebuts. Le portrait du Che par exemple, le leader de la r\u00e9volution cubaine, que tout le monde conna\u00eet. Je choisis des sujets \u00e9cul\u00e9s \u00e0 force d&rsquo;\u00eatre c\u00e9l\u00e8bres, us\u00e9s comme une vieille chaussette\u00a0!\u00a0\u00bb.<\/p>\n<p>Des figures c\u00e9l\u00e9brissimes, revisit\u00e9es par l&rsquo;artiste, au point qu&rsquo;elles prennent un relief nouveau, surprenant\u00a0: tel le fameux portrait en pied de Louis\u00a0XIV, le Guernica de Picasso, La Naissance de V\u00e9nus de Botticelli, La Libert\u00e9 guidant le peuple de Delacroix.<\/p>\n<p><a data-article-figure=\"\" href=\"https:\/\/france3-regions.franceinfo.fr\/image\/X77vEQjmpBLocDVB2jqRDRY_2RA\/1181x1446\/regions\/2025\/06\/19\/162-venus-68543af4e6dd9901369839.jpg\" data-pswp-width=\"1181\" data-pswp-height=\"1446\" target=\"_blank\" rel=\"nofollow noopener\"><\/p>\n<p>          <img width=\"600\" height=\"400\" class=\"article-image lazy\" data-src=\"https:\/\/www.europesays.com\/fr\/wp-content\/uploads\/2025\/06\/162-venus-68543af4e6dd9901369839.jpg\" alt=\"La Naissance de V\u00e9nus de Botticelli, r\u00e9interpr\u00e9t\u00e9e en anamorphose.\" fetchpriority=\"high\" as=\"image\"\/><\/p>\n<p>\n            La Naissance de V\u00e9nus de Botticelli, r\u00e9interpr\u00e9t\u00e9e en anamorphose.<br \/>\n                           \u2022<br \/>\n                                      \u00a9 Bernard Pras\n                      <\/p>\n<p><\/a><\/p>\n<p>\u00ab\u00a0J&rsquo;ai r\u00e9interpr\u00e9t\u00e9 de nombreux tableaux de l&rsquo;histoire de l&rsquo;art, parfois tr\u00e8s anciens. Certaines de mes \u0153uvres sont tridimensionnelles, mais dans tous les cas, je fais de chacune d&rsquo;elles, un tirage photo qui constitue un tableau \u00e0 part enti\u00e8re\u00a0\u00bb, note Bernard Pras.<\/p>\n<p>Et l\u00e0 encore, roi soleil ou pas, ces installations anamorphiques sont faites de bouts de ficelle. \u00ab\u00a0Je me souviens, pour Louis\u00a0XIV, j&rsquo;\u00e9tais en Belgique. J\u2019ai fait des courses dans un supermarch\u00e9. Je pouvais prendre tout ce que je voulais. Bouteilles, canettes, tout\u00a0! Mon caddie \u00e9tait rempli de trucs rouges et jaunes. Je n&rsquo;oublierai jamais la t\u00eate des clients \u00e0 la caisse\u00a0\u00bb.<\/p>\n<p><a data-article-figure=\"\" href=\"https:\/\/france3-regions.franceinfo.fr\/image\/x7KX7zSdkyOaRT7vtds2duzWKC8\/1702x1080\/regions\/2025\/06\/18\/design-sans-titre-18-6852d00b12b76919576680.jpg\" data-pswp-width=\"1702\" data-pswp-height=\"1080\" target=\"_blank\" rel=\"nofollow noopener\"><\/p>\n<p>          <img width=\"600\" height=\"400\" class=\"article-image lazy\" data-src=\"https:\/\/www.europesays.com\/fr\/wp-content\/uploads\/2025\/06\/design-sans-titre-18-6852d00b12b76919576680.jpg\" alt=\"Louis XIV en pied, d'apr\u00e8s le tableau initial de Hyacinthe Rigaud, r\u00e9interpr\u00e9t\u00e9 par Bernard Pras. Une installation anamorphique autour de laquelle il faut tourner pour prendre conscience de la ma\u00eetrise artistique qu'elle a n\u00e9cessit\u00e9e.\" fetchpriority=\"high\" as=\"image\"\/><\/p>\n<p>\n            Louis XIV en pied, d&rsquo;apr\u00e8s le tableau initial de Hyacinthe Rigaud, r\u00e9interpr\u00e9t\u00e9 par Bernard Pras. Une installation anamorphique autour de laquelle il faut tourner pour prendre conscience de la ma\u00eetrise artistique qu&rsquo;elle a n\u00e9cessit\u00e9e.<br \/>\n                           \u2022<br \/>\n                                      \u00a9 Bernard Pras\n                      <\/p>\n<p><\/a><\/p>\n<p>Une cr\u00e9ativit\u00e9 \u00e0 la fois d\u00e9brid\u00e9e et tr\u00e8s ma\u00eetris\u00e9e, qui fait de chaque exposition de Bernard Pras, un \u00e9v\u00e9nement, un voyage sensoriel, global, visuel bien s\u00fbr, mais aussi physique. Car l&rsquo;artiste nous invite au mouvement, autour de ses \u0153uvres, qu&rsquo;il faut contourner pour les comprendre et r\u00e9aliser leur complexit\u00e9.<\/p>\n<p>\u00ab\u00a0M\u00eame si j&rsquo;utilise dans mes installations et mes portraits des objets de r\u00e9cup\u00e9ration, il n&rsquo;y a pas de message, ce n&rsquo;est pas accusatoire. Moi, ce que je recherche, c&rsquo;est le rapprochement avec les autres. D\u00e8s qu&rsquo;une pi\u00e8ce est expos\u00e9e, l&rsquo;artiste laisse sa place \u00e0 cet autre. Je consid\u00e8re m\u00eame, que c&rsquo;est celui qui regarde, avec son \u00e9motion, qui finit l&rsquo;\u0153uvre\u00a0\u00bb, conclut l&rsquo;artiste.<\/p>\n","protected":false},"excerpt":{"rendered":"En collaboration avec la galerie Bayart, \u00e0 Compi\u00e8gne, dans l&rsquo;Oise, l&rsquo;espace Saint-Pierre des Minimes s&rsquo;ouvre pendant deux mois&hellip;\n","protected":false},"author":2,"featured_media":192947,"comment_status":"","ping_status":"","sticky":false,"template":"","format":"standard","meta":{"footnotes":""},"categories":[1358],"tags":[1348,1384,1385,1386,58,59,1011,27],"class_list":{"0":"post-192946","1":"post","2":"type-post","3":"status-publish","4":"format-standard","5":"has-post-thumbnail","7":"category-arts-et-design","8":"tag-arts","9":"tag-arts-and-design","10":"tag-arts-et-design","11":"tag-design","12":"tag-divertissement","13":"tag-entertainment","14":"tag-fr","15":"tag-france"},"share_on_mastodon":{"url":"https:\/\/pubeurope.com\/@fr\/114720284576139566","error":""},"_links":{"self":[{"href":"https:\/\/www.europesays.com\/fr\/wp-json\/wp\/v2\/posts\/192946","targetHints":{"allow":["GET"]}}],"collection":[{"href":"https:\/\/www.europesays.com\/fr\/wp-json\/wp\/v2\/posts"}],"about":[{"href":"https:\/\/www.europesays.com\/fr\/wp-json\/wp\/v2\/types\/post"}],"author":[{"embeddable":true,"href":"https:\/\/www.europesays.com\/fr\/wp-json\/wp\/v2\/users\/2"}],"replies":[{"embeddable":true,"href":"https:\/\/www.europesays.com\/fr\/wp-json\/wp\/v2\/comments?post=192946"}],"version-history":[{"count":0,"href":"https:\/\/www.europesays.com\/fr\/wp-json\/wp\/v2\/posts\/192946\/revisions"}],"wp:featuredmedia":[{"embeddable":true,"href":"https:\/\/www.europesays.com\/fr\/wp-json\/wp\/v2\/media\/192947"}],"wp:attachment":[{"href":"https:\/\/www.europesays.com\/fr\/wp-json\/wp\/v2\/media?parent=192946"}],"wp:term":[{"taxonomy":"category","embeddable":true,"href":"https:\/\/www.europesays.com\/fr\/wp-json\/wp\/v2\/categories?post=192946"},{"taxonomy":"post_tag","embeddable":true,"href":"https:\/\/www.europesays.com\/fr\/wp-json\/wp\/v2\/tags?post=192946"}],"curies":[{"name":"wp","href":"https:\/\/api.w.org\/{rel}","templated":true}]}}