{"id":192956,"date":"2025-06-21T08:00:10","date_gmt":"2025-06-21T08:00:10","guid":{"rendered":"https:\/\/www.europesays.com\/fr\/192956\/"},"modified":"2025-06-21T08:00:10","modified_gmt":"2025-06-21T08:00:10","slug":"protegez-vos-enfants-pourquoi-la-bretagne-enregistre-trois-fois-plus-de-cancers-de-la-peau","status":"publish","type":"post","link":"https:\/\/www.europesays.com\/fr\/192956\/","title":{"rendered":"\u00ab\u00a0Prot\u00e9gez vos enfants\u00a0\u00bb\u2026 Pourquoi la Bretagne enregistre trois fois plus de cancers de la peau"},"content":{"rendered":"<p>Il fait chaud partout en France. Normal, me direz-vous, c\u2019est l\u2019\u00e9t\u00e9. M\u00eame en Bretagne\u00a0? Oui, il fait chaud, m\u00eame en Bretagne. Peu habitu\u00e9e aux chaleurs torrides, la r\u00e9gion voit, sous l\u2019effet du r\u00e9chauffement climatique, son mercure grimper de plus en plus haut et de plus en plus souvent. Pour autant, les quelque trois millions d\u2019habitants de la r\u00e9gion <a href=\"https:\/\/www.20minutes.fr\/sante\/2815931-20200706-soleil-tue-bretagne-cri-alarme-dermatologue\" class=\"color-ultramarine c-link\" target=\"_blank\" rel=\"noopener\">ne semblent pas prendre conscience du danger <\/a>auxquels ils s\u2019exposent.<\/p>\n<p>Les donn\u00e9es des autorit\u00e9s de sant\u00e9 sont pourtant formelles\u00a0: la <a href=\"https:\/\/www.20minutes.fr\/dossier\/bretagne\" class=\"color-ultramarine c-link\" target=\"_blank\" rel=\"noopener\">Bretagne <\/a>est la r\u00e9gion de France qui enregistre le plus grand nombre de cas de cancers de la peau chaque ann\u00e9e. En\u00a02014, 1.305 cas de m\u00e9lanomes avaient \u00e9t\u00e9 recens\u00e9s dans la r\u00e9gion, soit un chiffre trois fois sup\u00e9rieur \u00e0 la moyenne nationale. Depuis dix ans, la tendance n\u2019a pas vraiment \u00e9volu\u00e9. \u00ab\u00a0En Bretagne, se couvrir ne compte pas pour du beurre\u00a0\u00bb, mart\u00e8le la Ligue contre le cancer dans une nouvelle campagne de promotion. On fait le point.<\/p>\n<p>Pourquoi la Bretagne est-elle si touch\u00e9e\u00a0?<\/p>\n<p>\u00ab\u00a0Les m\u00e9decins sont assez d\u2019accord pour dire que les Bretons n\u2019ont pas conscience de leur exposition\u00a0\u00bb. Patrick Bourguet est le pr\u00e9sident de la <a href=\"https:\/\/liguecancer35.fr\/\" rel=\"nofollow noopener\" target=\"_blank\" class=\"color-ultramarine c-link\">Ligue contre le cancer d\u2019Ille-et-Vilaine<\/a>. Ce professeur de m\u00e9decine nucl\u00e9aire a longtemps dirig\u00e9 le <a href=\"https:\/\/www.20minutes.fr\/rennes\/2289003-20180614-rennes-sens-bien-abimees-cancer-femmes-veulent-rester-belles\" class=\"color-ultramarine c-link\" target=\"_blank\" rel=\"noopener\">centre de lutte contre le cancer Eug\u00e8ne Marquis<\/a> de Rennes. Pendant des ann\u00e9es, il a pu constater les ravages du soleil sur la peau des habitants de sa r\u00e9gion. \u00ab\u00a0Dans le Sud, les gens sont habitu\u00e9s, ils se prot\u00e8gent, ne s\u2019exposent pas aux heures les plus chaudes. Mais en Bretagne, le taux d\u2019ensoleillement est moindre et la chaleur est moins pesante. <a href=\"https:\/\/www.20minutes.fr\/rennes\/2103007-20170711-pourquoi-bretons-doivent-mefier-soleil\" class=\"color-ultramarine c-link\" target=\"_blank\" rel=\"noopener\">Les gens font moins attention<\/a>, ne se rendent pas compte qu\u2019il faut se prot\u00e9ger m\u00eame quand il y a des nuages\u00a0\u00bb, poursuit l\u2019ancien m\u00e9decin. La probl\u00e9matique est d\u2019ailleurs sensiblement la m\u00eame en Normandie.<\/p>\n<p>Y a-t-il des publics particuli\u00e8rement \u00e0 risque\u00a0?<\/p>\n<p>Les personnes ayant une peau claire ou les personnes rousses ont clairement plus de risque de \u00ab\u00a0br\u00fbler\u00a0\u00bb leur peau, plus fragile. Les origines celtes des Bretons peuvent-elles expliquer cette probl\u00e9matique\u00a0? \u00ab\u00a0Le patrimoine g\u00e9n\u00e9tique peut jouer car les peaux n\u2019ont pas toutes la m\u00eame sensibilit\u00e9. Mais la Bretagne est aujourd\u2019hui tellement m\u00e9lang\u00e9e que \u00e7a me para\u00eet difficile d\u2019en faire une v\u00e9rit\u00e9\u00a0\u00bb, assure Patrick Bourguet.<\/p>\n<p>A entendre le professeur, ce sont surtout les enfants et adolescents qu\u2019il faut prot\u00e9ger des rayons. \u00ab\u00a0Il <a href=\"https:\/\/www.20minutes.fr\/sante\/2439879-20190131-cancer-tabac-alcool-soleil-font-ravages-bretagne\" class=\"color-ultramarine c-link\" target=\"_blank\" rel=\"noopener\">n\u2019y a pas d\u2019\u00e2ge pour d\u00e9velopper un m\u00e9lanome<\/a>. Il y a des gamins qui peuvent d\u00e9velopper une l\u00e9sion cutan\u00e9e \u00e0 12 ou 13 ans. Ce qu\u2019il faut savoir, c\u2019est que chacun d\u2019entre nous a un capital soleil qu\u2019il doit g\u00e9rer tout au long de sa vie\u00a0\u00bb.<\/p>\n<\/p>\n<p>Certaines professions particuli\u00e8rement repr\u00e9sent\u00e9es en Bretagne sont notamment expos\u00e9es. Les agriculteurs, les p\u00eacheurs ou encore les personnes travaillant dans les espaces verts ou la construction voient leur peau malmen\u00e9e par les rayons.<\/p>\n<p>D\u2019apr\u00e8s les m\u00e9decins, il reste une forme de \u00ab\u00a0masculinisme\u00a0\u00bb face au soleil. \u00ab\u00a0Il arrive souvent de voir la maman se cr\u00e9mer, cr\u00e9mer ses enfants. Mais monsieur, il n\u2019en met pas\u00a0\u00bb. Un conseil\u00a0? \u00ab\u00a0Dans ce cas-l\u00e0, couvrez-vous. On n\u2019est pas moins sensible quand on est bronz\u00e9. C\u2019est juste qu\u2019on br\u00fble moins\u00a0\u00bb.<\/p>\n<p>Que faire pour bien se prot\u00e9ger\u00a0?<\/p>\n<p>\u00ab\u00a0Le mieux, c\u2019est de se prot\u00e9ger avec un v\u00eatement. Il est important aussi de se couvrir d\u2019un chapeau ou d\u2019une casquette et de lunettes de soleil. Nos yeux aussi souffrent des rayons du soleil, il convient de les prot\u00e9ger\u00a0\u00bb, assure Patrick Bourguet. Il est conseill\u00e9 de se mettre \u00e0 l\u2019ombre et d\u2019\u00e9viter de s\u2019exposer entre midi et 16 heures. La cr\u00e8me solaire est importante mais elle ne remplacera jamais un textile. Elle doit \u00eatre appliqu\u00e9e r\u00e9guli\u00e8rement et pr\u00e9senter un indice \u00e9lev\u00e9 (50, c\u2019est bien). Selon l\u2019Organisation mondiale de la sant\u00e9, quatre cancers de la peau sur cinq seraient \u00e9vitables si les bons gestes \u00e9taient appliqu\u00e9s.<\/p>\n<p>En cas de doute sur une tache sur la peau, un grain de beaut\u00e9 qui noircit, grossit ou \u00e9volue, il est pr\u00e9f\u00e9rable de demander un avis \u00e0 son m\u00e9decin. \u00ab\u00a0La premi\u00e8re \u00e9tape, c\u2019est de s\u2019observer, de regarder son corps\u00a0\u00bb.<\/p>\n","protected":false},"excerpt":{"rendered":"Il fait chaud partout en France. Normal, me direz-vous, c\u2019est l\u2019\u00e9t\u00e9. M\u00eame en Bretagne\u00a0? Oui, il fait chaud,&hellip;\n","protected":false},"author":2,"featured_media":192957,"comment_status":"","ping_status":"","sticky":false,"template":"","format":"standard","meta":{"footnotes":""},"categories":[10],"tags":[47,829,27009,23494,6698,13208,847,1011,27,72,848,224,23496,6127,9854,584,71,895,4904],"class_list":{"0":"post-192956","1":"post","2":"type-post","3":"status-publish","4":"format-standard","5":"has-post-thumbnail","7":"category-sante","8":"tag-actualite","9":"tag-bretagne","10":"tag-bronzage","11":"tag-cancer-de-la-peau","12":"tag-canicule","13":"tag-chaleur","14":"tag-enfant","15":"tag-fr","16":"tag-france","17":"tag-health","18":"tag-ille-et-vilaine","19":"tag-medecine","20":"tag-melanome","21":"tag-mer","22":"tag-peau","23":"tag-rennes","24":"tag-sante","25":"tag-solaire","26":"tag-soleil"},"share_on_mastodon":{"url":"https:\/\/pubeurope.com\/@fr\/114720304306138776","error":""},"_links":{"self":[{"href":"https:\/\/www.europesays.com\/fr\/wp-json\/wp\/v2\/posts\/192956","targetHints":{"allow":["GET"]}}],"collection":[{"href":"https:\/\/www.europesays.com\/fr\/wp-json\/wp\/v2\/posts"}],"about":[{"href":"https:\/\/www.europesays.com\/fr\/wp-json\/wp\/v2\/types\/post"}],"author":[{"embeddable":true,"href":"https:\/\/www.europesays.com\/fr\/wp-json\/wp\/v2\/users\/2"}],"replies":[{"embeddable":true,"href":"https:\/\/www.europesays.com\/fr\/wp-json\/wp\/v2\/comments?post=192956"}],"version-history":[{"count":0,"href":"https:\/\/www.europesays.com\/fr\/wp-json\/wp\/v2\/posts\/192956\/revisions"}],"wp:featuredmedia":[{"embeddable":true,"href":"https:\/\/www.europesays.com\/fr\/wp-json\/wp\/v2\/media\/192957"}],"wp:attachment":[{"href":"https:\/\/www.europesays.com\/fr\/wp-json\/wp\/v2\/media?parent=192956"}],"wp:term":[{"taxonomy":"category","embeddable":true,"href":"https:\/\/www.europesays.com\/fr\/wp-json\/wp\/v2\/categories?post=192956"},{"taxonomy":"post_tag","embeddable":true,"href":"https:\/\/www.europesays.com\/fr\/wp-json\/wp\/v2\/tags?post=192956"}],"curies":[{"name":"wp","href":"https:\/\/api.w.org\/{rel}","templated":true}]}}