{"id":192966,"date":"2025-06-21T08:05:10","date_gmt":"2025-06-21T08:05:10","guid":{"rendered":"https:\/\/www.europesays.com\/fr\/192966\/"},"modified":"2025-06-21T08:05:10","modified_gmt":"2025-06-21T08:05:10","slug":"en-direct-guerre-iran-israel-israel-affirme-avoir-retarde-la-bombe-nucleaire-iranienne-de-deux-ou-trois-ans-liberation","status":"publish","type":"post","link":"https:\/\/www.europesays.com\/fr\/192966\/","title":{"rendered":"EN DIRECT &#8211; Guerre Iran-Isra\u00ebl\u00a0: Isra\u00ebl affirme avoir retard\u00e9 la bombe nucl\u00e9aire iranienne \u00abde deux ou trois ans\u00bb \u2013 Lib\u00e9ration"},"content":{"rendered":"<p class=\"sc-ksZaOG ehjQrN text-element\"><b>Les Europ\u00e9ens exhortent T\u00e9h\u00e9ran \u00e0 n\u00e9gocier.<\/b> Les ministres des Affaires \u00e9trang\u00e8res de l\u2019Allemagne, la France et le Royaume-Uni, ainsi que la cheffe de la diplomatie europ\u00e9enne Kaja Kallas, sont ressortis satisfaits des discussions vendredi \u00e0 Gen\u00e8ve avec leur homologue iranien Abbas Araghchi. \u00abLe r\u00e9sultat positif aujourd\u2019hui est que nous quittons la salle avec le sentiment que l\u2019Iran est fondamentalement pr\u00eat \u00e0 continuer \u00e0 discuter de toutes les questions importantes pour nous, Europ\u00e9ens\u00bb, a d\u00e9clar\u00e9 le ministre allemand Johann Wadephul. Son homologue fran\u00e7ais, Jean-No\u00ebl Barrot, a affirm\u00e9 quant \u00e0 lui qu\u2019il ne pouvait y avoir \u00abde solution d\u00e9finitive par la voie militaire au probl\u00e8me du nucl\u00e9aire iranien\u00bb.<\/p>\n","protected":false},"excerpt":{"rendered":"Les Europ\u00e9ens exhortent T\u00e9h\u00e9ran \u00e0 n\u00e9gocier. Les ministres des Affaires \u00e9trang\u00e8res de l\u2019Allemagne, la France et le Royaume-Uni,&hellip;\n","protected":false},"author":2,"featured_media":192967,"comment_status":"","ping_status":"","sticky":false,"template":"","format":"standard","meta":{"footnotes":""},"categories":[5],"tags":[11,952,1011,27,14,3019,4884,31951,664,12,28],"class_list":{"0":"post-192966","1":"post","2":"type-post","3":"status-publish","4":"format-standard","5":"has-post-thumbnail","7":"category-international","8":"tag-actualites","9":"tag-benyamin-netanyahou","10":"tag-fr","11":"tag-france","12":"tag-international","13":"tag-iran","14":"tag-iran-etats-unis","15":"tag-iran-israel-guerre","16":"tag-israel","17":"tag-news","18":"tag-world"},"share_on_mastodon":{"url":"https:\/\/pubeurope.com\/@fr\/114720323908937339","error":""},"_links":{"self":[{"href":"https:\/\/www.europesays.com\/fr\/wp-json\/wp\/v2\/posts\/192966","targetHints":{"allow":["GET"]}}],"collection":[{"href":"https:\/\/www.europesays.com\/fr\/wp-json\/wp\/v2\/posts"}],"about":[{"href":"https:\/\/www.europesays.com\/fr\/wp-json\/wp\/v2\/types\/post"}],"author":[{"embeddable":true,"href":"https:\/\/www.europesays.com\/fr\/wp-json\/wp\/v2\/users\/2"}],"replies":[{"embeddable":true,"href":"https:\/\/www.europesays.com\/fr\/wp-json\/wp\/v2\/comments?post=192966"}],"version-history":[{"count":0,"href":"https:\/\/www.europesays.com\/fr\/wp-json\/wp\/v2\/posts\/192966\/revisions"}],"wp:featuredmedia":[{"embeddable":true,"href":"https:\/\/www.europesays.com\/fr\/wp-json\/wp\/v2\/media\/192967"}],"wp:attachment":[{"href":"https:\/\/www.europesays.com\/fr\/wp-json\/wp\/v2\/media?parent=192966"}],"wp:term":[{"taxonomy":"category","embeddable":true,"href":"https:\/\/www.europesays.com\/fr\/wp-json\/wp\/v2\/categories?post=192966"},{"taxonomy":"post_tag","embeddable":true,"href":"https:\/\/www.europesays.com\/fr\/wp-json\/wp\/v2\/tags?post=192966"}],"curies":[{"name":"wp","href":"https:\/\/api.w.org\/{rel}","templated":true}]}}