{"id":192968,"date":"2025-06-21T08:06:08","date_gmt":"2025-06-21T08:06:08","guid":{"rendered":"https:\/\/www.europesays.com\/fr\/192968\/"},"modified":"2025-06-21T08:06:08","modified_gmt":"2025-06-21T08:06:08","slug":"a-menton-ces-elus-de-droite-qui-ne-veulent-ni-du-maire-actuel-ni-de-louis-sarkozy","status":"publish","type":"post","link":"https:\/\/www.europesays.com\/fr\/192968\/","title":{"rendered":"\u00c0 Menton, ces \u00e9lus de droite qui ne veulent ni du maire actuel ni de Louis Sarkozy"},"content":{"rendered":"<p>Douze \u00e9lus dont neuf de l\u2019ex-majorit\u00e9 ont form\u00e9 un nouveau groupe au conseil municipal de Menton, emmen\u00e9 par le jeune adjoint aux Finances, Florent Champion, candidat d\u00e9clar\u00e9 \u00e0 la mairie.<\/p>\n<p class=\"fig-paragraph\">Un maire plomb\u00e9 par une affaire judiciaire, une possible\u00a0<a href=\"http:\/\/www.lefigaro.fr\/nice\/municipales-2026-louis-sarkozy-lorgne-la-mairie-de-menton-20250417\" data-fig-type=\"NewsFlash\" data-gtm-custom-categorie=\"navigation\" data-gtm-custom-action=\"crossclick\" data-gtm-custom-label=\"Contextuel\" data-gtm-event=\"customEventSPE\" data-fig-domain=\"LEFIGARO\" rel=\"nofollow noopener\" target=\"_blank\">candidature surprise de Louis Sarkozy<\/a>\u00a0et des \u00e9lus de la majorit\u00e9 qui font s\u00e9cession en vue des prochaines \u00e9lections municipales\u00a0: \u00e0 Menton (Alpes-Maritimes), l\u2019instabilit\u00e9 politique continue de r\u00e9gner apr\u00e8s un nouveau conseil municipal chaotique, mardi soir.<\/p>\n<p class=\"fig-paragraph\">Douze \u00e9lus, dont neuf de l\u2019ex-majorit\u00e9 municipale, ont d\u00e9cid\u00e9 de former un nouveau groupe \u00abdistinct\u00bb et \u00abind\u00e9pendant\u00bb, emmen\u00e9 par le jeune adjoint aux Finances, Florent Champion. Le 16 mai dernier, le trentenaire avait annonc\u00e9 son intention de briguer la mairie aux c\u00f4t\u00e9s de l\u2019actuel premier adjoint Patrice Novelli. Ils se d\u00e9marquent donc un peu plus du maire en place, qui se retrouve isol\u00e9 et d\u00e9sormais sans majorit\u00e9.<\/p>\n<p class=\"fig-paragraph\">\u00abNombre d\u2019\u00e9lus vous ont exprim\u00e9 qu\u2019ils \u00e9taient d\u00e9sabus\u00e9s\u00bb, a lanc\u00e9 Florent Champion au maire Yves Juhel au d\u00e9but du conseil municipal. \u00abNous ne souhaitons pas ajouter de l\u2019instabilit\u00e9 au d\u00e9sordre\u00bb, a-t-il n\u00e9anmoins assur\u00e9, pr\u00e9cisant que son groupe voterait d\u00e9sormais \u00abtexte par texte\u00bb dans l\u2019attente de tourner la page lors des \u00e9lections de mars 2026.<\/p>\n<p>P\u00e9riode \u00abpas tr\u00e8s agr\u00e9able\u00bb<\/p>\n<p class=\"fig-paragraph\"><a href=\"http:\/\/www.lefigaro.fr\/nice\/demissions-en-cascade-derapages-budgetaires-lache-par-sa-majorite-le-maire-de-menton-accule-20240927\" data-fig-type=\"NewsFlash\" data-gtm-custom-categorie=\"navigation\" data-gtm-custom-action=\"crossclick\" data-gtm-custom-label=\"Contextuel\" data-gtm-event=\"customEventSPE\" data-fig-domain=\"LEFIGARO\" rel=\"nofollow noopener\" target=\"_blank\">Yves Juhel<\/a>\u00a0(Les R\u00e9publicains) va donc poursuivre son mandat plus affaibli que jamais. Il vient aussi d\u2019\u00eatre\u00a0<a href=\"http:\/\/www.lefigaro.fr\/nice\/menton-le-maire-et-l-ancien-responsable-des-ports-deferes-dans-le-cadre-d-une-explosive-affaire-financiere-20250602\" data-fig-type=\"NewsFlash\" data-gtm-custom-categorie=\"navigation\" data-gtm-custom-action=\"crossclick\" data-gtm-custom-label=\"Contextuel\" data-gtm-event=\"customEventSPE\" data-fig-domain=\"LEFIGARO\" rel=\"nofollow noopener\" target=\"_blank\">plac\u00e9 sous contr\u00f4le judiciaire<\/a>\u00a0et renvoy\u00e9 devant le tribunal correctionnel de Marseille le 17 octobre prochain dans le cadre de\u00a0<a href=\"http:\/\/www.lefigaro.fr\/nice\/hotels-de-luxe-caviar-les-notes-de-frais-exorbitantes-d-un-conseiller-municipal-plongent-menton-dans-le-chaos-politique-20230929\" data-fig-type=\"NewsFlash\" data-gtm-custom-categorie=\"navigation\" data-gtm-custom-action=\"crossclick\" data-gtm-custom-label=\"Contextuel\" data-gtm-event=\"customEventSPE\" data-fig-domain=\"LEFIGARO\" rel=\"nofollow noopener\" target=\"_blank\">l\u2019explosive affaire de la gestion des ports de la ville<\/a>. L\u2019\u00e9dile est poursuivi pour \u00abd\u00e9tournement de fonds publics\u00bb avec Mathieu Messina, l\u2019un de ses anciens proches devenu gestionnaire de la soci\u00e9t\u00e9 publique locale des ports. Pr\u00e8s de 700.000 euros de d\u00e9penses interrogent et auraient pu servir au remboursement de la campagne d\u2019Yves Juhel.<\/p>\n<p class=\"fig-paragraph\">\u00abOn ne joue pas dans la m\u00eame cat\u00e9gorie avec Monsieur Messina. La justice fera son travail et croyez-moi, je ne demande que \u00e7a\u00bb, a-t-il comment\u00e9 mardi soir devant les \u00e9lus, en reconnaissant une p\u00e9riode \u00abpas tr\u00e8s agr\u00e9able\u00bb et esp\u00e9rant un proc\u00e8s d\u2019ici la fin de l\u2019ann\u00e9e ou d\u00e9but 2026.<\/p>\n<p class=\"fig-paragraph\">Une nouvelle candidature de l\u2019\u00e9dile de 79 ans, \u00e9lu apr\u00e8s le d\u00e9c\u00e8s de Jean-Claude Guibal en 2021, semble malgr\u00e9 tout compromise dans de telles conditions, m\u00eame s\u2019il laisse encore planer le doute. Alors, les ambitions s\u2019aiguisent pour lui succ\u00e9der. Le\u00a0<a href=\"http:\/\/www.lefigaro.fr\/nice\/la-ville-de-nice-peut-elle-basculer-dans-le-giron-du-rn-avec-eric-ciotti-20241006\" data-fig-type=\"NewsFlash\" data-gtm-custom-categorie=\"navigation\" data-gtm-custom-action=\"crossclick\" data-gtm-custom-label=\"Contextuel\" data-gtm-event=\"customEventSPE\" data-fig-domain=\"LEFIGARO\" rel=\"nofollow noopener\" target=\"_blank\">Rassemblement national<\/a>\u00a0a fait de la ville du citron l\u2019une de ses priorit\u00e9s sur la C\u00f4te d\u2019Azur, d\u2019autant plus que sa d\u00e9put\u00e9e, Alexandra Masson, est bien implant\u00e9e et a \u00e9t\u00e9 r\u00e9\u00e9lue d\u00e8s le premier tour lors des l\u00e9gislatives anticip\u00e9es l\u2019ann\u00e9e derni\u00e8re.<\/p>\n<p>\u00abPas en qu\u00eate de sensations \u00e9lectorales\u00bb<\/p>\n<p class=\"fig-paragraph\">Mais la rumeur d\u2019une candidature de Louis Sarkozy (28 ans) pourrait rebattre les cartes, lui qui avait confirm\u00e9 au Figaro \u00e0 la mi-avril s\u2019int\u00e9resser \u00e0 cette municipalit\u00e9 pour se lancer en politique. Le\u00a0<a href=\"http:\/\/www.lefigaro.fr\/politique\/de-la-lumiere-des-plateaux-tele-a-l-ombre-du-monde-politique-les-nouvelles-ambitions-de-louis-sarkozy-20241212\" data-fig-type=\"Article\" data-gtm-custom-categorie=\"navigation\" data-gtm-custom-action=\"crossclick\" data-gtm-custom-label=\"Contextuel\" data-gtm-event=\"customEventSPE\" data-fig-domain=\"LEFIGARO\" rel=\"nofollow noopener\" target=\"_blank\">fils de l\u2019ancien pr\u00e9sident Nicolas Sarkozy<\/a>, qui vit d\u00e9sormais avec sa compagne \u00e0 Menton, \u00e9change avec diverses personnalit\u00e9s politiques locales, sans leur cacher ses intentions.<\/p>\n<p class=\"fig-paragraph\">Dans la ville aux fa\u00e7ades color\u00e9es, cette possible candidature fait parler mais n\u2019a pas convaincu tous les \u00e9lus en place. L\u2019id\u00e9e du parachutage d\u2019un candidat au nom connu profitant du contexte chaotique d\u00e9pla\u00eet \u00e0 certains. L\u2019adjoint Florent Champion, originaire de Menton, \u00e9lu depuis ses 21 ans et dipl\u00f4m\u00e9 de\u00a0<a href=\"http:\/\/www.lefigaro.fr\/actualite-france\/a-sciences-po-le-retour-a-l-ordre-avec-le-nouveau-directeur-ne-plait-pas-a-tout-le-monde-20250318\" data-fig-type=\"Article\" data-gtm-custom-categorie=\"navigation\" data-gtm-custom-action=\"crossclick\" data-gtm-custom-label=\"Contextuel\" data-gtm-event=\"customEventSPE\" data-fig-domain=\"LEFIGARO\" rel=\"nofollow noopener\" target=\"_blank\">Sciences Po<\/a>, a ainsi annonc\u00e9 sa candidature le 16 mai, au lendemain de la m\u00e9diatique s\u00e9ance de d\u00e9dicaces de Louis Sarkozy dans le centre-ville.<\/p>\n<p class=\"fig-paragraph\">\u00abCela faisait un moment que j\u2019y pensais\u00bb, assure Florent Champion au Figaro, lui qui est encart\u00e9 chez LR et membre de Nouvelle \u00c9nergie, le mouvement\u00a0<a href=\"http:\/\/www.lefigaro.fr\/nice\/plusieurs-dizaines-de-villes-suivent-l-initiative-du-maire-de-cannes-david-lisnard-pour-soutenir-boualem-sansal-20250618\" data-fig-type=\"NewsFlash\" data-gtm-custom-categorie=\"navigation\" data-gtm-custom-action=\"crossclick\" data-gtm-custom-label=\"Contextuel\" data-gtm-event=\"customEventSPE\" data-fig-domain=\"LEFIGARO\" rel=\"nofollow noopener\" target=\"_blank\">du maire de Cannes David Lisnard<\/a>. Quant \u00e0 la possible candidature de Louis Sarkozy, il r\u00e9pond\u00a0: \u00abLa d\u00e9cision lui appartient, mais elle n\u2019aura aucune cons\u00e9quence. Je trace ma route, je vis dans la r\u00e9alit\u00e9 de Menton et ne suis pas en qu\u00eate de sensations \u00e9lectorales\u00bb, assurant qu\u2019il n\u2019est \u00abni l\u2019h\u00e9ritier ni le dauphin\u00bb d\u2019Yves Juhel. Le 5 juillet, il lancera son mouvement Menton en action.<\/p>\n<p>Plusieurs candidats LR compatibles<\/p>\n<p class=\"fig-paragraph\">\u00abJ\u2019en ai marre de ces gens qui tombent amoureux d\u2019une ville \u00e0 dix mois des \u00e9lections\u00bb, tacle le premier adjoint Patrice Novelli, qui forme un bin\u00f4me avec Florent Champion. \u00abLouis Sarkozy est certes quelqu\u2019un de brillant, mais ce quelqu\u2019un de brillant, on l\u2019a chez nous, c\u2019est Florent\u00bb, ajoute-t-il.<\/p>\n<p class=\"fig-paragraph\">Plusieurs candidats divers droite et LR compatibles pourraient s\u2019avancer sur la ligne de d\u00e9part des \u00e9lections municipales, au risque de s\u2019affaiblir et de laisser de l\u2019espace \u00e0 la candidature RN. Sandra Paire, \u00e9lue LR de Menton et au conseil r\u00e9gional, a elle aussi affirm\u00e9 qu\u2019elle serait candidate co\u00fbte que co\u00fbte face \u00e0 \u00abde basses man\u0153uvres politiciennes\u00bb et un \u00abtourisme \u00e9lectoral\u00bb. \u00c0 deux reprises,\u00a0<a href=\"http:\/\/www.lefigaro.fr\/nice\/municipales-2026-louis-sarkozy-a-menton-la-drole-de-campagne-d-un-non-candidat-20250517\" data-fig-type=\"NewsFlash\" data-gtm-custom-categorie=\"navigation\" data-gtm-custom-action=\"crossclick\" data-gtm-custom-label=\"Contextuel\" data-gtm-event=\"customEventSPE\" data-fig-domain=\"LEFIGARO\" rel=\"nofollow noopener\" target=\"_blank\">Louis Sarkozy<\/a>\u00a0avait pourtant \u00e9chang\u00e9 avec elle en vue d\u2019un possible accord, en vain. Ce dernier a \u00e9galement essay\u00e9 de rentrer en contact avec Florent Champion au d\u00e9but du mois de mai, sans que les deux jeunes hommes ne se rencontrent finalement.<\/p>\n<p class=\"fig-paragraph\">\u00abCe n\u2019est pas encore le moment, peut-\u00eatre bien qu\u2019on se parlera mais pas \u00e0 n\u2019importe quel prix\u00bb, explique Florent Champion. \u00abLe premier tour peut aussi servir de filtre. Ce que je l\u2019entends dire sur les plateaux t\u00e9l\u00e9 n\u2019est pas forc\u00e9ment ma ligne et je l\u2019invite \u00e0 faire preuve de patience et d\u2019humilit\u00e9 pour \u00eatre en mesure d\u2019appr\u00e9hender les r\u00e9alit\u00e9s locales.\u00bb 39 noms sont n\u00e9cessaires pour pr\u00e9senter une liste aux \u00e9lections municipales de Menton, ville \u00e0 la r\u00e9putation quasi-insulaire sur la Riviera fran\u00e7aise et ab\u00eem\u00e9e par une situation politique sulfureuse.<\/p>\n","protected":false},"excerpt":{"rendered":"Douze \u00e9lus dont neuf de l\u2019ex-majorit\u00e9 ont form\u00e9 un nouveau groupe au conseil municipal de Menton, emmen\u00e9 par&hellip;\n","protected":false},"author":2,"featured_media":192969,"comment_status":"","ping_status":"","sticky":false,"template":"","format":"standard","meta":{"footnotes":""},"categories":[4],"tags":[11,2898,2829,2971,2972,2973,2974,2975,1011,27,303,2969,2970,2987,2980,17927,3554,12,2897,2976,2977,2978,2985,2986,2979,2981,2982,2983,2984,2991,2992,2993,2994,2996,2997,2998,2999,3000,3001,3002,2995,3003,3004,3005,3007,2268,25,2988,2989,2990,2968,3006],"class_list":{"0":"post-192968","1":"post","2":"type-post","3":"status-publish","4":"format-standard","5":"has-post-thumbnail","7":"category-france","8":"tag-actualites","9":"tag-alpes-maritimes","10":"tag-baumettes","11":"tag-carabacel","12":"tag-caucade","13":"tag-cimiez","14":"tag-cremat","15":"tag-fabron","16":"tag-fr","17":"tag-france","18":"tag-justice","19":"tag-larenas","20":"tag-lariane","21":"tag-le-ray","22":"tag-lingostiere","23":"tag-louis-sarkozy","24":"tag-municipales","25":"tag-news","26":"tag-nice-cote-dazur","27":"tag-nice-gairaut","28":"tag-nice-gambetta","29":"tag-nice-jean-medecin","30":"tag-nice-le-piol","31":"tag-nice-le-port","32":"tag-nice-liberation","33":"tag-nice-magnan","34":"tag-nice-mantega-mont-boron","35":"tag-nice-pasteur","36":"tag-nice-pessicart","37":"tag-nice-rue-de-france","38":"tag-nice-saint-antoine","39":"tag-nice-saint-augustin","40":"tag-nice-saint-isidore","41":"tag-nice-saint-maurice","42":"tag-nice-saint-pancrace","43":"tag-nice-saint-philippe","44":"tag-nice-saint-pierre-de-feric","45":"tag-nice-saint-roch","46":"tag-nice-saint-roman-de-bellet","47":"tag-nice-saint-sylvestre","48":"tag-nice-sainte-marguerite","49":"tag-nice-thiers","50":"tag-nice-ventabrun","51":"tag-nice-vernier","52":"tag-nice-vinaigrier","53":"tag-ogc-nice","54":"tag-republique-francaise","55":"tag-rimiez","56":"tag-riquier","57":"tag-roquebilliere","58":"tag-sud-est","59":"tag-vieux-nice"},"share_on_mastodon":{"url":"","error":"Validation failed: Text character limit of 500 exceeded"},"_links":{"self":[{"href":"https:\/\/www.europesays.com\/fr\/wp-json\/wp\/v2\/posts\/192968","targetHints":{"allow":["GET"]}}],"collection":[{"href":"https:\/\/www.europesays.com\/fr\/wp-json\/wp\/v2\/posts"}],"about":[{"href":"https:\/\/www.europesays.com\/fr\/wp-json\/wp\/v2\/types\/post"}],"author":[{"embeddable":true,"href":"https:\/\/www.europesays.com\/fr\/wp-json\/wp\/v2\/users\/2"}],"replies":[{"embeddable":true,"href":"https:\/\/www.europesays.com\/fr\/wp-json\/wp\/v2\/comments?post=192968"}],"version-history":[{"count":0,"href":"https:\/\/www.europesays.com\/fr\/wp-json\/wp\/v2\/posts\/192968\/revisions"}],"wp:featuredmedia":[{"embeddable":true,"href":"https:\/\/www.europesays.com\/fr\/wp-json\/wp\/v2\/media\/192969"}],"wp:attachment":[{"href":"https:\/\/www.europesays.com\/fr\/wp-json\/wp\/v2\/media?parent=192968"}],"wp:term":[{"taxonomy":"category","embeddable":true,"href":"https:\/\/www.europesays.com\/fr\/wp-json\/wp\/v2\/categories?post=192968"},{"taxonomy":"post_tag","embeddable":true,"href":"https:\/\/www.europesays.com\/fr\/wp-json\/wp\/v2\/tags?post=192968"}],"curies":[{"name":"wp","href":"https:\/\/api.w.org\/{rel}","templated":true}]}}