{"id":19297,"date":"2025-04-12T06:59:13","date_gmt":"2025-04-12T06:59:13","guid":{"rendered":"https:\/\/www.europesays.com\/fr\/19297\/"},"modified":"2025-04-12T06:59:13","modified_gmt":"2025-04-12T06:59:13","slug":"a-monte-carlo-un-tennis-masculin-en-jachere","status":"publish","type":"post","link":"https:\/\/www.europesays.com\/fr\/19297\/","title":{"rendered":"A Monte-Carlo, un tennis masculin en jach\u00e8re"},"content":{"rendered":"<p>              <a tabindex=\"-1\" title=\"Laurent Favre\" href=\"https:\/\/www.letemps.ch\/profil\/laurent-favre\" target=\"_blank\" rel=\"noopener\"><\/p>\n<p>                    <img decoding=\"async\" src=\"https:\/\/www.europesays.com\/fr\/wp-content\/uploads\/2025\/04\/1744441153_795_small.jpeg\" class=\"lazy\" alt=\"\"\/><\/p>\n<p><\/a>        <\/p>\n<p>    Publi\u00e9 le 10 avril 2025 \u00e0 19:25. \/ Modifi\u00e9 le 11 avril 2025 \u00e0 07:59.<\/p>\n<p> 1 min. de lecture<\/p>\n<p>La (nouvelle) revendication des joueurs de tennis de recevoir une plus grande part des b\u00e9n\u00e9fices des tournois du Grand Chelem au pr\u00e9texte que ce sont eux qui font le spectacle est peut-\u00eatre l\u00e9gitime mais elle tombe fort mal \u00e0 propos: rarement le circuit masculin a \u00e9t\u00e9 aussi m\u00e9diocre que ces derniers mois. En l\u2019absence du num\u00e9ro un mondial, l\u2019Italien Jannik Sinner, <a href=\"https:\/\/www.letemps.ch\/sport\/tennis\/jannik-sinner-suspendu-trois-mois-apres-un-accord-avec-l-agence-mondiale-antidopage\" rel=\"nofollow noopener\" target=\"_blank\">suspendu trois mois apr\u00e8s un accord pass\u00e9 avec l\u2019Agence mondiale antidopage<\/a>, le d\u00e9but de saison erre comme un poulet sans t\u00eate, entre \u00e9liminations pr\u00e9coces des favoris et victoires sans lendemain d\u2019outsiders.<\/p>\n<p>Sans \u00e9clat en 2025, Novak Djokovic est arriv\u00e9 \u00e0 Monte-Carlo en pr\u00e9venant qu\u2019il n\u2019esp\u00e9rait rien de particulier. Son regain de forme et d\u2019\u00e9nergie \u00e0 Miami, o\u00f9 il fut battu en finale par le jeune Tch\u00e8que Jakub Mensik, fut sans lendemain. Djokovic a \u00e9t\u00e9 \u00e9limin\u00e9 d\u2019entr\u00e9e, comme l\u2019Allemand Alexander Zverev, qui n\u2019a plus pass\u00e9 deux tours depuis sa finale \u00e0 Melbourne. Jeudi, le tournoi de Monte-Carlo a perdu ses t\u00eates de s\u00e9rie no 4 (Casper Ruud), 5 (Jack Draper), 7 (Andrey Rublev) et 9, Daniil Medvedev, ex no 1 mondial qui n\u2019a plus gagn\u00e9 un tournoi depuis le Masters 1000 de Rome en 2023.<\/p>\n","protected":false},"excerpt":{"rendered":"Publi\u00e9 le 10 avril 2025 \u00e0 19:25. \/ Modifi\u00e9 le 11 avril 2025 \u00e0 07:59. 1 min. de&hellip;\n","protected":false},"author":2,"featured_media":19298,"comment_status":"","ping_status":"","sticky":false,"template":"","format":"standard","meta":{"footnotes":""},"categories":[1415],"tags":[1011,27,301,60,1467],"class_list":{"0":"post-19297","1":"post","2":"type-post","3":"status-publish","4":"format-standard","5":"has-post-thumbnail","7":"category-tennis","8":"tag-fr","9":"tag-france","10":"tag-premium","11":"tag-sports","12":"tag-tennis"},"share_on_mastodon":{"url":"https:\/\/pubeurope.com\/@fr\/114323702675485155","error":""},"_links":{"self":[{"href":"https:\/\/www.europesays.com\/fr\/wp-json\/wp\/v2\/posts\/19297","targetHints":{"allow":["GET"]}}],"collection":[{"href":"https:\/\/www.europesays.com\/fr\/wp-json\/wp\/v2\/posts"}],"about":[{"href":"https:\/\/www.europesays.com\/fr\/wp-json\/wp\/v2\/types\/post"}],"author":[{"embeddable":true,"href":"https:\/\/www.europesays.com\/fr\/wp-json\/wp\/v2\/users\/2"}],"replies":[{"embeddable":true,"href":"https:\/\/www.europesays.com\/fr\/wp-json\/wp\/v2\/comments?post=19297"}],"version-history":[{"count":0,"href":"https:\/\/www.europesays.com\/fr\/wp-json\/wp\/v2\/posts\/19297\/revisions"}],"wp:featuredmedia":[{"embeddable":true,"href":"https:\/\/www.europesays.com\/fr\/wp-json\/wp\/v2\/media\/19298"}],"wp:attachment":[{"href":"https:\/\/www.europesays.com\/fr\/wp-json\/wp\/v2\/media?parent=19297"}],"wp:term":[{"taxonomy":"category","embeddable":true,"href":"https:\/\/www.europesays.com\/fr\/wp-json\/wp\/v2\/categories?post=19297"},{"taxonomy":"post_tag","embeddable":true,"href":"https:\/\/www.europesays.com\/fr\/wp-json\/wp\/v2\/tags?post=19297"}],"curies":[{"name":"wp","href":"https:\/\/api.w.org\/{rel}","templated":true}]}}