{"id":192971,"date":"2025-06-21T08:08:15","date_gmt":"2025-06-21T08:08:15","guid":{"rendered":"https:\/\/www.europesays.com\/fr\/192971\/"},"modified":"2025-06-21T08:08:15","modified_gmt":"2025-06-21T08:08:15","slug":"saint-chamond-la-braderie-se-poursuit-samedi-21-juin","status":"publish","type":"post","link":"https:\/\/www.europesays.com\/fr\/192971\/","title":{"rendered":"Saint-Chamond. La braderie se poursuit samedi 21\u00a0juin"},"content":{"rendered":"<p>L\u2019association Carr\u00e9ment Saint-Chamond s\u2019est mise \u00e0 l\u2019heure d\u2019\u00e9t\u00e9 en proposant deux jours d\u2019animations et de bonnes affaires en centre-ville \u00e0 l\u2019occasion de la braderie d\u2019\u00e9t\u00e9. La rue de la R\u00e9publique a attir\u00e9 les clients vendredi apr\u00e8s-midi sous une grosse chaleur. L\u2019occasion est donn\u00e9e aux commer\u00e7ants locaux d\u2019afficher des promotions exclusives, et aux visiteurs de profiter d\u2019offres attractives. Une buvette est tenue pour rafra\u00eechir les passants.<\/p>\n<p class=\"note\">La braderie se poursuit samedi de 9 \u00e0 19 heures.<\/p>\n","protected":false},"excerpt":{"rendered":"L\u2019association Carr\u00e9ment Saint-Chamond s\u2019est mise \u00e0 l\u2019heure d\u2019\u00e9t\u00e9 en proposant deux jours d\u2019animations et de bonnes affaires en&hellip;\n","protected":false},"author":2,"featured_media":192972,"comment_status":"","ping_status":"","sticky":false,"template":"","format":"standard","meta":{"footnotes":""},"categories":[9653],"tags":[1111,11,2430,4406,33,7539,1777,674,1011,27,12,25,9669,9670,4001],"class_list":{"0":"post-192971","1":"post","2":"type-post","3":"status-publish","4":"format-standard","5":"has-post-thumbnail","7":"category-saint-etienne","8":"tag-actu","9":"tag-actualites","10":"tag-auvergne-rhone-alpes","11":"tag-commerce-et-services","12":"tag-economie","13":"tag-edition-loire-sud","14":"tag-eu","15":"tag-europe","16":"tag-fr","17":"tag-france","18":"tag-news","19":"tag-republique-francaise","20":"tag-saint-chamond","21":"tag-saint-chamond-ville","22":"tag-saint-etienne"},"share_on_mastodon":{"url":"https:\/\/pubeurope.com\/@fr\/114720335716560567","error":""},"_links":{"self":[{"href":"https:\/\/www.europesays.com\/fr\/wp-json\/wp\/v2\/posts\/192971","targetHints":{"allow":["GET"]}}],"collection":[{"href":"https:\/\/www.europesays.com\/fr\/wp-json\/wp\/v2\/posts"}],"about":[{"href":"https:\/\/www.europesays.com\/fr\/wp-json\/wp\/v2\/types\/post"}],"author":[{"embeddable":true,"href":"https:\/\/www.europesays.com\/fr\/wp-json\/wp\/v2\/users\/2"}],"replies":[{"embeddable":true,"href":"https:\/\/www.europesays.com\/fr\/wp-json\/wp\/v2\/comments?post=192971"}],"version-history":[{"count":0,"href":"https:\/\/www.europesays.com\/fr\/wp-json\/wp\/v2\/posts\/192971\/revisions"}],"wp:featuredmedia":[{"embeddable":true,"href":"https:\/\/www.europesays.com\/fr\/wp-json\/wp\/v2\/media\/192972"}],"wp:attachment":[{"href":"https:\/\/www.europesays.com\/fr\/wp-json\/wp\/v2\/media?parent=192971"}],"wp:term":[{"taxonomy":"category","embeddable":true,"href":"https:\/\/www.europesays.com\/fr\/wp-json\/wp\/v2\/categories?post=192971"},{"taxonomy":"post_tag","embeddable":true,"href":"https:\/\/www.europesays.com\/fr\/wp-json\/wp\/v2\/tags?post=192971"}],"curies":[{"name":"wp","href":"https:\/\/api.w.org\/{rel}","templated":true}]}}