{"id":192975,"date":"2025-06-21T08:10:14","date_gmt":"2025-06-21T08:10:14","guid":{"rendered":"https:\/\/www.europesays.com\/fr\/192975\/"},"modified":"2025-06-21T08:10:14","modified_gmt":"2025-06-21T08:10:14","slug":"cartographies-ou-sont-localises-les-ilots-de-chaleur-urbain-a-metz-et-a-nancy","status":"publish","type":"post","link":"https:\/\/www.europesays.com\/fr\/192975\/","title":{"rendered":"Cartographies. O\u00f9 sont localis\u00e9s les \u00eelots de chaleur urbain \u00e0 Metz et \u00e0 Nancy ?"},"content":{"rendered":"<p>Votre quartier est-il vuln\u00e9rable face aux fortes chaleurs ? Ce que l\u2019on appelle plus g\u00e9n\u00e9ralement un \u00eelot de chaleur urbain (ICU), se caract\u00e9rise par <strong>\u201cdes temp\u00e9ratures plus \u00e9lev\u00e9es en milieu urbain que dans les zones rurales environnantes\u201d<\/strong> selon M\u00e9t\u00e9o France. Parmi les principaux facteurs \u00e0 cette surchauffe urbaine, les activit\u00e9s humaines plus importantes et concentr\u00e9es dans les villes, <a href=\"https:\/\/www.estrepublicain.fr\/environnement\/2024\/09\/09\/vegetalisation-des-espaces-urbains-decouvrez-les-villes-les-plus-arborees-de-franche-comte\" target=\"_blank\" rel=\"noopener\">la min\u00e9ralisation des espaces publics, l\u2019occupation des sols<\/a> ou encore le stockage de la chaleur par les mat\u00e9riaux urbains.<\/p>\n<p>Selon les donn\u00e9es publi\u00e9es par le Cerema le 21 mai dernier, <strong>plus de 5 millions de personnes sont potentiellement expos\u00e9es \u00e0 ces \u00eelots<\/strong> en France m\u00e9tropolitaine. Face \u00e0 la densification urbaine et au r\u00e9chauffement climatique, ce ph\u00e9nom\u00e8ne prend de l\u2019ampleur et particuli\u00e8rement la nuit. En cause notamment, les mat\u00e9riaux urbains qui stockent la chaleur en journ\u00e9e, entre 15 % et 30 % de plus qu\u2019en zones moins denses. Une chaleur qui est ensuite lib\u00e9r\u00e9e la nuit.<\/p>\n<p>Surchauffe urbaine : + 4,5\u00b0C \u00e0 Reims, Mulhouse et Belfort<\/p>\n<p>Dans le Grand Est, les villes de Reims et Mulhouse affichent les diff\u00e9rentiels de temp\u00e9ratures les plus importants. Apr\u00e8s une \u201cjourn\u00e9e d\u2019\u00e9t\u00e9 bien ensoleill\u00e9e\u201d, le thermom\u00e8tre affiche <strong>+ 4,5\u00b0C en ville par rapport aux zones rurales voisines<\/strong>.<\/p>\n<p>Pour essayer d\u2019identifier cette probl\u00e9matique, le Cerema met \u00e0 disposition des donn\u00e9es cartographiques pour observer ce ph\u00e9nom\u00e8ne \u00e0 une \u00e9chelle tr\u00e8s fine.<\/p>\n<p class=\"chiffre\">D\u00e9couvrez la situation dans deux villes de Lorraine face \u00e0 cette surchauffe urbaine.<\/p>\n<p>        &#13;<br \/>\n          <a href=\"https:\/\/cdn-s-www.republicain-lorrain.fr\/images\/6beb435c-a2dc-41c8-b686-41784f954613\/NW_raw\/vue-sur-le-centre-ville-de-metz-et-la-cathedrale-photo-anthony-picore-1748884208.jpg\" title=\"Vue sur le centre ville de Metz et la cath\u00e9drale Photo Anthony Picore\" class=\"chocolat-image GA-tracking\" data-ga_type=\"click\" data-ga_category=\"D\u00e9tail\" data-ga_action=\"zoomer\" data-ga_label=\"agrandir image\" target=\"_blank\" rel=\"noopener\">&#13;<br \/>\n            <img loading=\"lazy\" decoding=\"async\" src=\"https:\/\/www.europesays.com\/fr\/wp-content\/uploads\/2025\/06\/1750493414_119_vue-sur-le-centre-ville-de-metz-et-la-cathedrale-photo-anthony-picore-1748884208.jpg\" alt=\"Vue sur le centre ville de Metz et la cath\u00e9drale Photo Anthony Picore\"\/>&#13;<br \/>\n          <\/a>&#13;<br \/>\n          &#13;<\/p>\n<p class=\"insetTitle\">M\u00e9thodologie des donn\u00e9es sur la surchauffe urbaine du Cerema<\/p>\n<p>Cette cartographie nationale des<strong> zones climatiques locales (LCZ)<\/strong> est publi\u00e9e par le Cerema et le Minist\u00e8re de la Transition \u00e9cologique. Ces informations sont disponibles pour les aires urbaines de plus de 50 000 habitants avec comme finalit\u00e9, une aide pour les collectivit\u00e9s face \u00e0 la surchauffe urbaine.<\/p>\n<p>D\u2019o\u00f9 viennent ces donn\u00e9es ?<\/p>\n<p>Ces donn\u00e9es proviennent <strong>d\u2019images satellites \u00e0 tr\u00e8s haute r\u00e9solution spatiale<\/strong>. Pour analyser ces images, une m\u00e9thode scientifique document\u00e9e est mise en place : les zones climatiques locales (LCZ). Elle se base sur diff\u00e9rents indicateurs en lien avec l&rsquo;intensification de l&rsquo;\u00eelot de chaleur : <strong>l&rsquo;occupation du sol, la pr\u00e9sence de v\u00e9g\u00e9tation et d\u2019eau, l&rsquo;implantation et la hauteur des b\u00e2timents.<\/strong><\/p>\n<p>Cette technique permet de <strong>classer chaque quartier\/\u00eelot d\u2019une ville en 17 cat\u00e9gories<\/strong> selon son exposition \u00e0 la surchauffe urbaine (Ensemble de tours, ensemble de maisons, sol imperm\u00e9able, espaces arbor\u00e9s, etc.).<\/p>\n","protected":false},"excerpt":{"rendered":"Votre quartier est-il vuln\u00e9rable face aux fortes chaleurs ? Ce que l\u2019on appelle plus g\u00e9n\u00e9ralement un \u00eelot de&hellip;\n","protected":false},"author":2,"featured_media":192976,"comment_status":"","ping_status":"","sticky":false,"template":"","format":"standard","meta":{"footnotes":""},"categories":[9635],"tags":[1111,11,12163,436,1777,674,1011,27,329,775,230,3457,1702,12,3456,25,273],"class_list":{"0":"post-192975","1":"post","2":"type-post","3":"status-publish","4":"format-standard","5":"has-post-thumbnail","7":"category-nancy","8":"tag-actu","9":"tag-actualites","10":"tag-data","11":"tag-environnement","12":"tag-eu","13":"tag-europe","14":"tag-fr","15":"tag-france","16":"tag-france-monde","17":"tag-grand-est","18":"tag-infographie","19":"tag-meurthe-et-moselle","20":"tag-nancy","21":"tag-news","22":"tag-region-lorraine","23":"tag-republique-francaise","24":"tag-selection-de-la-redaction"},"share_on_mastodon":{"url":"https:\/\/pubeurope.com\/@fr\/114720343992852887","error":""},"_links":{"self":[{"href":"https:\/\/www.europesays.com\/fr\/wp-json\/wp\/v2\/posts\/192975","targetHints":{"allow":["GET"]}}],"collection":[{"href":"https:\/\/www.europesays.com\/fr\/wp-json\/wp\/v2\/posts"}],"about":[{"href":"https:\/\/www.europesays.com\/fr\/wp-json\/wp\/v2\/types\/post"}],"author":[{"embeddable":true,"href":"https:\/\/www.europesays.com\/fr\/wp-json\/wp\/v2\/users\/2"}],"replies":[{"embeddable":true,"href":"https:\/\/www.europesays.com\/fr\/wp-json\/wp\/v2\/comments?post=192975"}],"version-history":[{"count":0,"href":"https:\/\/www.europesays.com\/fr\/wp-json\/wp\/v2\/posts\/192975\/revisions"}],"wp:featuredmedia":[{"embeddable":true,"href":"https:\/\/www.europesays.com\/fr\/wp-json\/wp\/v2\/media\/192976"}],"wp:attachment":[{"href":"https:\/\/www.europesays.com\/fr\/wp-json\/wp\/v2\/media?parent=192975"}],"wp:term":[{"taxonomy":"category","embeddable":true,"href":"https:\/\/www.europesays.com\/fr\/wp-json\/wp\/v2\/categories?post=192975"},{"taxonomy":"post_tag","embeddable":true,"href":"https:\/\/www.europesays.com\/fr\/wp-json\/wp\/v2\/tags?post=192975"}],"curies":[{"name":"wp","href":"https:\/\/api.w.org\/{rel}","templated":true}]}}