{"id":192981,"date":"2025-06-21T08:13:10","date_gmt":"2025-06-21T08:13:10","guid":{"rendered":"https:\/\/www.europesays.com\/fr\/192981\/"},"modified":"2025-06-21T08:13:10","modified_gmt":"2025-06-21T08:13:10","slug":"top-14-face-a-toulon-en-demi-finale-labsence-de-bielle-biarrey-va-compter-pour-bordeaux-begles","status":"publish","type":"post","link":"https:\/\/www.europesays.com\/fr\/192981\/","title":{"rendered":"Top 14 : face \u00e0 Toulon en demi-finale, l&rsquo;absence de Bielle-Biarrey va compter pour Bordeaux-B\u00e8gles"},"content":{"rendered":"<p>Ses chiffres donnent le tournis. <a href=\"https:\/\/www.laprovence.com\/article\/sports\/6814691761671114\/rugby-le-francais-louis-bielle-biarrey-elu-meilleur-joueur-du-tournoi-des-six-nations-2025\" target=\"_blank\" rel=\"noopener\">Et l&rsquo;ampleur du ph\u00e9nom\u00e8ne. Cette saison, Louis Bielle-Biarrey a inscrit la bagatelle de 33 essais,<\/a> toutes comp\u00e9titions confondues\u00a0! 13 en Top 14, soit le meilleur total, mais en seulement 15 matches jou\u00e9s (sur 26 possibles)\u00a0; 8 en 6 matches de Champions Cup &#8211; dont un en finale face \u00e0 Northampton -, 8 aussi en seulement 5 matches du Tournoi avec les Bleus, avec au passage un doubl\u00e9 \u00e0 Dublin contre l&rsquo;Irlande, et 4 autres lors des tests de novembre, dont un contre la Nouvelle-Z\u00e9lande. Du haut de ses 22\u00a0ans, l&rsquo;ailier affole les statistiques en m\u00eame temps que les d\u00e9fenses, aucune ne semblant en mesure de pouvoir lui r\u00e9sister.<\/p>\n<p>\u00c9videmment, quand la nouvelle de son forfait <a href=\"https:\/\/www.laprovence.com\/article\/sports\/99217465343334\/rugby-top-14-outsider-face-a-bordeaux-begles-mais-porte-par-sa-foi-toulon-vise-sa-1re-finale-depuis-2017\" target=\"_blank\" rel=\"noopener\">pour cette demi-finale<\/a> est tomb\u00e9e, cons\u00e9quence d&rsquo;une commotion subie lors de la 26e journ\u00e9e face \u00e0 Vannes (contre qui il a inscrit un doubl\u00e9, faut-il le pr\u00e9ciser\u00a0?), un vent de soulagement a parcouru les rangs toulonnais.\u00a0\u00ab\u00a0Forc\u00e9ment, c&rsquo;est un joueur hyper dangereux, avouait hier Pierre Mignoni. Mais pour moi, ils ne vont pas changer leur philosophie du jeu parce qu&rsquo;il n&rsquo;est pas pr\u00e9sent. C&rsquo;est tout ce qui m&rsquo;int\u00e9resse\u00a0\u00bb.<\/p>\n<p>Avec \u00e9galement le forfait du deuxi\u00e8me ligne Adam Coleman, touch\u00e9 au tendon pectoral lors du stage effectu\u00e9 \u00e0 Capbreton la semaine derni\u00e8re, l&rsquo;UBB devra composer sans deux pi\u00e8ces ma\u00eetresses. Mais peut compter sur un Matthieu Jalibert au sommet de son art. \u00ab\u00a0Il n&rsquo;est pas seul, il aura aussi besoin d&rsquo;un collectif fort, rappelle son comp\u00e8re de la charni\u00e8re, Maxime Lucu. C&rsquo;est toujours pareil\u00a0: si le 8 de devant n&rsquo;est pas bon avant lui, ce sera dur pour Matthieu de jouer son meilleur rugby\u00a0\u00bb. Aux avants toulonnais de faire en sorte de lui compliquer la vie&#8230;<\/p>\n","protected":false},"excerpt":{"rendered":"Ses chiffres donnent le tournis. Et l&rsquo;ampleur du ph\u00e9nom\u00e8ne. Cette saison, Louis Bielle-Biarrey a inscrit la bagatelle de&hellip;\n","protected":false},"author":2,"featured_media":192982,"comment_status":"","ping_status":"","sticky":false,"template":"","format":"standard","meta":{"footnotes":""},"categories":[9619],"tags":[17,1111,11,33188,11170,1777,674,2823,1011,27,33187,12,882,25,479,60,3030,2310],"class_list":{"0":"post-192981","1":"post","2":"type-post","3":"status-publish","4":"format-standard","5":"has-post-thumbnail","7":"category-toulon","8":"tag-17","9":"tag-actu","10":"tag-actualites","11":"tag-bielle-biarrey","12":"tag-demi-finale","13":"tag-eu","14":"tag-europe","15":"tag-face","16":"tag-fr","17":"tag-france","18":"tag-labsence","19":"tag-news","20":"tag-provence-alpes-cote-dazur","21":"tag-republique-francaise","22":"tag-rugby","23":"tag-sports","24":"tag-top","25":"tag-toulon"},"share_on_mastodon":{"url":"https:\/\/pubeurope.com\/@fr\/114720355469512295","error":""},"_links":{"self":[{"href":"https:\/\/www.europesays.com\/fr\/wp-json\/wp\/v2\/posts\/192981","targetHints":{"allow":["GET"]}}],"collection":[{"href":"https:\/\/www.europesays.com\/fr\/wp-json\/wp\/v2\/posts"}],"about":[{"href":"https:\/\/www.europesays.com\/fr\/wp-json\/wp\/v2\/types\/post"}],"author":[{"embeddable":true,"href":"https:\/\/www.europesays.com\/fr\/wp-json\/wp\/v2\/users\/2"}],"replies":[{"embeddable":true,"href":"https:\/\/www.europesays.com\/fr\/wp-json\/wp\/v2\/comments?post=192981"}],"version-history":[{"count":0,"href":"https:\/\/www.europesays.com\/fr\/wp-json\/wp\/v2\/posts\/192981\/revisions"}],"wp:featuredmedia":[{"embeddable":true,"href":"https:\/\/www.europesays.com\/fr\/wp-json\/wp\/v2\/media\/192982"}],"wp:attachment":[{"href":"https:\/\/www.europesays.com\/fr\/wp-json\/wp\/v2\/media?parent=192981"}],"wp:term":[{"taxonomy":"category","embeddable":true,"href":"https:\/\/www.europesays.com\/fr\/wp-json\/wp\/v2\/categories?post=192981"},{"taxonomy":"post_tag","embeddable":true,"href":"https:\/\/www.europesays.com\/fr\/wp-json\/wp\/v2\/tags?post=192981"}],"curies":[{"name":"wp","href":"https:\/\/api.w.org\/{rel}","templated":true}]}}