{"id":192983,"date":"2025-06-21T08:14:14","date_gmt":"2025-06-21T08:14:14","guid":{"rendered":"https:\/\/www.europesays.com\/fr\/192983\/"},"modified":"2025-06-21T08:14:14","modified_gmt":"2025-06-21T08:14:14","slug":"quels-lieux-restent-accessibles-pendant-les-pics-de-chaleur","status":"publish","type":"post","link":"https:\/\/www.europesays.com\/fr\/192983\/","title":{"rendered":"quels lieux restent accessibles pendant les pics de chaleur\u00a0?"},"content":{"rendered":"<p>            Par<br \/>\n        <strong><br \/>\n            <a href=\"https:\/\/actu.fr\/auteur\/metropoop\" title=\"Consulter tous les articles de R\u00e9daction M\u00e9tropolitain\" rel=\"nofollow noopener\" target=\"_blank\">R\u00e9daction M\u00e9tropolitain<\/a><br \/>\n        <\/strong><\/p>\n<p>        Publi\u00e9 le<\/p>\n<p>            21 juin 2025 \u00e0 9h29        <\/p>\n<p><strong>Chaque \u00e9t\u00e9<\/strong>, les vagues de chaleur frappent plus fort. Le changement climatique rend ces \u00e9pisodes plus pr\u00e9coces, plus longs, et plus fr\u00e9quents. En France, les \u00e9t\u00e9s 2019, 2020, 2022 et 2023 ont d\u00e9j\u00e0 battu des records. Dans l\u2019H\u00e9rault, la vigilance se d\u00e9clenche d\u00e8s que les temp\u00e9ratures d\u00e9passent <strong>35 \u00b0C le jour<\/strong> et ne redescendent pas sous <strong>22 \u00b0C la nuit<\/strong>, pendant trois jours cons\u00e9cutifs. Le dispositif national de vigilance m\u00e9t\u00e9orologique, actif du 1er juin au 15 septembre, permet d\u2019anticiper les risques pour la population. Il s\u2019agit avant tout de pr\u00e9venir les cons\u00e9quences sanitaires li\u00e9es \u00e0 la chaleur.<\/p>\n<p class=\" wall-content\">\u00c0 Montpellier, la Ville prend la menace au s\u00e9rieux. La canicule fait d\u00e9sormais partie int\u00e9grante du Plan communal de sauvegarde, au m\u00eame titre que les inondations. Ce plan s\u2019appuie sur les services de s\u00e9curit\u00e9 civile et le dispositif ORSEC, en lien avec les services municipaux, le CCAS et la M\u00e9tropole. Le but : mettre en \u0153uvre des solutions concr\u00e8tes pour prot\u00e9ger tous les habitants, et plus particuli\u00e8rement les personnes \u00e2g\u00e9es, isol\u00e9es ou en situation de handicap.<\/p>\n<p>Des lieux frais pour souffler en ville<\/p>\n<p class=\" wall-content\">Pendant la saison estivale, plusieurs lieux accueillent les habitants pour leur permettre de se rafra\u00eechir. Clubs de l\u2019\u00e2ge d\u2019or, mus\u00e9es, m\u00e9diath\u00e8ques, piscines, cin\u00e9mas, b\u00e2timents administratifs\u2026 Tous offrent quelques heures de r\u00e9pit au frais. Si la canicule passe au niveau orange ou rouge, le maire peut d\u00e9cider d\u2019ouvrir certains \u00e9tablissements plus longtemps, voire les week-ends. Une carte en ligne r\u00e9pertorie tous ces endroits. Elle indique aussi les points d\u2019eau potable, les fontaines et les parcs, autant de refuges en pleine chaleur.<\/p>\n<p class=\" wall-content\">Mieux vaut pr\u00e9venir que gu\u00e9rir. La Ville propose <a href=\"https:\/\/www.montpellier.fr\/vie-quotidienne\/vivre-ici\/urgences-securite-et-prevention\/je-me-prepare-a-une-situation-d-urgence\/connaitre-les-moyens-d-informations-et-d-alerte\" rel=\"nofollow noopener\" target=\"_blank\">un service gratuit de t\u00e9l\u00e9alerte<\/a>. En s\u2019y inscrivant, les habitants re\u00e7oivent des SMS en cas de d\u00e9clenchement d\u2019une alerte canicule. Autre ressource utile : la plateforme nationale Info Service Canicule, accessible au<strong> 0 800 06 66 66<\/strong>. Elle d\u00e9livre des conseils simples tous les jours,<strong> de 9h \u00e0 19h<\/strong>. Le site de M\u00e9t\u00e9o France permet \u00e9galement de suivre en temps r\u00e9el <a href=\"https:\/\/vigilance.meteofrance.fr\/fr\" rel=\"nofollow noopener\" target=\"_blank\">la carte de vigilance<\/a>. Boire r\u00e9guli\u00e8rement, rester \u00e0 l\u2019ombre, \u00e9viter les efforts physiques aux heures les plus chaudes : des gestes simples \u00e0 adopter. A\u00e9rer la nuit, fermer les volets le jour, porter des v\u00eatements l\u00e9gers et manger frais compl\u00e8tent la liste.<\/p>\n<p>Un registre pour les plus vuln\u00e9rables<\/p>\n<p class=\" wall-content\">Chaque \u00e9t\u00e9, le CCAS met \u00e0 jour un registre des personnes vuln\u00e9rables. Il s\u2019adresse aux personnes \u00e2g\u00e9es de plus de 65 ans ou aux adultes handicap\u00e9s vivant \u00e0 domicile. L\u2019inscription permet aux services sociaux d\u2019intervenir rapidement en cas d\u2019alerte. Les inscrits re\u00e7oivent des appels de courtoisie tout au long de l\u2019\u00e9t\u00e9. Ces appels sont assur\u00e9s par des agents du CCAS ou des b\u00e9n\u00e9voles de la R\u00e9serve communale de s\u00e9curit\u00e9 civile. Ils permettent de maintenir un lien, de rompre l\u2019isolement et de rappeler les bons gestes.<\/p>\n<p>Vid\u00e9os : en ce moment sur Actu<\/p>\n<p class=\" wall-content\">La d\u00e9marche peut se faire <a href=\"http:\/\/www.montpellier.fr\/registre-personnes-vulnerables\" rel=\"nofollow noopener\" target=\"_blank\">en ligne<\/a>, par t\u00e9l\u00e9phone au <strong>04 99 52 77 99<\/strong>, par courrier, par mail \u00e0 <a href=\"http:\/\/actu.fr\/cdn-cgi\/l\/email-protection#0f6c6e61666c7a636a4f6260617b7f6a6363666a7d21697d\" rel=\"nofollow noopener\" target=\"_blank\">[email\u00a0protected]<\/a>\u00a0ou directement \u00e0 l\u2019accueil du CCAS. Aucun justificatif n\u2019est demand\u00e9, mais l\u2019inscription doit \u00eatre renouvel\u00e9e chaque ann\u00e9e. Toute personne peut inscrire un proche, avec son accord.<\/p>\n<p>Clubs de l\u2019\u00e2ge d\u2019or : des refuges accessibles \u00e0 tous<\/p>\n<p class=\" wall-content\"><strong>Du 7 juillet au 29 ao\u00fbt<\/strong>, plusieurs clubs climatis\u00e9s ouvrent leurs portes aux personnes vuln\u00e9rables. De 10h \u00e0 18h, chacun peut y trouver un moment de fra\u00eecheur. En juillet, les clubs d\u2019Aiguelongue, Antonin Balm\u00e8s, Jacqueline B\u00e9gin, Docteur Bonnet, Jeanne Galzy, Baroncelli, Lemasson et Paul Boulet sont ouverts. En ao\u00fbt, ce sont ceux de Jacqueline Maillan, Docteur Bonnet, La Cavalerie, Le Lac, Laure Moulin, Vincent Scotto et Paul Val\u00e9ry. En cas de vigilance orange, certains clubs restent \u00e9galement ouverts le week-end. En juillet : Docteur Bonnet, Baroncelli et Lemasson. En ao\u00fbt : Docteur Bonnet, Le Lac et Jacqueline Maillan.<\/p>\n<p class=\" wall-content\">Les sept EHPAD du CCAS d\u00e9clenchent le plan bleu d\u00e8s l\u2019alerte canicule. Cela implique une r\u00e9organisation des \u00e9quipes, une surveillance accrue et l\u2019adoption de mesures sp\u00e9cifiques. Chaque \u00e9tablissement est renforc\u00e9 par deux agents suppl\u00e9mentaires durant juillet et ao\u00fbt. Les r\u00e9sidents peuvent rester dans les pi\u00e8ces communes climatis\u00e9es pendant les heures les plus chaudes. Les volets sont maintenus ferm\u00e9s en journ\u00e9e, et les fen\u00eatres ouvertes la nuit pour ventiler. L\u2019hydratation est une priorit\u00e9 : distribution d\u2019eau, mise \u00e0 disposition de brumisateurs, boissons propos\u00e9es lors des animations. Les repas sont adapt\u00e9s avec des plats plus l\u00e9gers.<\/p>\n<p><strong>&gt;<\/strong> Plus d\u2019informations sur <a href=\"https:\/\/sante.gouv.fr\/\" rel=\"nofollow noopener\" target=\"_blank\">https:\/\/sante.gouv.fr\/<\/a><\/p>\n<p class=\" wall-content\">Suivez toute l\u2019actualit\u00e9 de vos villes et m\u00e9dias favoris en vous inscrivant \u00e0 <a href=\"https:\/\/moncompte.actu.fr\" title=\"D\u00e9couvez Mon Actu\" rel=\"nofollow noopener\" data-trk=\"{&quot;cta&quot;:{&quot;action&quot;:&quot;https:\\\/\\\/moncompte.actu.fr&quot;,&quot;category&quot;:&quot;mon compte&quot;,&quot;from&quot;:&quot;article footer&quot;,&quot;name&quot;:&quot;Mon actu&quot;,&quot;type&quot;:&quot;cta&quot;}}\" target=\"_blank\">Mon Actu<\/a>.<\/p>\n","protected":false},"excerpt":{"rendered":"Par R\u00e9daction M\u00e9tropolitain Publi\u00e9 le 21 juin 2025 \u00e0 9h29 Chaque \u00e9t\u00e9, les vagues de chaleur frappent plus&hellip;\n","protected":false},"author":2,"featured_media":192984,"comment_status":"","ping_status":"","sticky":false,"template":"","format":"standard","meta":{"footnotes":""},"categories":[9599],"tags":[1111,11,6698,1777,674,1011,27,2487,2208,12,2680,25,71,15637],"class_list":{"0":"post-192983","1":"post","2":"type-post","3":"status-publish","4":"format-standard","5":"has-post-thumbnail","7":"category-montpellier","8":"tag-actu","9":"tag-actualites","10":"tag-canicule","11":"tag-eu","12":"tag-europe","13":"tag-fr","14":"tag-france","15":"tag-meteo","16":"tag-montpellier","17":"tag-news","18":"tag-occitanie","19":"tag-republique-francaise","20":"tag-sante","21":"tag-vague-de-chaleur"},"share_on_mastodon":{"url":"https:\/\/pubeurope.com\/@fr\/114720359444523497","error":""},"_links":{"self":[{"href":"https:\/\/www.europesays.com\/fr\/wp-json\/wp\/v2\/posts\/192983","targetHints":{"allow":["GET"]}}],"collection":[{"href":"https:\/\/www.europesays.com\/fr\/wp-json\/wp\/v2\/posts"}],"about":[{"href":"https:\/\/www.europesays.com\/fr\/wp-json\/wp\/v2\/types\/post"}],"author":[{"embeddable":true,"href":"https:\/\/www.europesays.com\/fr\/wp-json\/wp\/v2\/users\/2"}],"replies":[{"embeddable":true,"href":"https:\/\/www.europesays.com\/fr\/wp-json\/wp\/v2\/comments?post=192983"}],"version-history":[{"count":0,"href":"https:\/\/www.europesays.com\/fr\/wp-json\/wp\/v2\/posts\/192983\/revisions"}],"wp:featuredmedia":[{"embeddable":true,"href":"https:\/\/www.europesays.com\/fr\/wp-json\/wp\/v2\/media\/192984"}],"wp:attachment":[{"href":"https:\/\/www.europesays.com\/fr\/wp-json\/wp\/v2\/media?parent=192983"}],"wp:term":[{"taxonomy":"category","embeddable":true,"href":"https:\/\/www.europesays.com\/fr\/wp-json\/wp\/v2\/categories?post=192983"},{"taxonomy":"post_tag","embeddable":true,"href":"https:\/\/www.europesays.com\/fr\/wp-json\/wp\/v2\/tags?post=192983"}],"curies":[{"name":"wp","href":"https:\/\/api.w.org\/{rel}","templated":true}]}}