{"id":192987,"date":"2025-06-21T08:19:12","date_gmt":"2025-06-21T08:19:12","guid":{"rendered":"https:\/\/www.europesays.com\/fr\/192987\/"},"modified":"2025-06-21T08:19:12","modified_gmt":"2025-06-21T08:19:12","slug":"grenoble-condamne-le-10-juin-dernier-linfluenceur-imad-tintin-a-nouveau-poursuivi","status":"publish","type":"post","link":"https:\/\/www.europesays.com\/fr\/192987\/","title":{"rendered":"Grenoble. Condamn\u00e9 le 10 juin dernier, l\u2019influenceur Imad Tintin \u00e0 nouveau poursuivi"},"content":{"rendered":"<p>Selon nos confr\u00e8res de <a href=\"https:\/\/www.ouest-france.fr\/societe\/justice\/info-ouest-france-linfluenceur-algerien-imadtintin-de-nouveau-place-en-garde-a-vue-39a4e596-4de3-11f0-8eae-d079c596ca40\" target=\"_blank\" rel=\"nofollow noopener\">Ouest France<\/a>, l\u2019influenceur de nationalit\u00e9 alg\u00e9rienne Imad Ould Brahim, connu sous le pseudonyme d\u2019Imad Tintin, a \u00e9t\u00e9 plac\u00e9 en garde \u00e0 vue jeudi 19\u00a0juin dans les locaux de la section de recherches de Grenoble. L\u2019influenceur domicili\u00e9 \u00e0 \u00c9chirolles aurait \u00e9t\u00e9 entendu par les gendarmes au sujet de trois vid\u00e9os publi\u00e9es sur TikTok. Des vid\u00e9os qui mettraient en cause un autre cr\u00e9ateur de contenu, Chawki Benzehra, opposant au r\u00e9gime alg\u00e9rien et install\u00e9 quant \u00e0 lui dans la r\u00e9gion lyonnaise, et qui vaudront \u00e0 Imad Tintin, laiss\u00e9 libre dans la journ\u00e9e de jeudi \u00e0 l\u2019issue de sa garde \u00e0 vue, de r\u00e9pondre de harc\u00e8lement moral, menaces de mort et menaces de crime le 28\u00a0mars\u00a02026 devant le tribunal correctionnel de Paris.<\/p>\n<p>  D\u00e9j\u00e0 condamn\u00e9 le mardi 10 juin<\/p>\n<p>Le 10\u00a0juin dernier, Imad Ould Brahim avait \u00e9t\u00e9 <a href=\"https:\/\/www.ledauphine.com\/faits-divers-justice\/2025\/06\/10\/l-influenceur-algerien-imad-tintin-condamne-a-une-amende-de-450\" target=\"_blank\" rel=\"nofollow noopener\">condamn\u00e9<\/a> par le tribunal correctionnel de Grenoble \u00e0 une amende de 450\u00a0euros pour \u00ab\u00a0menaces de violences\u00a0\u00bb. Le parquet, qui avait requis \u00e0 son encontre une peine de six mois de prison dont quatre mois avec sursis pour \u00ab\u00a0menace de commettre un crime ou un d\u00e9lit contre les personnes\u00a0\u00bb, a fait <a href=\"https:\/\/www.google.com\/url?sa=t&amp;source=web&amp;rct=j&amp;opi=89978449&amp;url=https:\/\/www.ledauphine.com\/faits-divers-justice\/2025\/06\/12\/condamnation-d-imad-tintin-pour-menaces-de-violences-a-450-euros-d-amende-le-parquet-fait-appel&amp;ved=2ahUKEwjg-P7lgoKOAxVGRaQEHce7GNEQFnoECBgQAQ&amp;usg=AOvVaw2YKZ9N-TgXm4OWxvz45RT4\" target=\"_blank\" rel=\"nofollow noopener\">appel<\/a> de cette d\u00e9cision.<\/p>\n<p>En mars\u00a02026, le tribunal correctionnel de Paris devra d\u2019ailleurs d\u00e9terminer si les vid\u00e9os incrimin\u00e9es dans l\u2019affaire qui a donc valu une nouvelle garde \u00e0 vue ce jeudi \u00e0 Imad Ould Brahim ne sont pas les m\u00eames que celles qui avaient justifi\u00e9 la premi\u00e8re proc\u00e9dure devant le tribunal correctionnel de Grenoble ayant abouti \u00e0 sa condamnation du 10\u00a0juin.<\/p>\n<p class=\"note\">Lire l&rsquo;article en int\u00e9gralit\u00e9 sur <a href=\"https:\/\/www.ouest-france.fr\/societe\/justice\/info-ouest-france-linfluenceur-algerien-imadtintin-de-nouveau-place-en-garde-a-vue-39a4e596-4de3-11f0-8eae-d079c596ca40\" target=\"_blank\" rel=\"nofollow noopener\">Ouest France<\/a>.<\/p>\n","protected":false},"excerpt":{"rendered":"Selon nos confr\u00e8res de Ouest France, l\u2019influenceur de nationalit\u00e9 alg\u00e9rienne Imad Ould Brahim, connu sous le pseudonyme d\u2019Imad&hellip;\n","protected":false},"author":2,"featured_media":192988,"comment_status":"","ping_status":"","sticky":false,"template":"","format":"standard","meta":{"footnotes":""},"categories":[9566],"tags":[1111,11,2430,271,272,112,1777,674,274,107,1011,27,2731,2732,108,12,25],"class_list":{"0":"post-192987","1":"post","2":"type-post","3":"status-publish","4":"format-standard","5":"has-post-thumbnail","7":"category-grenoble","8":"tag-actu","9":"tag-actualites","10":"tag-auvergne-rhone-alpes","11":"tag-crime","12":"tag-delit-et-contravention","13":"tag-edition-grenoble-agglomeration","14":"tag-eu","15":"tag-europe","16":"tag-faits-divers-justice","17":"tag-fil-info","18":"tag-fr","19":"tag-france","20":"tag-grenoble","21":"tag-grenoble-bassin","22":"tag-isere","23":"tag-news","24":"tag-republique-francaise"},"share_on_mastodon":{"url":"https:\/\/pubeurope.com\/@fr\/114720379075263629","error":""},"_links":{"self":[{"href":"https:\/\/www.europesays.com\/fr\/wp-json\/wp\/v2\/posts\/192987","targetHints":{"allow":["GET"]}}],"collection":[{"href":"https:\/\/www.europesays.com\/fr\/wp-json\/wp\/v2\/posts"}],"about":[{"href":"https:\/\/www.europesays.com\/fr\/wp-json\/wp\/v2\/types\/post"}],"author":[{"embeddable":true,"href":"https:\/\/www.europesays.com\/fr\/wp-json\/wp\/v2\/users\/2"}],"replies":[{"embeddable":true,"href":"https:\/\/www.europesays.com\/fr\/wp-json\/wp\/v2\/comments?post=192987"}],"version-history":[{"count":0,"href":"https:\/\/www.europesays.com\/fr\/wp-json\/wp\/v2\/posts\/192987\/revisions"}],"wp:featuredmedia":[{"embeddable":true,"href":"https:\/\/www.europesays.com\/fr\/wp-json\/wp\/v2\/media\/192988"}],"wp:attachment":[{"href":"https:\/\/www.europesays.com\/fr\/wp-json\/wp\/v2\/media?parent=192987"}],"wp:term":[{"taxonomy":"category","embeddable":true,"href":"https:\/\/www.europesays.com\/fr\/wp-json\/wp\/v2\/categories?post=192987"},{"taxonomy":"post_tag","embeddable":true,"href":"https:\/\/www.europesays.com\/fr\/wp-json\/wp\/v2\/tags?post=192987"}],"curies":[{"name":"wp","href":"https:\/\/api.w.org\/{rel}","templated":true}]}}