{"id":192989,"date":"2025-06-21T08:20:14","date_gmt":"2025-06-21T08:20:14","guid":{"rendered":"https:\/\/www.europesays.com\/fr\/192989\/"},"modified":"2025-06-21T08:20:14","modified_gmt":"2025-06-21T08:20:14","slug":"pro-d2-fcg-blesses-reprise-et-matches-amicaux-les-dernieres-infos-de-la-saison","status":"publish","type":"post","link":"https:\/\/www.europesays.com\/fr\/192989\/","title":{"rendered":"Pro D2. FCG : bless\u00e9s, reprise et matches amicaux&#8230; les derni\u00e8res infos de la saison"},"content":{"rendered":"<p>  Trois convalescents<\/p>\n<p>Ils ont disput\u00e9 la phase finale 2024-2025, mais pas jusqu\u2019au bout car une blessure les a frein\u00e9s. Ces joueurs passeront une partie de leur \u00e9t\u00e9 \u00e0 se soigner. Le pilier Tommy Raynaud, touch\u00e9 au bras gauche <a href=\"https:\/\/www.ledauphine.com\/sport\/2025\/06\/14\/le-fcg-s-incline-de-deux-points-contre-l-usap-et-echoue-une-nouvelle-fois-a-monter-en-top-14\" target=\"_blank\" title=\"rugbt T14 Access match 2025\" rel=\"noopener\">lors du Top 14 Access match face \u00e0 Perpignan<\/a> (11-13), a \u00e9t\u00e9 op\u00e9r\u00e9 en d\u00e9but de semaine du radius. Il sera en convalescence jusqu\u2019\u00e0 la deuxi\u00e8me partie de juillet.<\/p>\n<p>De m\u00eame pour l\u2019ailier Gerswin Mouton, victime d\u2019une fissure du plancher tibial <a href=\"https:\/\/www.ledauphine.com\/sport\/2025\/06\/07\/nouvelle-desillusion-pour-le-fcg-qui-perd-une-troisieme-fois-de-suite-en-finale\" target=\"_blank\" title=\"rugby finale Pro D2 2025\" rel=\"noopener\">en finale contre Montauban<\/a> (19-24), et pour le 2e\/3e ligne Jos\u00e9 Madeira, stopp\u00e9 par une d\u00e9chirure de la vo\u00fbte plantaire <a href=\"https:\/\/www.ledauphine.com\/sport\/2025\/05\/29\/ultra-dominateur-le-fcg-fait-tomber-provence-et-file-en-finale\" target=\"_blank\" title=\"rugby Pro D2 2025 D-F FCG vs Provence\" rel=\"noopener\">en demi-finale contre Provence<\/a> (38-17). Contraints d\u2019utiliser des b\u00e9quilles suite \u00e0 leur blessure, ils ne passeront pas par la case op\u00e9ration\u00a0; mais ne pourront pas recourir avant plusieurs semaines.<\/p>\n<p>  Des internationaux sur le pont<\/p>\n<p>Le Portugais Madeira et le Namibien Mouton auraient pu jouer cet \u00e9t\u00e9 avec leur s\u00e9lection respective\u00a0; \u00e7a ne sera pas le cas.<\/p>\n<p>En revanche, trois de leurs co\u00e9quipiers honoreront bien leur convocation : les G\u00e9orgiens Giorgi Javakhia et Giorgi Kveseladze, appel\u00e9s \u00e0 affronter l\u2019Irlande et l\u2019Afrique du Sud avec les \u201cLelos\u201d\u00a0; et le Namibien Richard Hardwick, convoqu\u00e9 avec les \u201cWelwitschias\u201d pour la Coupe d\u2019Afrique des Nations, avec huit \u00e9quipes engag\u00e9es pour d\u00e9crocher un ticket \u00e0 la Coupe du monde 2027.<\/p>\n<p>  Reprise et matches amicaux<\/p>\n<p>Le staff du FCG-rugby a fix\u00e9 au jeudi 17\u00a0juillet la reprise des entra\u00eenements. Avant le d\u00e9but du championnat de Pro D2 (jeudi\u00a028 ou vendredi 29\u00a0ao\u00fbt), les Rouge et bleu devraient disputer deux matches amicaux, contre des adversaires de Pro D2 qui restent \u00e0 d\u00e9terminer.<\/p>\n<p>  Des Amazones chez les Bleues<\/p>\n<p>Comme l\u2019\u00e9t\u00e9 dernier, l\u2019\u00e9quipe de France f\u00e9minine -20 ans disputera les Summer Nations Series (du 5 au 11\u00a0juillet au Pays de Galles), face aux cinq autres \u00e9quipes du VI Nations.<\/p>\n<p>L\u2019encadrement des Bleuettes a retenu un groupe de trente filles, dont quatre des Amazones du FCG\u00a0: Siobhan Soqeta (pili\u00e8re), Justine Ogier (n\u00b09), Faustine Piscicelli (trois-quarts) et Aneymone Talalua (centre). Elles rejoindront leur ex-co\u00e9quipi\u00e8re de club, la pili\u00e8re gauche Makarita Baleinadogo (d\u00e9sormais au Stade Bordelais).<\/p>\n","protected":false},"excerpt":{"rendered":"Trois convalescents Ils ont disput\u00e9 la phase finale 2024-2025, mais pas jusqu\u2019au bout car une blessure les a&hellip;\n","protected":false},"author":2,"featured_media":192990,"comment_status":"","ping_status":"","sticky":false,"template":"","format":"standard","meta":{"footnotes":""},"categories":[9566],"tags":[1111,11,2430,112,113,114,1777,674,2727,1701,1011,27,2731,2732,108,1985,12,2308,25,479,517],"class_list":{"0":"post-192989","1":"post","2":"type-post","3":"status-publish","4":"format-standard","5":"has-post-thumbnail","7":"category-grenoble","8":"tag-actu","9":"tag-actualites","10":"tag-auvergne-rhone-alpes","11":"tag-edition-grenoble-agglomeration","12":"tag-edition-gresivaudan-oisans","13":"tag-edition-voiron-saint-marcellin","14":"tag-eu","15":"tag-europe","16":"tag-fcg-fc-grenoble-rugby","17":"tag-fil-info-sport","18":"tag-fr","19":"tag-france","20":"tag-grenoble","21":"tag-grenoble-bassin","22":"tag-isere","23":"tag-metropole-de-grenoble","24":"tag-news","25":"tag-pro-d2","26":"tag-republique-francaise","27":"tag-rugby","28":"tag-sport"},"share_on_mastodon":{"url":"https:\/\/pubeurope.com\/@fr\/114720382856981899","error":""},"_links":{"self":[{"href":"https:\/\/www.europesays.com\/fr\/wp-json\/wp\/v2\/posts\/192989","targetHints":{"allow":["GET"]}}],"collection":[{"href":"https:\/\/www.europesays.com\/fr\/wp-json\/wp\/v2\/posts"}],"about":[{"href":"https:\/\/www.europesays.com\/fr\/wp-json\/wp\/v2\/types\/post"}],"author":[{"embeddable":true,"href":"https:\/\/www.europesays.com\/fr\/wp-json\/wp\/v2\/users\/2"}],"replies":[{"embeddable":true,"href":"https:\/\/www.europesays.com\/fr\/wp-json\/wp\/v2\/comments?post=192989"}],"version-history":[{"count":0,"href":"https:\/\/www.europesays.com\/fr\/wp-json\/wp\/v2\/posts\/192989\/revisions"}],"wp:featuredmedia":[{"embeddable":true,"href":"https:\/\/www.europesays.com\/fr\/wp-json\/wp\/v2\/media\/192990"}],"wp:attachment":[{"href":"https:\/\/www.europesays.com\/fr\/wp-json\/wp\/v2\/media?parent=192989"}],"wp:term":[{"taxonomy":"category","embeddable":true,"href":"https:\/\/www.europesays.com\/fr\/wp-json\/wp\/v2\/categories?post=192989"},{"taxonomy":"post_tag","embeddable":true,"href":"https:\/\/www.europesays.com\/fr\/wp-json\/wp\/v2\/tags?post=192989"}],"curies":[{"name":"wp","href":"https:\/\/api.w.org\/{rel}","templated":true}]}}